{"id":45529,"date":"2014-02-23T18:26:58","date_gmt":"2014-02-23T17:26:58","guid":{"rendered":"https:\/\/www.freiburg-schwarzwald.de\/blog\/?p=45529"},"modified":"2014-02-23T18:49:43","modified_gmt":"2014-02-23T17:49:43","slug":"wissenschaftler-wandern-aus","status":"publish","type":"post","link":"https:\/\/www.freiburg-schwarzwald.de\/blog\/wissenschaftler-wandern-aus\/","title":{"rendered":"Wissenschaftler wandern aus"},"content":{"rendered":"<p>Immer mehr\u00a0junge <a title=\"Forschung\" href=\"https:\/\/www.freiburg-schwarzwald.de\/blog\/bildung\/forschung\/\">Forscher<\/a> verlassen Deutschland als Folge des Wissenschaftsprekariats &#8211; beunruhigend, da Bildung und<a title=\"Universitaet\" href=\"https:\/\/www.freiburg-schwarzwald.de\/blog\/bildung\/hochschulen\/universitaet\/\"> KnowHow <\/a>die wichtigste Ressource von uns Deutschen ist.\u00a0Eine direkte Folge der wissenschaftspolitischen Entscheidungen der vergangenen Jahre: Die verst\u00e4rkte F\u00f6rderung von<a title=\"Jugend-forscht\" href=\"https:\/\/www.freiburg-schwarzwald.de\/blog\/bildung\/forschung\/jugend-forscht\/\"> Jugend forscht<\/a>,\u00a0Graduiertenschulen, Stipendien und Post-Doc-Stellen hat einerseits f\u00fcr viel guten Nachwuchs gesorgt. Andererseits <!--more-->wurden sowohl feste Stellen im Mittelbau als auch Professorenstellen nicht in dem gleichen Ma\u00dfe erh\u00f6ht, die Generation 30+ wird mit befristeten und schlecht bezahlten Projektstellen abgespeist.<br \/>\n.<\/p>\n<p><strong>Kampf um kluge K\u00f6pfe:\u00a0Wissenschaftler wandern aus Deutschland ab<\/strong><br \/>\nIm weltweiten Wettbewerb um die kl\u00fcgsten K\u00f6pfe weist Deutschland nach SPIEGEL-Informationen nur eine m\u00e4\u00dfige Bilanz auf. Zu diesem Ergebnis kommt die Expertenkommission Forschung und Innovation (EFI) in einem bislang unver\u00f6ffentlichten Gutachten, das sie diese Woche an Bundeskanzlerin Angela Merkel (CDU) \u00fcberreichen wird.\u00a0&#8222;Deutschland verliert viele der besten Wissenschaftler durch Abwanderung. Zwar gibt es R\u00fcckkehrer, jedoch k\u00f6nnen nicht Wissenschaftler gleicher Qualit\u00e4t zur\u00fcckgewonnen werden&#8220;, schreiben die sechs von der Bundesregierung als Berater bestellten Wirtschaftsprofessoren. &#8222;Insbesondere f\u00fcr die Besten scheint das deutsche Forschungssystem derzeit nicht attraktiv genug zu sein&#8220;, kritisieren die EFI-Experten. &#8230;.<br \/>\nAlles vom 23.2.2014 bitte lesen auf<br \/>\n<a href=\"https:\/\/www.spiegel.de\/unispiegel\/jobundberuf\/spiegel-zu-braindrain-wissenschaftler-wandern-ab-a-955141.html\">https:\/\/www.spiegel.de\/unispiegel\/jobundberuf\/spiegel-zu-braindrain-wissenschaftler-wandern-ab-a-955141.html<\/a><br \/>\n.<br \/>\n.<\/p>\n<div><strong>Brain Drain &#8211; Gehirnabfluss<\/strong><br \/>\nDies trifft auch auf die jungen Existenzgr\u00fcnder zu. Wer schaffen m\u00f6chte der sollte von der Gesellschaft auf H\u00e4nden getragen werden. Statt dessen wird er schon ausgenommen von Zwangskammerbeitr\u00e4gen, Gewerbe\u00e4mtern, Sozialversicherungs und Rentenkasssen dem Finanzamt mit Umsatzsteuervoraussch\u00e4tzungen. Banken verlangen die Rente der Oma als Sicherheiten und Geld von der KfW gibt es nur f\u00fcr chinesische Biogasanlagen in Schweinst\u00e4llen. Wer gut ist haut ab, wer weniger gut ist arbeitet schwarz und die Abwandernden werden ja durch Fachkr\u00e4fte sowie Sozialsystemseinwanderer aus Rum\u00e4nien und Bulgarien zahlenm\u00e4\u00dfig mehrfach ersetzt.<br \/>\n23.2.2014, Rudi Lechtenbring<\/div>\n","protected":false},"excerpt":{"rendered":"<p>Immer mehr\u00a0junge Forscher verlassen Deutschland als Folge des Wissenschaftsprekariats &#8211; beunruhigend, da Bildung und KnowHow die wichtigste Ressource von uns Deutschen ist.\u00a0Eine direkte Folge der wissenschaftspolitischen Entscheidungen der vergangenen Jahre: Die verst\u00e4rkte F\u00f6rderung von Jugend forscht,\u00a0Graduiertenschulen, Stipendien und Post-Doc-Stellen hat &hellip; <a href=\"https:\/\/www.freiburg-schwarzwald.de\/blog\/wissenschaftler-wandern-aus\/\">Weiterlesen <span class=\"meta-nav\">&rarr;<\/span><\/a><\/p>\n","protected":false},"author":2,"featured_media":0,"comment_status":"open","ping_status":"closed","sticky":false,"template":"","format":"standard","meta":{"footnotes":""},"categories":[18,52,317],"tags":[738,585,338,504],"class_list":["post-45529","post","type-post","status-publish","format-standard","hentry","category-bildung","category-einewelt","category-forschung","tag-forschung","tag-schule","tag-uni","tag-weiterbildung"],"_links":{"self":[{"href":"https:\/\/www.freiburg-schwarzwald.de\/blog\/wp-json\/wp\/v2\/posts\/45529","targetHints":{"allow":["GET"]}}],"collection":[{"href":"https:\/\/www.freiburg-schwarzwald.de\/blog\/wp-json\/wp\/v2\/posts"}],"about":[{"href":"https:\/\/www.freiburg-schwarzwald.de\/blog\/wp-json\/wp\/v2\/types\/post"}],"author":[{"embeddable":true,"href":"https:\/\/www.freiburg-schwarzwald.de\/blog\/wp-json\/wp\/v2\/users\/2"}],"replies":[{"embeddable":true,"href":"https:\/\/www.freiburg-schwarzwald.de\/blog\/wp-json\/wp\/v2\/comments?post=45529"}],"version-history":[{"count":0,"href":"https:\/\/www.freiburg-schwarzwald.de\/blog\/wp-json\/wp\/v2\/posts\/45529\/revisions"}],"wp:attachment":[{"href":"https:\/\/www.freiburg-schwarzwald.de\/blog\/wp-json\/wp\/v2\/media?parent=45529"}],"wp:term":[{"taxonomy":"category","embeddable":true,"href":"https:\/\/www.freiburg-schwarzwald.de\/blog\/wp-json\/wp\/v2\/categories?post=45529"},{"taxonomy":"post_tag","embeddable":true,"href":"https:\/\/www.freiburg-schwarzwald.de\/blog\/wp-json\/wp\/v2\/tags?post=45529"}],"curies":[{"name":"wp","href":"https:\/\/api.w.org\/{rel}","templated":true}]}}