{"id":45486,"date":"2014-02-20T21:33:24","date_gmt":"2014-02-20T20:33:24","guid":{"rendered":"https:\/\/www.freiburg-schwarzwald.de\/blog\/?p=45486"},"modified":"2014-02-20T21:33:24","modified_gmt":"2014-02-20T20:33:24","slug":"cafe-miteinander-in-stegen-neu","status":"publish","type":"post","link":"https:\/\/www.freiburg-schwarzwald.de\/blog\/cafe-miteinander-in-stegen-neu\/","title":{"rendered":"Cafe Miteinander in Stegen neu"},"content":{"rendered":"<p style=\"padding-left: 30px;\">Schon vor Jahren hat sich in Stegen der<a title=\"Miteinander-Stegen\" href=\"https:\/\/www.freiburg-schwarzwald.de\/blog\/vereine\/hilfe\/miteinander-stegen\/\"> Verein \u201eMiteinander Stegen<\/a>\u201c gegr\u00fcndet, der sich vor allem um die Bed\u00fcrfnisse von <a title=\"Senioren\" href=\"https:\/\/www.freiburg-schwarzwald.de\/blog\/selbsthilfe\/senioren\/\">Senioren<\/a> k\u00fcmmert. Aus der Organisation heraus ist jetzt ein Ort der Begegnungen entstanden.\u00a0 Mit Livemusik und einem Sektempfang wurde das \u201e<a title=\"Cafe\" href=\"https:\/\/www.freiburg-schwarzwald.de\/blog\/tourismus\/gastro\/cafe\/\">Cafe<\/a> Miteinander\u201c\u00a0 vor wenigen Tagen\u00a0seiner Bestimmung \u00fcbergeben. <!--more--><\/p>\n<p style=\"padding-left: 30px;\">\u201eWir sind ein offenes Haus. Bringen sie Bekannte oder Freunde einfach mit\u201c, sagte\u00a0 Brigitte Schork vom\u00a0 Verein \u201eMiteinander Stegen\u201c bei der Einweihung\u00a0 vom \u201eCafe Miteinander \u201c\u00a0 in der Seniorenwohnanlage beim\u00a0 Wohngebiet Stockacker. Die 50-J\u00e4hrige Ern\u00e4hrungswissenschaftlerin mit Erfahrung in der Altenpflege und Nachbarschaftshilfe leitet\u00a0 seit\u00a0 einem halben Jahr das Netzwerkb\u00fcro der im Aufbau befindlichen Organisation. \u201eBei uns ist niemand verpflichtet etwas zu konsumieren. Das Begegnungscafe ist kein kommerzielles Angebot\u201c, betont Schork. Um zu verhindern, dass eine Konkurrenz-Situation zu dem in der N\u00e4he befindlichen Tagescafe entsteht, habe man sich bewusst f\u00fcr den Montagnachmittag entschieden. \u201eWeil an diesem Tag das\u00a0 andere Cafe geschlossen ist \u201c, so Schork. Der mit Pflanzen, Sitzecke und gem\u00fctlichem Sofa ausgestaltete\u00a0 Veranstaltungsraum im Erdgeschoss der Seniorenwohnanlage\u00a0 ist\u00a0 jeweils am Montag\u00a0 zwischen 14.30 Uhr und 17 Uhr ge\u00f6ffnet. Dort\u00a0 haben\u00a0 Besucher ab sofort die Gelegenheit, bei Cafe und Kuchen (Beides f\u00fcr 2,50 Euro)\u00a0 miteinander ins Gespr\u00e4ch zu kommen. \u201eWer ins Cafe kommt bleibt nicht allein. Ehrenamtliche Mitarbeiter werden sich um die Besucher\u00a0 k\u00fcmmern\u201c, verspricht Schork, die\u00a0 mit der\u00a0 Leitung der 46 Wohneinheiten umfassenden Seniorenanlage\u00a0 kooperiert. Dass dies nicht von heute auf morgen geschieht\u00a0 und\u00a0 m\u00f6glicherweise Hemmschwellen zu \u00fcberwinden sein werden\u00a0 ist sich Peter Krimmel, Arzt mit\u00a0 Praxis in Stegen, im Klaren. . \u201eMittelfristig sollte es gelingen, dass im Begegnungscafe die Bewohner der Seniorenanlage mit\u00a0 Menschen von au\u00dferhalb in Kontakt kommen\u201c, so die Vision des Mediziners, der sich seit Jahren ehrenamtlich bei \u201eMiteinander Stegen\u201c engagiert.\u00a0 Unter den \u00fcber 30 G\u00e4sten der Er\u00f6ffnungsfeier befand sich auch Peter Kosel.\u00a0 Der 72-J\u00e4hrige wohnt seit \u00fcber 30 Jahren in Stegen und erhofft sich, im Begegnungscafe Gleichgesinnte zu finden, die mit ihm\u00a0 Schach oder Skat spielen. Helene Roeder-Wunderlich (80 Jahre) , die vor 15 Jahren als eine der ersten Bewohnerinnen in die Anlage zog, geht davon aus, dass das Cafe \u201eMiteinander\u201c\u00a0 seinem Namen gerecht wird und sich M\u00f6glichkeiten f\u00fcr neue Freundschaften\u00a0 auftun.\u00a0 \u00c4hnlich geht es auch Gisela R\u00f6mer (77 Jahre), die dort seit zwei Jahren mit ihrem Mann\u00a0 wohnt.\u00a0 Obwohl das Paar och\u00a0\u00a0 mobil ist und sich mit dem eigenen Auto fortbewegen kann bereuen sie es nicht,\u00a0 von einer ger\u00e4umigen Freiburger Wohnung im zweiten Stock\u00a0 &#8211; ohne Aufzug-\u00a0 in ein barrierefreies\u00a0\u00a0 Zwei-Zimmer-Appartement nach Stegen gezogen zu sein. \u201eSo einen Schritt muss man fr\u00fchzeitig machen\u201c, betont Gisela R\u00f6mer, die das Angebot\u00a0 als\u00a0 willkommene\u00a0 Gelegenheit zum Kn\u00fcpfen weiterer sozialer\u00a0\u00a0 Kontakte\u00a0 begr\u00fc\u00dft.\u00a0 Jochen Kandziorra, Caritas-Chef im Landkreis Breisgau-Hochschwarzwald und\u00a0 \u201eHausherr\u201c im\u00a0 Begegnungscafe, unterst\u00fctzt das ehrenamtliche Engagement von \u201eMiteinander Stegen\u201c.\u00a0 Im Gespr\u00e4ch mit dem Dreisamt\u00e4ler\u00a0 machte er keinen Hehl daraus, dass k\u00fcnftig aufgrund ver\u00e4nderter Familien- und Gesellschaftstrukturen immer\u00a0 mehr Senioren\u00a0 allein leben werden.\u00a0 F\u00fcr den im Urlaub befindlichen B\u00fcrgermeister \u00fcberbrachte sein Stellvertreter Siegfried Thiel\u00a0 die Gl\u00fcckw\u00fcnsche der Gemeinde Stegen.\u00a0 Er wies darauf hin, dass\u00a0 von der Gemeinde die Nebenkosten f\u00fcr das\u00a0 Cafe\u00a0\u00a0 \u00fcbernommen werden. Mit einem Streichkonzert, Sekt und einer Kaffeetafel wurden\u00a0 im Beisein etlicher Kommunalpolitiker erste Kontakte zwischen\u00a0 Bewohnern der Anlage und\u00a0 von Au\u00dferhalb\u00a0 gekn\u00fcpft.<\/p>\n<p style=\"padding-left: 30px;\">Kontakt zu \u201eMiteinander Stegen\u201c:\u00a0 B\u00fcrgerb\u00fcro in Stegen,\u00a0 Dorfplatz 14, Tel.: 076661-908206 und im Internet unter <a href=\"mailto:netzwerk@miteinander-stegen.de\">netzwerk@miteinander-stegen.de<\/a>. \u00d6ffnungszeiten montags, dienstags und freitags von 9 bis 12 Uhr, mittwochs und donnerstags von 14.30 Uhr bis 17.30 Uhr.<\/p>\n<p style=\"padding-left: 30px;\">20.2.2014, Bernd M\u00fcller, <a href=\"https:\/\/www.dreisamtaeler.de\">www.dreisamtaeler.de<\/a><\/p>\n","protected":false},"excerpt":{"rendered":"<p>Schon vor Jahren hat sich in Stegen der Verein \u201eMiteinander Stegen\u201c gegr\u00fcndet, der sich vor allem um die Bed\u00fcrfnisse von Senioren k\u00fcmmert. Aus der Organisation heraus ist jetzt ein Ort der Begegnungen entstanden.\u00a0 Mit Livemusik und einem Sektempfang wurde das &hellip; <a href=\"https:\/\/www.freiburg-schwarzwald.de\/blog\/cafe-miteinander-in-stegen-neu\/\">Weiterlesen <span class=\"meta-nav\">&rarr;<\/span><\/a><\/p>\n","protected":false},"author":2,"featured_media":0,"comment_status":"open","ping_status":"closed","sticky":false,"template":"","format":"standard","meta":{"footnotes":""},"categories":[50,400,102],"tags":[190,404,736],"class_list":["post-45486","post","type-post","status-publish","format-standard","hentry","category-dreisamtal","category-freiwillig","category-senioren","tag-alter","tag-cafe","tag-hock"],"_links":{"self":[{"href":"https:\/\/www.freiburg-schwarzwald.de\/blog\/wp-json\/wp\/v2\/posts\/45486","targetHints":{"allow":["GET"]}}],"collection":[{"href":"https:\/\/www.freiburg-schwarzwald.de\/blog\/wp-json\/wp\/v2\/posts"}],"about":[{"href":"https:\/\/www.freiburg-schwarzwald.de\/blog\/wp-json\/wp\/v2\/types\/post"}],"author":[{"embeddable":true,"href":"https:\/\/www.freiburg-schwarzwald.de\/blog\/wp-json\/wp\/v2\/users\/2"}],"replies":[{"embeddable":true,"href":"https:\/\/www.freiburg-schwarzwald.de\/blog\/wp-json\/wp\/v2\/comments?post=45486"}],"version-history":[{"count":0,"href":"https:\/\/www.freiburg-schwarzwald.de\/blog\/wp-json\/wp\/v2\/posts\/45486\/revisions"}],"wp:attachment":[{"href":"https:\/\/www.freiburg-schwarzwald.de\/blog\/wp-json\/wp\/v2\/media?parent=45486"}],"wp:term":[{"taxonomy":"category","embeddable":true,"href":"https:\/\/www.freiburg-schwarzwald.de\/blog\/wp-json\/wp\/v2\/categories?post=45486"},{"taxonomy":"post_tag","embeddable":true,"href":"https:\/\/www.freiburg-schwarzwald.de\/blog\/wp-json\/wp\/v2\/tags?post=45486"}],"curies":[{"name":"wp","href":"https:\/\/api.w.org\/{rel}","templated":true}]}}