{"id":45475,"date":"2014-02-20T20:14:08","date_gmt":"2014-02-20T19:14:08","guid":{"rendered":"https:\/\/www.freiburg-schwarzwald.de\/blog\/?p=45475"},"modified":"2014-02-20T20:14:08","modified_gmt":"2014-02-20T19:14:08","slug":"fasnacht-im-freiburger-osten","status":"publish","type":"post","link":"https:\/\/www.freiburg-schwarzwald.de\/blog\/fasnacht-im-freiburger-osten\/","title":{"rendered":"Fasnacht im Freiburger Osten"},"content":{"rendered":"<p>Ausstellung in der Littenweiler Apotheke: Littenweiler W\u00fchlm\u00e4use, Ebneter Salamander und Kappler Berggeister. Bereits im vergangenen Jahr hatte Ana-Paula Pereira-Kotterer w\u00e4hrend der <a title=\"Narren\" href=\"https:\/\/www.freiburg-schwarzwald.de\/blog\/vereine\/narren\/\">Fasnachtszeit<\/a> in den R\u00e4umen ihrer Littenweiler Apotheke, R\u00f6merstra\u00dfe 1, ein H\u00e4s der Littenweiler W\u00fchlm\u00e4use ausgestellt und die R\u00e4umlichkeiten fastn\u00e4chtlich dekoriert.<!--more--> Da ihre pharmazeutisch-kaufm\u00e4nnische Angestellte, Heike Heidrich, langj\u00e4hriges Mitglied der Ebneter Salamander-Zunft ist, wurde die kleine Fasnachtsausstellung nat\u00fcrlich noch durch ein H\u00e4s der Salamander erg\u00e4nzt. Sehr zur Freude ihres Bruders Markus Sch\u00e4fers &#8211; Oberzunftmeister der Ebneter Salamander. Und da dieser stets besonderen Wert auf gute Nachbarschaft legt, hatte er die Idee, in diesem Jahr erstmals eine gemeinsame Ausstellung aller drei Z\u00fcnfte des Freiburger Ostens in der Littenweiler Apotheke zu veranstalten. Und so sind nun die Littenweiler W\u00fchlm\u00e4use, die Ebneter Salamander und auch die Kappler Berggeister mit einem H\u00e4s vertreten. Erg\u00e4nzt wird die Ausstellung durch diverse Masken aus der Sammlung von Markus Sch\u00e4fers sowie Leihgaben des Holzbildhauers Edgar Spiegelhalter. Au\u00dferdem zu sehen sind Fasnachts-Orden aus der Sammlung des Ebneter Oberzunftmeisters und des Kappler Zunftvogts J\u00f6rg Andris.<\/p>\n<p>Zur feierlichen Er\u00f6ffnung der Ausstellung waren gestern Abend die Ortsvorsteher aus Kappel und Ebnet, Hermann Dittmers und Bernhard S\u00e4nger, der Vorsitzende des B\u00fcrgervereins Littenweiler Franz-J\u00fcrgen Zeiser und zahlreiche G\u00e4ste eingeladen. Musikalisch umrahmt wurde die Er\u00f6ffnung durch den Kirchzartener Spielmannszug.<\/p>\n<p><a href=\"https:\/\/www.freiburg-schwarzwald.de\/blog\/fasnacht-im-freiburger-osten\/fasnacht-littenweiler140210\/\" rel=\"attachment wp-att-45476\"><img loading=\"lazy\" decoding=\"async\" class=\"alignnone size-thumbnail wp-image-45476\" alt=\"fasnacht-littenweiler140210\" src=\"https:\/\/www.freiburg-schwarzwald.de\/blog\/wp-content\/uploads\/2014\/02\/fasnacht-littenweiler140210-180x123.jpg\" width=\"180\" height=\"123\" srcset=\"https:\/\/www.freiburg-schwarzwald.de\/blog\/wp-content\/uploads\/2014\/02\/fasnacht-littenweiler140210-180x123.jpg 180w, https:\/\/www.freiburg-schwarzwald.de\/blog\/wp-content\/uploads\/2014\/02\/fasnacht-littenweiler140210.jpg 640w\" sizes=\"auto, (max-width: 180px) 100vw, 180px\" \/><\/a><\/p>\n<p>J\u00f6rg Andris, Zunftsvogt der Berggeister Kappel, Ana-Paula Pereira-Kotterer, Littenweiler Apotheke, Steffi Hirth, Vize-Zunftsv\u00f6gtin der Littenweiler W\u00fchlm\u00e4use und Markus Sch\u00e4fers, Oberzunftmeister der Salamander Ebnet (von links).<\/p>\n<p>Die Ausstellung ist bis zum Aschermittwoch w\u00e4hrend der \u00d6ffnungszeiten Montag bis Freitag, 8.30 bis 19.00 Uhr und am Samstag, von 8.30 bis 13.00 Uhr zu sehen. Ana-Paula Pereira-Kotterer freut sich \u00fcber das gro\u00dfe Interesse und den Zuspruch ihrer Kunden \u201ebesonders die Kinder sind total fasziniert\u201c, so die Apothekeninhaberin und Markus Sch\u00e4fers freut sich, dass alle drei Z\u00fcnfte des Freiburger Ostens sofort begeistert dabei waren und er seine Idee, die \u201eFasnacht im Freiburger Osten\u201c mit einer kleinen Aussttellung in der Littenweiler Apotheke zu pr\u00e4sentieren, verwirklichen konnte.<br \/>\nGisela Heizler-Ries, 20.2.2014, <a href=\"https:\/\/www.dreisamtaeler.de\">www.dreisamtaeler.de<\/a><\/p>\n","protected":false},"excerpt":{"rendered":"<p>Ausstellung in der Littenweiler Apotheke: Littenweiler W\u00fchlm\u00e4use, Ebneter Salamander und Kappler Berggeister. Bereits im vergangenen Jahr hatte Ana-Paula Pereira-Kotterer w\u00e4hrend der Fasnachtszeit in den R\u00e4umen ihrer Littenweiler Apotheke, R\u00f6merstra\u00dfe 1, ein H\u00e4s der Littenweiler W\u00fchlm\u00e4use ausgestellt und die R\u00e4umlichkeiten fastn\u00e4chtlich &hellip; <a href=\"https:\/\/www.freiburg-schwarzwald.de\/blog\/fasnacht-im-freiburger-osten\/\">Weiterlesen <span class=\"meta-nav\">&rarr;<\/span><\/a><\/p>\n","protected":false},"author":2,"featured_media":0,"comment_status":"open","ping_status":"closed","sticky":false,"template":"","format":"standard","meta":{"footnotes":""},"categories":[212,249,11],"tags":[511,606],"class_list":["post-45475","post","type-post","status-publish","format-standard","hentry","category-alemannisch","category-hock","category-regio","tag-brauchtum","tag-fasnacht"],"_links":{"self":[{"href":"https:\/\/www.freiburg-schwarzwald.de\/blog\/wp-json\/wp\/v2\/posts\/45475","targetHints":{"allow":["GET"]}}],"collection":[{"href":"https:\/\/www.freiburg-schwarzwald.de\/blog\/wp-json\/wp\/v2\/posts"}],"about":[{"href":"https:\/\/www.freiburg-schwarzwald.de\/blog\/wp-json\/wp\/v2\/types\/post"}],"author":[{"embeddable":true,"href":"https:\/\/www.freiburg-schwarzwald.de\/blog\/wp-json\/wp\/v2\/users\/2"}],"replies":[{"embeddable":true,"href":"https:\/\/www.freiburg-schwarzwald.de\/blog\/wp-json\/wp\/v2\/comments?post=45475"}],"version-history":[{"count":0,"href":"https:\/\/www.freiburg-schwarzwald.de\/blog\/wp-json\/wp\/v2\/posts\/45475\/revisions"}],"wp:attachment":[{"href":"https:\/\/www.freiburg-schwarzwald.de\/blog\/wp-json\/wp\/v2\/media?parent=45475"}],"wp:term":[{"taxonomy":"category","embeddable":true,"href":"https:\/\/www.freiburg-schwarzwald.de\/blog\/wp-json\/wp\/v2\/categories?post=45475"},{"taxonomy":"post_tag","embeddable":true,"href":"https:\/\/www.freiburg-schwarzwald.de\/blog\/wp-json\/wp\/v2\/tags?post=45475"}],"curies":[{"name":"wp","href":"https:\/\/api.w.org\/{rel}","templated":true}]}}