{"id":45470,"date":"2014-02-19T19:28:18","date_gmt":"2014-02-19T18:28:18","guid":{"rendered":"https:\/\/www.freiburg-schwarzwald.de\/blog\/?p=45470"},"modified":"2014-02-20T19:34:38","modified_gmt":"2014-02-20T18:34:38","slug":"db-agentur-himmelreich-preis","status":"publish","type":"post","link":"https:\/\/www.freiburg-schwarzwald.de\/blog\/db-agentur-himmelreich-preis\/","title":{"rendered":"DB-Agentur Himmelreich &#8211; Preis"},"content":{"rendered":"<p>Es ist gut, dass freundlicher Service und fachliche Kompetenz immer noch gefragt sind. Die Kunden sind zufrieden und kommen wieder. Und ab und zu gibt es gar eine Auszeichnung daf\u00fcr. So geschehen jetzt mit der <a title=\"Eisenbahn\" href=\"https:\/\/www.freiburg-schwarzwald.de\/blog\/regio\/verkehr\/eisenbahn\/\">DB-Agentur <\/a>und dem Reiseb\u00fcro <a title=\"Himmelreich\" href=\"https:\/\/www.freiburg-schwarzwald.de\/blog\/selbsthilfe\/behinderung\/himmelreich\/\">Himmelreich<\/a>, einem von drei starken Unternehmenszweigen der integrativen \u201eHofgut Himmelreich gGmbH\u201c. F\u00fcr 2013 erhielt der <a title=\"Verkehr\" href=\"https:\/\/www.freiburg-schwarzwald.de\/blog\/regio\/verkehr\/\">Himmelreicher Bahnhof <\/a>von der Deutschen Bahn (DB) eine Auszeichnung<!--more--> f\u00fcr gute Beratungs- und Verkaufsqualit\u00e4t. Die beiden erfahrenen Reiseexperten Gabriele Liebetanz und Oliver Danner, die \u201eguten Seelen\u201c der DB-Agentur Hofgut Himmelreich, wurden in den Bereichen Erscheinungsbild, Sozialkompetenz und Fachkompetenz in Beratung und Verkauf erfolgreich gepr\u00fcft und mit einem Zertifikat ausgezeichnet. F\u00fcr 2014 l\u00e4uft ein Agenturen-Verkaufswettbewerb in Baden-W\u00fcrttemberg, wo sich auch die DB-Agentur Himmelreich beweisen will und derzeit auf einem \u201eTop-Ten-Platz\u201c steht.<br \/>\nSeit dem Fr\u00fchjahr 2008 ist das Team in der DB-Agentur Himmelreich f\u00fcr alle Anliegen in der Kundenberatung rund um das Bahnfahren und im Verkauf von Fahrscheinen f\u00fcr die Deutsche Bahn, den Freiburger Verkehrs-Verbund sowie Pauschalreisen (Bahn+Hotel) des Bahnpartners Ameropa freundlich und kompetent pr\u00e4sent<i>.<\/i> Die langj\u00e4hrigen Erfahrungen und das gute Know-How im Team zeigen sich bei der Suche von g\u00fcnstigen Fahrpreisen, Fahrscheinen zum Familientarif sowie der BahnCard-Ausstellung f\u00fcr Jung und Alt. Ein weiteres Standbein ist die Organisation von Gruppenreisen und Klassenfahrten zu g\u00fcnstigen Konditionen mit der Bahn in Deutschland und ins europ\u00e4ische Ausland.<\/p>\n<p>&nbsp;<\/p>\n<p>Das Reisen f\u00fcr mobilit\u00e4tseingeschr\u00e4nkte Kunden liegt dem Team besonders am Herzen. Neben dem Fahrscheinverkauf f\u00fcr sie k\u00fcmmern sich Liebetanz und Danner auch um die Planung der notwendigen Betreuung zur Ein-, Um- und Aussteigehilfe am Bahnhof w\u00e4hrend der Reise. Die Organisation der optimalen Sitzplatzreservierung im Zug, z.B. f\u00fcr Rollstuhlfahrer, ist eine Selbstverst\u00e4ndlichkeit. F\u00fcr alle regionalen Kurzreisen im Schwarzwald beweisen beide ihr Fachwissen in der Beratung und dem Fahrscheinverkauf des Freiburger Verkehrsverbundes. Selbstverst\u00e4ndlich k\u00f6nnen Pendler hier Regiokarten oder Semestertickets ohne zus\u00e4tzliche Geb\u00fchren erwerben. F\u00fcr die St\u00e4dtereisenliebhaber bucht das Team gerne auch die \u00dcbernachtungen kombiniert mit Bahnfahrschein sowie Extras wie Eintrittskarten zum Musical oder anderen Veranstaltungen. Wellnesspakete geh\u00f6ren ebenfalls zum Angebot.<br \/>\nIn einem der Agentur angeschlossenen Kiosk sind viele regionale biologisch produzierte Produkte von Nudeln \u00fcber Essig und \u00d6le bis hin zu Weinen zu erwerben. Jeder Kunde ist herzlich willkommen und seine pers\u00f6nliches Anliegen und Reisew\u00fcnsche werden von Gabriele Liebetanz und Oliver Danner individuell und freundlich, gerne auch bei einer Tasse Kaffee, realisiert. Beide nutzen jetzt die Auszeichnung, um sich f\u00fcr die langj\u00e4hrige Treue vieler Kunden zu bedanken. Sie freuen sich \u00fcber weitere tatkr\u00e4ftige Unterst\u00fctzung durch den pers\u00f6nlichen Fahrscheinkauf. Denn damit leiste der Reisende einen wesentlichen Beitrag zum Erhalt der DB-Agentur Himmelreich und zum Erhalt von Arbeitspl\u00e4tzen f\u00fcr Menschen mit Behinderung im \u201eHofgut Himmelreich\u201c, ist sich Himmelreich-Gesch\u00e4ftsf\u00fchrer Jochen Lauber sicher.<br \/>\n19.2.2014, Gerhard L\u00fcck, <a href=\"https:\/\/www.dreisamtaeler.de\">www.dreisamtaeler.de<\/a><\/p>\n","protected":false},"excerpt":{"rendered":"<p>Es ist gut, dass freundlicher Service und fachliche Kompetenz immer noch gefragt sind. Die Kunden sind zufrieden und kommen wieder. Und ab und zu gibt es gar eine Auszeichnung daf\u00fcr. So geschehen jetzt mit der DB-Agentur und dem Reiseb\u00fcro Himmelreich, &hellip; <a href=\"https:\/\/www.freiburg-schwarzwald.de\/blog\/db-agentur-himmelreich-preis\/\">Weiterlesen <span class=\"meta-nav\">&rarr;<\/span><\/a><\/p>\n","protected":false},"author":2,"featured_media":0,"comment_status":"open","ping_status":"closed","sticky":false,"template":"","format":"standard","meta":{"footnotes":""},"categories":[56],"tags":[531,725,289],"class_list":["post-45470","post","type-post","status-publish","format-standard","hentry","category-behinderung","tag-handicap","tag-integration","tag-preis"],"_links":{"self":[{"href":"https:\/\/www.freiburg-schwarzwald.de\/blog\/wp-json\/wp\/v2\/posts\/45470","targetHints":{"allow":["GET"]}}],"collection":[{"href":"https:\/\/www.freiburg-schwarzwald.de\/blog\/wp-json\/wp\/v2\/posts"}],"about":[{"href":"https:\/\/www.freiburg-schwarzwald.de\/blog\/wp-json\/wp\/v2\/types\/post"}],"author":[{"embeddable":true,"href":"https:\/\/www.freiburg-schwarzwald.de\/blog\/wp-json\/wp\/v2\/users\/2"}],"replies":[{"embeddable":true,"href":"https:\/\/www.freiburg-schwarzwald.de\/blog\/wp-json\/wp\/v2\/comments?post=45470"}],"version-history":[{"count":0,"href":"https:\/\/www.freiburg-schwarzwald.de\/blog\/wp-json\/wp\/v2\/posts\/45470\/revisions"}],"wp:attachment":[{"href":"https:\/\/www.freiburg-schwarzwald.de\/blog\/wp-json\/wp\/v2\/media?parent=45470"}],"wp:term":[{"taxonomy":"category","embeddable":true,"href":"https:\/\/www.freiburg-schwarzwald.de\/blog\/wp-json\/wp\/v2\/categories?post=45470"},{"taxonomy":"post_tag","embeddable":true,"href":"https:\/\/www.freiburg-schwarzwald.de\/blog\/wp-json\/wp\/v2\/tags?post=45470"}],"curies":[{"name":"wp","href":"https:\/\/api.w.org\/{rel}","templated":true}]}}