{"id":45363,"date":"2014-02-17T18:22:59","date_gmt":"2014-02-17T17:22:59","guid":{"rendered":"https:\/\/www.freiburg-schwarzwald.de\/blog\/?p=45363"},"modified":"2014-02-17T19:36:27","modified_gmt":"2014-02-17T18:36:27","slug":"guelen-regenbogen-schule-fr","status":"publish","type":"post","link":"https:\/\/www.freiburg-schwarzwald.de\/blog\/guelen-regenbogen-schule-fr\/","title":{"rendered":"Guelen Regenbogen-Schule FR"},"content":{"rendered":"<p><a title=\"Privatschulen\" href=\"https:\/\/www.freiburg-schwarzwald.de\/blog\/bildung\/schulen\/privatschulen\/\">Privatschulen<\/a> mit<a title=\"Tuerkei\" href=\"https:\/\/www.freiburg-schwarzwald.de\/blog\/global\/tuerkei\/\"> t\u00fcrkischem Hintergrund<\/a> in BW laut Kultusministerium KM: Prisma-Privatschulen B\u00f6blingen, Regenbogen-Grundschule Freiburg, Carl-Friedrich-Gau\u00df-Schulen Ludwigsburg, Sema-Privatschulen Mannheim und Bil-Privatschulen Stuttgart. Trotz staatl. Anerkennung und Aufsichts- bzw. Kontrollpflicht wei\u00df das KM nicht, welche dieser Schulen der <a title=\"Tuerkei\" href=\"https:\/\/www.freiburg-schwarzwald.de\/blog\/global\/tuerkei\/\">G\u00fclen-Bewegung<\/a> nahestehen. Und die Integrationsministerin<!--more--><\/p>\n<p>weigert sich bis heute, g\u00fclen-nahe Privatschulen zu besuchen &#8211; aus Angst?\u00a0Von der Freiburger Regenbogen-Grundschule\u00a0ist anzunehmen, dass sie\u00a0finanziell wie p\u00e4dagogisch\u00a0zur G\u00fclen-Bewegung geh\u00f6rt: Auch die EKD f\u00fchrt sie als solche streng islamisch orientierte Schule an:<br \/>\n&#8222;Das Bildungsnetzwerk um Fethullah G\u00fclen:\u00a0Sie hei\u00dfen Regenbogen, Primus, Pangea-Bildungszentren oder einfach Lernstube: An vielen Orten sind Bildungsangebote der G\u00fclen-Bewegung etabliert, die Zahl der oft mit fantasievollen Namen versehenen Vereine und Einrichtungen nimmt rasch und stetig zu. &#8230;&#8230;\u00a0Auf der anderen Seite ist nicht zu \u00fcbersehen, dass das G\u00fclen-Schrifttum eine programmatische Orientierung an einem konservativ-islamischen Gesellschaftsbild durchzieht, das sich an Koran und Sunna ausrichtet und in wichtigen Aspekten der Menschen-, insbesondere der Frauenrechte, der Meinungs- und Religionsfreiheit sowie der Trennung von Religion und Staat dem Gesellschaftsbild der Mehrheitsgesellschaft entgegensteht. Wie dieses Modell aussieht, kann man sich anhand der Koranausgabe von Ali \u00dcnal, der Zeitschrift \u201eDie Font\u00e4ne\u201c oder Produkten aus dem Programm des Main-Donau (fr\u00fcher Font\u00e4ne-) Verlags vor Augen f\u00fchren. Erschwerend kommt die mangelnde Transparenz hinsichtlich der Zugeh\u00f6rigkeit der zahllosen G\u00fclen-Vereine zur Bewegung hinzu. Die dezentrale Struktur macht sie wenig (an)greifbar, da problematische Positionen ausweichend oder relativierend als Einzelmeinungen \u201eanderer\u201c deklariert werden. &#8230;&#8230;\u00a0Im Blick auf die Schulen erscheint es derzeit fraglich, ob sie die bisher entstandenen \u201eethnischen Nischen\u201c im Lauf der Zeit \u00f6ffnen werden oder umgekehrt gem\u00e4\u00df dem Motto \u201eIslamisierung durch Bildung\u201c verst\u00e4rkt zu&#8220; <a title=\"Paralleljustiz\" href=\"https:\/\/www.freiburg-schwarzwald.de\/blog\/selbsthilfe\/soziales\/justiz\/paralleljustiz\/\">Parallelstrukturen<\/a> beitragen.&#8220;\u00a0<a href=\"https:\/\/www.ekd.de\/ezw\/Lexikon_2487.php\" target=\"_blank\">https:\/\/www.ekd.de\/ezw\/Lexikon_2487.php<\/a>.<\/p>\n<p>Regenbogen-Grundschule in Freiburg-Oberau, Runzstrasse 83<br \/>\nDie Schule liegt zwischen Deutsch-Franz\u00f6sischem Gymnasium und Dreisam und wird betrieben von Rektorin \u00d6znur Eser (38), Gesch\u00e4ftsf\u00fchrer Sedat Sek (34) und Schriftf\u00fchrer Kemal T\u00fcrk (39). Gegr\u00fcndet wurde die im Herbst 2010 von den t\u00fcrkischst\u00e4mmigen Mitgliedenr des Vereins &#8222;Akademische Plattform&#8220;. Schulgeld 270 Euro\/Monat.<br \/>\n<a title=\"\" href=\"https:\/\/www.regenbogen-privatschule.de\/\" target=\"_blank\">https:\/\/www.regenbogen-privatschule.de<br \/>\n<\/a>.<br \/>\n<strong>Wie nahe steht die Regenbogen-Schule der G\u00fclen-Bewegung?<br \/>\n<\/strong>Die Freiburger Regenbogen-Grundschule soll der G\u00fclen-Bewegung nahestehen \u2013 doch viel mehr wei\u00df man in der Stadt und in der Schulverwaltung auch nicht. G\u00fclen selbst strebt einen Gottesstaat an&#8230;..<br \/>\nAlles vom 17.2.2014 bitte lesen auf<br \/>\n<a href=\"https:\/\/www.badische-zeitung.de\/freiburg\/wie-nahe-steht-die-regenbogen-schule-der-guelen-bewegung\">https:\/\/www.badische-zeitung.de\/freiburg\/wie-nahe-steht-die-regenbogen-schule-der-guelen-bewegung<\/a><\/p>\n<p><strong>Christlich fundamentalistische Schule w\u00e4re l\u00e4ngst geschlossen<\/strong><br \/>\nDiese Schule der besonderen Art scheint, wenn man der Autorin Glauben schenken darf genauso suspekt zu sein wie die G\u00fclen-Bewegung. W\u00e4re es ein Schule, die einer fundamentalistischen christlichen Glaubensgemeinschaft nahest\u00fcnde, w\u00e4re diese l\u00e4ngst geschlossen. Aber hier dr\u00fcckt man unter dem Mantel der leider in weitesten Teilen gescheiterten Integration von Muslimen beide Augen und die H\u00fchneraugen gleich mit zu.<br \/>\n17.2.2014, Michael Klug<br \/>\n<a href=\"https:\/\/www.tagesschau.de\/inland\/guelen-erdogan100.html\" target=\"_blank\">https:\/\/www.tagesschau.de\/inland\/guelen-erdogan100.html<br \/>\n<\/a><\/p>\n<p>&nbsp;<\/p>\n<p><strong>Bei Privatschulen sind Fachaufsicht und Kontrollpflicht zu erf\u00fcllen<\/strong><br \/>\nIn Deutschland herrscht Schulpflicht mit Bildungsauftrag. Private Schulen sind m\u00f6glich, wenn sie diesen Auftrag gleicherma\u00dfen erf\u00fcllen. Aufsicht, auch Fachaufsicht, ob in Jugend\u00e4mtern, bezogen auf Umweltschutz oder im Lebensmittelbereich hat prim\u00e4r der Einhaltung von Bedingungen zu dienen, nicht der Schaffung von Planstellen. Rein ins Leben! Teilnahme am Schulbetrieb! Selbst miterlebt, \u00fcber 45 Minuten Theater zu spielen gelingt den wenigsten. Das setzt aber Pr\u00e4senzwillen der Kontolleure voraus, Unkalkulierbarkeit, Wiederholungen der \u00dcberpr\u00fcfung und nicht, wie ich aus Anla\u00df \u00fcberspitzt formulierte: Die Krusten sind ab, die Flecken verschwunden, kommen Sie doch zwischen 11:00 und 11:30 (wie \u00e4hnlich erlebt). Verfassungsschutz k\u00e4me erst danach und ohne Fakten keine Campagne, weder gegen rechts, links, b\u00fcrgerlich, b\u00e4uerlich &#8230; Hier greift 2. Mose 20,16, Mt 19,18 u.a.<br \/>\n17.2.2014,\u00a0Heinrich Franzen<\/p>\n","protected":false},"excerpt":{"rendered":"<p>Privatschulen mit t\u00fcrkischem Hintergrund in BW laut Kultusministerium KM: Prisma-Privatschulen B\u00f6blingen, Regenbogen-Grundschule Freiburg, Carl-Friedrich-Gau\u00df-Schulen Ludwigsburg, Sema-Privatschulen Mannheim und Bil-Privatschulen Stuttgart. Trotz staatl. Anerkennung und Aufsichts- bzw. Kontrollpflicht wei\u00df das KM nicht, welche dieser Schulen der G\u00fclen-Bewegung nahestehen. Und die Integrationsministerin<\/p>\n","protected":false},"author":2,"featured_media":0,"comment_status":"open","ping_status":"closed","sticky":false,"template":"","format":"standard","meta":{"footnotes":""},"categories":[155,19,95],"tags":[725,421,503],"class_list":["post-45363","post","type-post","status-publish","format-standard","hentry","category-integration","category-religion","category-schulen","tag-integration","tag-islam","tag-church"],"_links":{"self":[{"href":"https:\/\/www.freiburg-schwarzwald.de\/blog\/wp-json\/wp\/v2\/posts\/45363","targetHints":{"allow":["GET"]}}],"collection":[{"href":"https:\/\/www.freiburg-schwarzwald.de\/blog\/wp-json\/wp\/v2\/posts"}],"about":[{"href":"https:\/\/www.freiburg-schwarzwald.de\/blog\/wp-json\/wp\/v2\/types\/post"}],"author":[{"embeddable":true,"href":"https:\/\/www.freiburg-schwarzwald.de\/blog\/wp-json\/wp\/v2\/users\/2"}],"replies":[{"embeddable":true,"href":"https:\/\/www.freiburg-schwarzwald.de\/blog\/wp-json\/wp\/v2\/comments?post=45363"}],"version-history":[{"count":0,"href":"https:\/\/www.freiburg-schwarzwald.de\/blog\/wp-json\/wp\/v2\/posts\/45363\/revisions"}],"wp:attachment":[{"href":"https:\/\/www.freiburg-schwarzwald.de\/blog\/wp-json\/wp\/v2\/media?parent=45363"}],"wp:term":[{"taxonomy":"category","embeddable":true,"href":"https:\/\/www.freiburg-schwarzwald.de\/blog\/wp-json\/wp\/v2\/categories?post=45363"},{"taxonomy":"post_tag","embeddable":true,"href":"https:\/\/www.freiburg-schwarzwald.de\/blog\/wp-json\/wp\/v2\/tags?post=45363"}],"curies":[{"name":"wp","href":"https:\/\/api.w.org\/{rel}","templated":true}]}}