{"id":4534,"date":"2012-06-05T16:52:29","date_gmt":"2012-06-05T16:52:29","guid":{"rendered":"https:\/\/www.freiburg-schwarzwald.de\/blog\/?p=4534"},"modified":"2012-06-05T17:03:51","modified_gmt":"2012-06-05T17:03:51","slug":"schwarzwaldkonig-als-vierteilige-serie-von-bergzeitfahren-einmalig-in-d","status":"publish","type":"post","link":"https:\/\/www.freiburg-schwarzwald.de\/blog\/schwarzwaldkonig-als-vierteilige-serie-von-bergzeitfahren-einmalig-in-d\/","title":{"rendered":"Schwarzwaldk\u00f6nig als vierteilige Serie von Bergzeitfahren einmalig in D"},"content":{"rendered":"<p>Vor f\u00fcnf Jahren feierte der Schauinslandk\u00f6nig Premiere. Dieses Bergzeitfahren ist\u00a0 f\u00fcr <a title=\"Biken\" href=\"https:\/\/www.freiburg-schwarzwald.de\/blog\/sport\/sportlern\/biken\/\">Hobbyradler<\/a> und ambitionierte Athleten l\u00e4ngst zumfixen Termin geworden. F\u00fcr Veranstalter Alexander Lang h\u00f6chste Zeit, mit drei weiteren Bergen und einer nun vierteiligen Serie f\u00fcr neue Herausforderungen zu sorgen: dem Schwarzwaldk\u00f6nig. Im Ziel auf einem Thron Platz nehmen zu k\u00f6nnen, ganz gleich, obman als erster oder tausendster Teilnehmer den Gipfel erreicht, das geh\u00f6rt zu den Besonderheiten beim Schauinslandk\u00f6nig. Dar\u00fcber hinaus dr\u00e4ngt bei der Veranstaltung auf dem Freiburger Hausberg niemand zur Eile. Wer es langsam angehen will und auf der\u00a0 panoramareichen Strecke gern ein P\u00e4uschen einlegt, kann sicher sein, auf der sonst f\u00fcr den Verkehr gesperrten Stra\u00dfe nicht vom Besenwagen eingeholt zu werden. Der h\u00e4lt geb\u00fchrend Abstand und l\u00e4sst sich aus psychologischen Gr\u00fcnden erst blicken, wenn der letzte Starter das Ziel erreicht hat. F\u00fcr Freunde stressfreien Bergauffahrens, aber auch ehrgeizige Radsportler,<!--more--> die \u2013 wie der letztj\u00e4hrige Sieger Florian Link \u2013 f\u00fcr die Fahrt kaum eine halbe Stunde brauchen, gibt es jetzt Nachschlag: Mit drei neuen Zeitfahren am Berg bildet der Klassiker die Schwarzwaldk\u00f6nig-Serie. \u201eIch habe schon beim Organisieren der Premiere an eine Erweiterung gedacht, wenn das Rennen gut angenommen wird. Schlie\u00dflich gibt es im Schwarzwald noch viel mehr attraktive Strecken und magische Berge&#8220;, sagt Veranstalter\u00a0 Alexander Lang. Mit der Austragung einer Serie betritt der <a title=\"Triathlon\" href=\"https:\/\/www.freiburg-schwarzwald.de\/blog\/sport\/sportlern\/triathlon\/\">Triathlet<\/a> aus Schallstadt-Mengen Neuland, denn bundesweit gibt es zwar mehrteilige Radveranstaltungen f\u00fcr jedermann, aber keine Folge von Bergzeitfahren. \u201eF\u00fcr Radfahrer ohne Lizenz ist das ein Novum&#8220;, erkl\u00e4rt Lang und garantiert, dass auch diesmal\u00a0 durch Einzelstarts Gedr\u00e4nge vermieden wird. Mit Zeitnahmechip ausger\u00fcstet einzeln von einer Rampe zu starten und sich dabei wie bei einem Einzelzeitfahren der Tour de France zu f\u00fchlen, geh\u00f6rt zweifellos zu den eindrucksvollsten Erlebnissen\u00a0bei allen vier Rennen der Serie.<\/p>\n<p>Er\u00f6ffnet wird das Veranstaltungsquartett am 24. Juni in Badenweiler. Von hier aus geht es \u00fcber 750 H\u00f6henmeter hinauf auf den Hochblauen \u2013 eine Strecke, die f\u00fcr Lang mit\u00a0 demSchauinsland-Kurs vergleichbar ist und im Team besonders viel Spa\u00df macht. Viele gehen als Gruppe an den Start: Firmen und Schulen haben sich f\u00fcr das Rennen am Schauinsland stets zahlreich gemeldet. \u201eDie Zeiten werden addiert und man kann sich objektiv miteinander vergleichen&#8220;, sagt Alexander Lang. Und wie fit muss man sein, umd as Ziel auf dem Gipfel zuerreichen? Ein- bis zweimal w\u00f6chentlich, so der Rennorganisator und Athlet, sollteman schon ein bis zwei Stunden auf einer Strecke mit kleinen Steigungen gefahren sein. \u201eMan muss beim Training aber keine gro\u00dfen Berge hinauffahren, und die Rennen eignen sich auch als Abwechslung f\u00fcr L\u00e4ufer, die eine gute Kondition haben&#8220;, erkl\u00e4rt Lang.<\/p>\n<p>Abwechslung und Adrenalin f\u00fcr echte Radsportfans bietet insbesondere das zweite und k\u00fcrzeste Rennen in Ebringen mit einem kernigen Anstieg zur Berghauser Kapelle. Es wird in Zusammenarbeit mit dem RSV Ebringen in den Weinbergen ausgetragen und kn\u00fcpft an ein nahezu vergessenes, traditionsreiches Bergzeitfahren an.<\/p>\n<p>Mit rund 500 Teilnehmern rechnet Alexander Lang beim Kandelk\u00f6nig. Wer sich den magischen Berg hinauf schl\u00e4ngelt, ist auf geschichtstr\u00e4chtigem Asphalt unterwegs, denn vor zw\u00f6lf Jahren wurde hier eine Etappe der Deutschland-Tour ausgetragen, bei der Udo B\u00f6lts siegte. Der amtierende Zeitfahr-Weltmeister Tony Martin erreichte den Gipfel nach zw\u00f6lf Kilometern w\u00e4hrend der Regio-Tour anno 2005 \u00fcbrigens in 33 Minuten.<\/p>\n<p>Mit dem Schauinslandk\u00f6nig am 22. Juli endet die Serie. Teilnehmen kann man selbstverst\u00e4ndlich auch an einzelnen Rennen, eine Nachmeldung ist noch am Renntag m\u00f6glich. Gute Aussichten auf Zuwachs an attraktiven Schwarzwaldbergen besteht ebenfalls: \u201eVielleicht kommt der Belchen irgendwann noch dazu&#8220;, sagt Alexander Lang, \u201epassenw\u00fcrde er perfekt.&#8220;<\/p>\n<p>Katja Ru\u00dfhardt, 3.6.2012,\u00a0<a href=\"https:\/\/www.der-sonntag.de\">www.der-sonntag.de<\/a><\/p>\n<div id=\"attachment_4537\" style=\"width: 137px\" class=\"wp-caption alignnone\"><a href=\"https:\/\/www.freiburg-schwarzwald.de\/blog\/2012\/06\/05\/schwarzwaldkonig-als-vierteilige-serie-von-bergzeitfahren-einmalig-in-d\/schwarzwaldkoenig-lang1205\/\" rel=\"attachment wp-att-4537\"><img loading=\"lazy\" decoding=\"async\" aria-describedby=\"caption-attachment-4537\" class=\"size-thumbnail wp-image-4537\" title=\"schwarzwaldkoenig-lang1205\" src=\"https:\/\/www.freiburg-schwarzwald.de\/blog\/wp-content\/uploads\/2012\/06\/schwarzwaldkoenig-lang1205-127x180.jpg\" alt=\"\" width=\"127\" height=\"180\" srcset=\"https:\/\/www.freiburg-schwarzwald.de\/blog\/wp-content\/uploads\/2012\/06\/schwarzwaldkoenig-lang1205-127x180.jpg 127w, https:\/\/www.freiburg-schwarzwald.de\/blog\/wp-content\/uploads\/2012\/06\/schwarzwaldkoenig-lang1205.jpg 355w\" sizes=\"auto, (max-width: 127px) 100vw, 127px\" \/><\/a><p id=\"caption-attachment-4537\" class=\"wp-caption-text\">Veranstalter Alexander Lang an der Stra\u00dfe zum Kandel, die zur Schwarzwaldk\u00f6nig-Serie z\u00e4hlt. Foto TJA<\/p><\/div>\n<p>SCHWARZWALDK\u00d6NIG &#8211; In vier Bergzeitfahrten vom Blauen zum Kandel<\/p>\n<p>24. JUNI:\u00a0Blauenk\u00f6nig, Start Schlo\u00dfplatz beim Kurhaus Badenweiler. ZielHochblauen (1 165m).<br \/>\nL\u00e4nge: 9 km, ca. 750 H\u00f6henmeter.<br \/>\n1. JULI: Bergsprintk\u00f6nig Ebringen, Start Ebringen Ortszentrum, Ziel Berghauser Kapelle am Sch\u00f6nberg.<br \/>\nL\u00e4nge: ca. 3 km, ca. 250 H\u00f6henmeter.<br \/>\n8. JULI: Kandelk\u00f6nig, Start Marktplatz Waldkirch, Ziel Kandel (1241m).<br \/>\nL\u00e4nge: 12 km, ca. 930 H\u00f6henmeter.<br \/>\n22. JULI: Schauinslandk\u00f6nig, Start Bohrer, Ziel Schauinsland\u00a0(1284m),<br \/>\nL\u00e4nge: 11,5 km,\u00a0ca. 800 H\u00f6henmeter.<br \/>\n<a href=\"https:\/\/www.schwarzwaldkoenig.de\">www.schwarzwaldkoenig.de<\/a><\/p>\n<p>&nbsp;<\/p>\n","protected":false},"excerpt":{"rendered":"<p>Vor f\u00fcnf Jahren feierte der Schauinslandk\u00f6nig Premiere. Dieses Bergzeitfahren ist\u00a0 f\u00fcr Hobbyradler und ambitionierte Athleten l\u00e4ngst zumfixen Termin geworden. F\u00fcr Veranstalter Alexander Lang h\u00f6chste Zeit, mit drei weiteren Bergen und einer nun vierteiligen Serie f\u00fcr neue Herausforderungen zu sorgen: dem &hellip; <a href=\"https:\/\/www.freiburg-schwarzwald.de\/blog\/schwarzwaldkonig-als-vierteilige-serie-von-bergzeitfahren-einmalig-in-d\/\">Weiterlesen <span class=\"meta-nav\">&rarr;<\/span><\/a><\/p>\n","protected":false},"author":2,"featured_media":0,"comment_status":"open","ping_status":"closed","sticky":false,"template":"","format":"standard","meta":{"footnotes":""},"categories":[75,180],"tags":[],"class_list":["post-4534","post","type-post","status-publish","format-standard","hentry","category-biken","category-hochschwarzwald"],"_links":{"self":[{"href":"https:\/\/www.freiburg-schwarzwald.de\/blog\/wp-json\/wp\/v2\/posts\/4534","targetHints":{"allow":["GET"]}}],"collection":[{"href":"https:\/\/www.freiburg-schwarzwald.de\/blog\/wp-json\/wp\/v2\/posts"}],"about":[{"href":"https:\/\/www.freiburg-schwarzwald.de\/blog\/wp-json\/wp\/v2\/types\/post"}],"author":[{"embeddable":true,"href":"https:\/\/www.freiburg-schwarzwald.de\/blog\/wp-json\/wp\/v2\/users\/2"}],"replies":[{"embeddable":true,"href":"https:\/\/www.freiburg-schwarzwald.de\/blog\/wp-json\/wp\/v2\/comments?post=4534"}],"version-history":[{"count":0,"href":"https:\/\/www.freiburg-schwarzwald.de\/blog\/wp-json\/wp\/v2\/posts\/4534\/revisions"}],"wp:attachment":[{"href":"https:\/\/www.freiburg-schwarzwald.de\/blog\/wp-json\/wp\/v2\/media?parent=4534"}],"wp:term":[{"taxonomy":"category","embeddable":true,"href":"https:\/\/www.freiburg-schwarzwald.de\/blog\/wp-json\/wp\/v2\/categories?post=4534"},{"taxonomy":"post_tag","embeddable":true,"href":"https:\/\/www.freiburg-schwarzwald.de\/blog\/wp-json\/wp\/v2\/tags?post=4534"}],"curies":[{"name":"wp","href":"https:\/\/api.w.org\/{rel}","templated":true}]}}