{"id":45129,"date":"2014-02-08T16:16:04","date_gmt":"2014-02-08T15:16:04","guid":{"rendered":"https:\/\/www.freiburg-schwarzwald.de\/blog\/?p=45129"},"modified":"2014-02-08T16:22:32","modified_gmt":"2014-02-08T15:22:32","slug":"musikschule-instrumente-testen","status":"publish","type":"post","link":"https:\/\/www.freiburg-schwarzwald.de\/blog\/musikschule-instrumente-testen\/","title":{"rendered":"Musikschule Instrumente testen"},"content":{"rendered":"<p>Die <a title=\"Jugend-musiziert\" href=\"https:\/\/www.freiburg-schwarzwald.de\/blog\/vereine\/musikvereine\/jugend-musiziert\/\">Musikschule Freiburg<\/a> setzt in den kommenden Wochen die Reihe von Infoveranstaltungen fort, mit denen sie sich und ihr Angebot in den Stadtteilen pr\u00e4sentiert. Dabei gibt es jeweils kurze Vorf\u00fchrungen und die M\u00f6glichkeit, sich von Musikschullehrern individuell beraten zu lassen. Alle Interessierten k\u00f6nnen <a title=\"Musik\" href=\"https:\/\/www.freiburg-schwarzwald.de\/blog\/kultur\/musik\/\">Musikinstrumente<\/a> unter Anleitung ausprobieren. Der Eintritt ist frei. Weitere Ausk\u00fcnfte gibt es im Sekretariat der Musikschule Freiburg <!--more-->unter \u2005Tel 0761\/ 8885128-0 sowie im Internet unter\u00a0<a style=\"font-size: 12px;\" title=\"\" href=\"https:\/\/www.musikschule-freiburg.de\/\" target=\"_blank\">https:\/\/www.musikschule-freiburg.de<\/a><span style=\"font-size: 12px;\">\u00a0Ein Unterrichtsbeginn ist in den meisten Instrumentalf\u00e4chern zum April m\u00f6glich. Neue Kurse der Elementaren Musik beginnen zum Oktober. Die Termine im einzelnen:<\/span><br \/>\nSt. Georgen:\u00a0Sonntag, 9. Februar, 16 bis 17 Uhr, Gemeindezentrum St. Georg, Hartkirchweg 50 b (Instrumente zum Ausprobieren: Klavier, Violincello, Saxophon, Gitarre, Blockfl\u00f6te, Musikalische Fr\u00fcherziehung, Violine).<br \/>\nHaslach:\u00a0Freitag, 14. Februar, 16 bis 17\u2005Uhr, Stadtteilbibliothek, Staudingerstra\u00dfe 10 (Klavier, Musikalische Fr\u00fcherziehung, Cello).Rieselfeld:\u00a0Samstag, 15. Februar, 11 bis 13\u2005Uhr, &#8222;Glashaus&#8220;, Maria-von-Rudloff-Platz 2 (Blockfl\u00f6te, Klavier, Klarinette, Trompete, Saxophon, Violine, Gitarre, Querfl\u00f6te, Schlagzeug, Posaune).<\/p>\n<p>Wiehre:\u00a0Samstag, 15. Februar, 16 Uhr, &#8222;Haus der Jugend&#8220;, Uhlandstra\u00dfe\u20052 (Blockfl\u00f6te, Querfl\u00f6te, Horn, Gitarre, Violine, Kontrabass, Klavier, Musikalische Fr\u00fcherziehung, Klavier-Garten).<\/p>\n<p>Ebnet:\u00a0offener Unterricht (Gitarre, Violine) am Dienstag, 18. Februar, 14 bis 19\u2005Uhr, und am Donnerstag, 20. Februar, 13.45 bis 16.30 Uhr, in der Feyelgrundschule, Unteres Gr\u00fcn 13 (Raum 1\/Musikraum).<\/p>\n<p>Littenweiler:\u00a0Infokonzert und Instrumente ausprobieren am Dienstag, 18. Februar, 16\u2005Uhr, Reinhold-Schneider-Schule, Lindenmattenstra\u00dfe 2 (Klavier, Violine, Gitarre, Ukulele, Blockfl\u00f6te; offener Unterricht in einigen F\u00e4chern und Instrumentenkarussell bereits ab 15.15 Uhr).<\/p>\n<p>St\u00fchlinger:\u00a0Dienstag, 18. Februar, 18 bis 19 Uhr, Mensa der Hebelschule, Engelbergerstra\u00dfe\u20052(Querfl\u00f6te, Blockfl\u00f6te, Gitarre, Klavier, Instrumenten-Karussell).<br \/>\nLandwasser:\u00a0Freitag, 21. Februar, 16 bis 17 Uhr, Kita Landwasser, Auwaldstra\u00dfe\u2005100 (Blockfl\u00f6te, Klavier, Gitarre, Singen \u2013 Bewegen \u2013 Sprechen).<\/p>\n<p>Betzenhausen:\u00a0Freitag, 21. Februar, 14 bis 15 Uhr, Anne-Frank-Schule, Wilmersdorfer Stra\u00dfe 19 (Querfl\u00f6te, Gitarre, Klavier, Blockfl\u00f6te).<\/p>\n<p>Kappel:\u00a0offener Unterricht (Blockfl\u00f6te) am Samstag, 20. Februar, 15.15 bis 17\u2005Uhr in der Schauinslandgrundschule, Moosmattenstra\u00dfe 16 (Raum 202).<\/p>\n<p>Br\u00fchl-Beurbarung:\u00a0Samstag, 22. Februar, 9 bis 11 Uhr, Lortzingschule, Lortzingstra\u00dfe 1 (Gitarre, Klavier, Blockfl\u00f6te, Kontrabass, Combonation, Instrumentenkarussell).<\/p>\n<p>Herdern:\u00a0Samstag, 22. Februar, 10 bis 12\u2005Uhr, Aula Weiherhofschule, Schl\u00fcsselstra\u00dfe 5 (Musikalische Fr\u00fcherziehung, Blockfl\u00f6te, Gitarre, Klarinette, Klavier, Violine, Viola, Saxophon, Violoncello).<\/p>\n<p>Z\u00e4hringen:\u00a0Sonntag, 23. Februar, 10 bis 12 Uhr, Emil-G\u00f6tt-Schule, Kirchhofweg\u20059 (Blockfl\u00f6te, Querfl\u00f6te, Klavier, Trompete, Gitarre, Musikalische Fr\u00fcherziehung).<\/p>\n<p>Vauban:\u00a0Samstag, 23. Februar, 11 bis 13\u2005Uhr, Karoline-Kaspar-Schule, Paula-Modersohn-Platz 1 (Blockfl\u00f6te, Klavier, Violine, Gitarre, Querfl\u00f6te, Viola, Cello, Oboe, Klarinette, Waldhorn, musikalische Fr\u00fcherziehung, Musik-Werkstatt).<\/p>\n","protected":false},"excerpt":{"rendered":"<p>Die Musikschule Freiburg setzt in den kommenden Wochen die Reihe von Infoveranstaltungen fort, mit denen sie sich und ihr Angebot in den Stadtteilen pr\u00e4sentiert. Dabei gibt es jeweils kurze Vorf\u00fchrungen und die M\u00f6glichkeit, sich von Musikschullehrern individuell beraten zu lassen. &hellip; <a href=\"https:\/\/www.freiburg-schwarzwald.de\/blog\/musikschule-instrumente-testen\/\">Weiterlesen <span class=\"meta-nav\">&rarr;<\/span><\/a><\/p>\n","protected":false},"author":2,"featured_media":0,"comment_status":"open","ping_status":"closed","sticky":false,"template":"","format":"standard","meta":{"footnotes":""},"categories":[18,54,49,60,120,125],"tags":[32,518,585],"class_list":["post-45129","post","type-post","status-publish","format-standard","hentry","category-bildung","category-ehrenamt","category-freiburg","category-jugend","category-musik","category-musikvereine","tag-jugendmusik","tag-music","tag-schule"],"_links":{"self":[{"href":"https:\/\/www.freiburg-schwarzwald.de\/blog\/wp-json\/wp\/v2\/posts\/45129","targetHints":{"allow":["GET"]}}],"collection":[{"href":"https:\/\/www.freiburg-schwarzwald.de\/blog\/wp-json\/wp\/v2\/posts"}],"about":[{"href":"https:\/\/www.freiburg-schwarzwald.de\/blog\/wp-json\/wp\/v2\/types\/post"}],"author":[{"embeddable":true,"href":"https:\/\/www.freiburg-schwarzwald.de\/blog\/wp-json\/wp\/v2\/users\/2"}],"replies":[{"embeddable":true,"href":"https:\/\/www.freiburg-schwarzwald.de\/blog\/wp-json\/wp\/v2\/comments?post=45129"}],"version-history":[{"count":0,"href":"https:\/\/www.freiburg-schwarzwald.de\/blog\/wp-json\/wp\/v2\/posts\/45129\/revisions"}],"wp:attachment":[{"href":"https:\/\/www.freiburg-schwarzwald.de\/blog\/wp-json\/wp\/v2\/media?parent=45129"}],"wp:term":[{"taxonomy":"category","embeddable":true,"href":"https:\/\/www.freiburg-schwarzwald.de\/blog\/wp-json\/wp\/v2\/categories?post=45129"},{"taxonomy":"post_tag","embeddable":true,"href":"https:\/\/www.freiburg-schwarzwald.de\/blog\/wp-json\/wp\/v2\/tags?post=45129"}],"curies":[{"name":"wp","href":"https:\/\/api.w.org\/{rel}","templated":true}]}}