{"id":45097,"date":"2014-02-07T22:31:30","date_gmt":"2014-02-07T21:31:30","guid":{"rendered":"https:\/\/www.freiburg-schwarzwald.de\/blog\/?p=45097"},"modified":"2014-02-07T22:32:09","modified_gmt":"2014-02-07T21:32:09","slug":"polizeiposten-in-kirchzarten","status":"publish","type":"post","link":"https:\/\/www.freiburg-schwarzwald.de\/blog\/polizeiposten-in-kirchzarten\/","title":{"rendered":"Polizeiposten in Kirchzarten"},"content":{"rendered":"<p>Wir sind die Polizei f\u00fcrs Dreisamtal:\u00a0<a title=\"Polizei\" href=\"https:\/\/www.freiburg-schwarzwald.de\/blog\/selbsthilfe\/soziales\/justiz\/polizei\/\">Polizeiposten<\/a> Kirchzarten freut sich auf neue R\u00e4ume \u2013 Leiter Armin Gleichauf wechselt nach Freiburg.\u00a0Wenn alles mit dem Neubau gegen\u00fcber <a title=\"Kirchzarten\" href=\"https:\/\/www.freiburg-schwarzwald.de\/blog\/regio\/orte\/kirchzarten\/\">Kirchzartens<\/a>\u00a0Bahnhof planm\u00e4\u00dfig weiterl\u00e4uft, wird der Polizeiposten Kirchzarten im Sp\u00e4tsommer aus seinen beengten R\u00e4umlichkeiten in der Stegener Stra\u00dfe 7 in neue zweckm\u00e4\u00dfige Dienstr\u00e4ume umziehen. <!--more-->Architekt Tobias Hahlbrock best\u00e4tigte dem \u201eDreisamt\u00e4ler\u201c diesen Termin. Dann haben die neun Polizeibeamten und zwei Schreibkr\u00e4fte mehr Platz und k\u00f6nnen ihre Aufgaben angenehmer erf\u00fcllen. \u201eUnd die B\u00fcrger, die zu uns kommen, haben dann mehr Ruhe f\u00fcr ihre Gespr\u00e4che mit den Kollegen\u201c, freut sich Polizeihauptkommissar Armin Gleichauf. Es g\u00e4be dann auch Sozialr\u00e4ume, die bisher in den engen R\u00e4umlichkeiten, die eigentlich eine Wohnung w\u00e4ren, fehlten. \u201eUnd vielleicht werden dann die Fahrraddiebst\u00e4hle am Bahnhof weniger, weil wir von gegen\u00fcber ein Auge auf die Stellpl\u00e4tze haben\u201c, hofft Gleichauf schmunzelnd.<br \/>\nDer sympathische Polizeibeamte Gleichauf, der seit 2006 den Polizeiposten Kirchzarten leitet, wird diesen Umzug nicht mehr mitmachen. Er wartet t\u00e4glich auf den Vollzug seiner Versetzung ans Polizeipr\u00e4sidium Freiburg. Hier hat der 50J\u00e4hrige im Rahmen des Gesundheitsmanagements der Polizei eine neue Verantwortung als Sport- und Gesundheitsmanager \u00fcbernommen. Gemeinsam mit 70 \u00dcbungsleitern innerhalb des Polizeipr\u00e4sidiums ist er dann beispielsweise f\u00fcr die Organisation des Dienstsportes oder von gro\u00dfen Polizeisportfesten zust\u00e4ndig.<\/p>\n<p>Armin Gleichauf lebt in Oberried und ist seit 1981 bei der Polizei. Er war viereinhalb Jahre zur Ausbildung und Einsatzbereitschaft in Lahr und ging dann vier Jahre nach Stuttgart. Seit 1989 geh\u00f6rt er dem Polizeirevier Freiburg-S\u00fcd, zu dem auch der Posten Kirchzarten geh\u00f6rt, an. Von 1996 bis 1998 besuchte er die Fachhochschule Villingen-Schwenningen und schloss dort als Diplom-Verwaltungswirt, Fachrichtung Polizei, ab.<\/p>\n<p>In seiner Kirchzartener Zeit war er gemeinsam mit seinen Kollegen an vielen aktuellen Eins\u00e4tzen, aber auch langfristigen pr\u00e4ventiven Projekten beteiligt. Der Polizeiposten ist immerhin f\u00fcr eine Fl\u00e4che von 200 Quadratmetern und 25.000 Einwohner zust\u00e4ndig: \u201eWir sind die Polizei f\u00fcrs Dreisamtal.\u201c Da gibt es z.B. mit vielen Veranstaltungen, davon 70 w\u00e4hrend der Fasnet, dem Bergwildpark Steinwasen, den Skigebieten, den Campingpl\u00e4tzen oder bei gro\u00dfen Br\u00e4nden oftmals besondere Herausforderungen. Das Projekt \u201eGewaltfrei feiern\u201c fand landesweite Beachtung. Die Jugendsachbearbeiterin der Polizei, Heike Mann, lobt dabei die gute Zusammenarbeit mit der Jugendpflege. 21 Schulen mit 4.500 Sch\u00fclern geh\u00f6ren zum Polizeiposten Kirchzarten und erfahren z.B. gute Gewaltberatung. Bis zur Kl\u00e4rung der Nachfolge von Armin Gleichauf ist Marlen Schmidt seine kommissarische Stellvertreterin.<\/p>\n<p><a href=\"https:\/\/www.freiburg-schwarzwald.de\/blog\/polizeiposten-in-kirchzarten\/polizei-kiza140206\/\" rel=\"attachment wp-att-45098\"><img loading=\"lazy\" decoding=\"async\" class=\"alignnone size-thumbnail wp-image-45098\" alt=\"polizei-kiza140206\" src=\"https:\/\/www.freiburg-schwarzwald.de\/blog\/wp-content\/uploads\/2014\/02\/polizei-kiza140206-180x119.jpg\" width=\"180\" height=\"119\" srcset=\"https:\/\/www.freiburg-schwarzwald.de\/blog\/wp-content\/uploads\/2014\/02\/polizei-kiza140206-180x119.jpg 180w, https:\/\/www.freiburg-schwarzwald.de\/blog\/wp-content\/uploads\/2014\/02\/polizei-kiza140206-640x425.jpg 640w, https:\/\/www.freiburg-schwarzwald.de\/blog\/wp-content\/uploads\/2014\/02\/polizei-kiza140206.jpg 641w\" sizes=\"auto, (max-width: 180px) 100vw, 180px\" \/><\/a><\/p>\n<p>Beim Polizeiposten Kirchzarten: Armin Gleichauf, Heike Mann und Marlen Schmidt (v.l.).\u00a0Foto: Gerhard L\u00fcck<\/p>\n<p>Der Polizeiposten Kirchzarten ist als \u201eTagesdienststelle\u201c von Montag bis Freitag von 7:30 bis 16:30 Uhr, dienstags bis 19 Uhr, in der Stegener Stra\u00dfe 7, Telefon 07661 90870, erreichbar. Au\u00dferhalb dieser Zeiten kann das Polizeirevier Freiburg-S\u00fcd, Telefon 0761 8824421 angerufen werden. Bei akuten Notf\u00e4llen ist immer die 110, bei Feuer 112, zu w\u00e4hlen.<\/p>\n<p>7.2.2014, Gerhard L\u00fcck, Der Dreisamt\u00e4ler<\/p>\n","protected":false},"excerpt":{"rendered":"<p>Wir sind die Polizei f\u00fcrs Dreisamtal:\u00a0Polizeiposten Kirchzarten freut sich auf neue R\u00e4ume \u2013 Leiter Armin Gleichauf wechselt nach Freiburg.\u00a0Wenn alles mit dem Neubau gegen\u00fcber Kirchzartens\u00a0Bahnhof planm\u00e4\u00dfig weiterl\u00e4uft, wird der Polizeiposten Kirchzarten im Sp\u00e4tsommer aus seinen beengten R\u00e4umlichkeiten in der Stegener &hellip; <a href=\"https:\/\/www.freiburg-schwarzwald.de\/blog\/polizeiposten-in-kirchzarten\/\">Weiterlesen <span class=\"meta-nav\">&rarr;<\/span><\/a><\/p>\n","protected":false},"author":2,"featured_media":0,"comment_status":"open","ping_status":"closed","sticky":false,"template":"","format":"standard","meta":{"footnotes":""},"categories":[21,36,9],"tags":[431,484,405,388],"class_list":["post-45097","post","type-post","status-publish","format-standard","hentry","category-dienste","category-engagement","category-soziales","tag-gerecht","tag-kommune","tag-polizei","tag-social"],"_links":{"self":[{"href":"https:\/\/www.freiburg-schwarzwald.de\/blog\/wp-json\/wp\/v2\/posts\/45097","targetHints":{"allow":["GET"]}}],"collection":[{"href":"https:\/\/www.freiburg-schwarzwald.de\/blog\/wp-json\/wp\/v2\/posts"}],"about":[{"href":"https:\/\/www.freiburg-schwarzwald.de\/blog\/wp-json\/wp\/v2\/types\/post"}],"author":[{"embeddable":true,"href":"https:\/\/www.freiburg-schwarzwald.de\/blog\/wp-json\/wp\/v2\/users\/2"}],"replies":[{"embeddable":true,"href":"https:\/\/www.freiburg-schwarzwald.de\/blog\/wp-json\/wp\/v2\/comments?post=45097"}],"version-history":[{"count":0,"href":"https:\/\/www.freiburg-schwarzwald.de\/blog\/wp-json\/wp\/v2\/posts\/45097\/revisions"}],"wp:attachment":[{"href":"https:\/\/www.freiburg-schwarzwald.de\/blog\/wp-json\/wp\/v2\/media?parent=45097"}],"wp:term":[{"taxonomy":"category","embeddable":true,"href":"https:\/\/www.freiburg-schwarzwald.de\/blog\/wp-json\/wp\/v2\/categories?post=45097"},{"taxonomy":"post_tag","embeddable":true,"href":"https:\/\/www.freiburg-schwarzwald.de\/blog\/wp-json\/wp\/v2\/tags?post=45097"}],"curies":[{"name":"wp","href":"https:\/\/api.w.org\/{rel}","templated":true}]}}