{"id":45088,"date":"2014-02-07T22:17:57","date_gmt":"2014-02-07T21:17:57","guid":{"rendered":"https:\/\/www.freiburg-schwarzwald.de\/blog\/?p=45088"},"modified":"2014-02-07T22:17:57","modified_gmt":"2014-02-07T21:17:57","slug":"kirchl-sozialstation-dreisamtal","status":"publish","type":"post","link":"https:\/\/www.freiburg-schwarzwald.de\/blog\/kirchl-sozialstation-dreisamtal\/","title":{"rendered":"Kirchl. Sozialstation Dreisamtal"},"content":{"rendered":"<p>Ver\u00e4nderungen bei<a title=\"Sozialstation\" href=\"https:\/\/www.freiburg-schwarzwald.de\/blog\/selbsthilfe\/soziales\/sozialstation\/\"> Sozialstationen<\/a> wegen der <a title=\"Seelsorgeeinheit Dreisamtal\" href=\"https:\/\/www.freiburg-schwarzwald.de\/blog\/seelsorgeeinheit-dreisamtal\/\">Seelsorgeeinheiten<\/a>.\u00a0Die Rechtsform musste ge\u00e4ndert werden \u2013 Keine Auswirkungen auf Kunden und Mitarbeiter. Wie unterschiedlich der Alltag in der \u201eKirchlichen Sozialstation Dreisamtal\u201c sein kann, wurde jetzt wieder deutlich. So hatten vor kurzem erst die Mitarbeiterinnen der Sozialstation Rita Pfister, Renate Buchgeister und Birgitta Jenne <!--more-->mit den Pfarrern Boldt und M\u00fchlherr einen besinnlichen \u00f6kumenischen Gedenkgottesdienst gestaltet. Dabei gedachten sie mit Angeh\u00f6rigen der Verstorbenen des letzten Jahres, z\u00fcndeten eine Kerze an und legten eine Gedenkscheibe nieder. Pfarrer Werner M\u00fchlherr stellte fest: \u201eTrauernde tr\u00f6sten und Trauernde nicht alleine lassen war an diesem Nachmittag erfahrbar.\u201c<br \/>\nWenige Tage sp\u00e4ter sp\u00fcrten Vorstand und Mitglieder des Tr\u00e4gervereins der Sozialstation die reale Welt der Leitung eines Unternehmens, das immerhin fast 70 Mitarbeitende besch\u00e4ftigt. Im \u201eHaus der Generationen\u201c trafen sie sich mit Vertretern der Pfarrgemeinden aus Kirchzarten, Oberried, Hofsgrund, Stegen, Eschbach, Buchenbach, St. Peter und St. M\u00e4rgen, um aus dem seit 1979 bestehenden \u201eeingetragenen Verein Kirchliche Sozialstation (e.V.)\u201c eine \u201egemeinn\u00fctzige Gesellschaft mit beschr\u00e4nkter Haftung (gGmbH)\u201c zu machen. Dieser Schritt in der \u201ehistorischen Sitzung\u201c, wie der Vorsitzende Helmut Gremmelspacher zu Beginn bemerkte, war notwendig geworden, weil die bisherigen acht Pfarrgemeinden nach dem Zusammenschluss zu zwei Seelsorgeeinheiten keine Rechtstr\u00e4gerschaft in einem eingetragenen Verein \u00fcbernehmen k\u00f6nnen. Was in der Mitgliederversammlung nun mit der fachlichen Unterst\u00fctzung von Notar Werner Bauer sehr juristisch anmutete, hat \u2013 und das ist die positive Botschaft \u2013 weder irgendwelche Auswirkungen auf die Kunden und ihre Pflege noch auf das Arbeitsverh\u00e4ltnis der Mitarbeitenden.<\/p>\n<p>Ein eingetragener Verein muss mindestens sieben Mitglieder zur Gr\u00fcndung und dann zum Fortbestand immer noch drei Mitglieder haben. Deshalb gibt es nach der Gr\u00fcndung der Seelsorgeeinheiten Dreisamtal und St. Peter-St. M\u00e4rgen keine Bestandssicherung mehr f\u00fcr den Verein. Die Suche nach einem dritten Mitglied blieb erfolglos und so orientierte sich die Sozialstation an Empfehlungen vom Di\u00f6zesan-Caritasverband und Erzbisch\u00f6flichem Ordinariat. In der \u201egGmbH\u201c sind die bisherigen Pfarreien nun laut Gesellschaftervertrag mit verschiedenen Anteilen als Gesellschafter vertreten und bringen gemeinsam 27.000 Euro Stammkapital \u2013 25.000 Euro w\u00e4ren notwendig gewesen \u2013 in die gGmbH ein. Die zuk\u00fcnftigen Gesellschafter w\u00e4hlten dann einen Aufsichtsrat, der mit dem bisherigen Vorstand vergleichbar ist: Helmut Gremmelspacher (wurde neuer Aufsichtsratsvorsitzender), Wendelin Drescher (Stellvertreter), Ingrid Hug, Bernhard Eiermann und Hubert Willmann. Der Aufsichtsrat holte sich dann noch beratend den Kirchzartener B\u00fcrgermeister Andreas Hall f\u00fcr die Kontakte zu den Kommunen und den Vorstand des Kreis-Caritasverbandes, Jochen Kandziorra, als Verbindung zum kirchlichen Wohlfahrtsverband ins Gremium. Gesch\u00e4ftsf\u00fchrerin bleibt Christine Hodel.\u00a0\u201eWir hei\u00dfen jetzt anders, aber es \u00e4ndert sich nichts Wesentliches\u201c, stellte Gremmelspacher zum Schluss fest, \u201ewir werden weiter k\u00e4mpfen.\u201c Damit spielte er auf die immer schwieriger werdende Finanzierung der Arbeit durch die Krankenkassen an. Notar Werner Bauer machte nochmals deutlich, dass der Handelsregistereintrag erst m\u00f6glich wird, wenn eine ordentliche Schluss- und Er\u00f6ffnungsbilanz vorliegt: \u201eSo lange haben alle Entscheidungen von heute Abend nur eine schwebende Wirksamkeit.\u201c<\/p>\n<p><a href=\"https:\/\/www.freiburg-schwarzwald.de\/blog\/kirchl-sozialstation-dreisamtal\/sozialstationen140206\/\" rel=\"attachment wp-att-45089\"><img loading=\"lazy\" decoding=\"async\" class=\"alignnone size-thumbnail wp-image-45089\" alt=\"sozialstationen140206\" src=\"https:\/\/www.freiburg-schwarzwald.de\/blog\/wp-content\/uploads\/2014\/02\/sozialstationen140206-180x120.jpg\" width=\"180\" height=\"120\" srcset=\"https:\/\/www.freiburg-schwarzwald.de\/blog\/wp-content\/uploads\/2014\/02\/sozialstationen140206-180x120.jpg 180w, https:\/\/www.freiburg-schwarzwald.de\/blog\/wp-content\/uploads\/2014\/02\/sozialstationen140206.jpg 640w\" sizes=\"auto, (max-width: 180px) 100vw, 180px\" \/><\/a><\/p>\n<p>Der zuk\u00fcnftige Aufsichtsrat der Kirchlichen Sozialstation: Bernhard Eiermann, Jochen Kandziorra, Andreas Hall, Christine Hodel, Hubert Willmann, Ingrid Hug, Wendelin Drescher und Helmut Gremmelspacher (v.l.).<br \/>\nFoto: Gerhard L\u00fcck<\/p>\n<p>7.2.2014, Gerhard L\u00fcck, <a href=\"https:\/\/www.dreisamtaeler.de \">www.dreisamtaeler.de<\/a><\/p>\n","protected":false},"excerpt":{"rendered":"<p>Ver\u00e4nderungen bei Sozialstationen wegen der Seelsorgeeinheiten.\u00a0Die Rechtsform musste ge\u00e4ndert werden \u2013 Keine Auswirkungen auf Kunden und Mitarbeiter. Wie unterschiedlich der Alltag in der \u201eKirchlichen Sozialstation Dreisamtal\u201c sein kann, wurde jetzt wieder deutlich. So hatten vor kurzem erst die Mitarbeiterinnen der &hellip; <a href=\"https:\/\/www.freiburg-schwarzwald.de\/blog\/kirchl-sozialstation-dreisamtal\/\">Weiterlesen <span class=\"meta-nav\">&rarr;<\/span><\/a><\/p>\n","protected":false},"author":2,"featured_media":0,"comment_status":"open","ping_status":"closed","sticky":false,"template":"","format":"standard","meta":{"footnotes":""},"categories":[261,89,9],"tags":[714,388,37],"class_list":["post-45088","post","type-post","status-publish","format-standard","hentry","category-katholisch","category-kirchen","category-soziales","tag-pflege","tag-social","tag-sozialstation"],"_links":{"self":[{"href":"https:\/\/www.freiburg-schwarzwald.de\/blog\/wp-json\/wp\/v2\/posts\/45088","targetHints":{"allow":["GET"]}}],"collection":[{"href":"https:\/\/www.freiburg-schwarzwald.de\/blog\/wp-json\/wp\/v2\/posts"}],"about":[{"href":"https:\/\/www.freiburg-schwarzwald.de\/blog\/wp-json\/wp\/v2\/types\/post"}],"author":[{"embeddable":true,"href":"https:\/\/www.freiburg-schwarzwald.de\/blog\/wp-json\/wp\/v2\/users\/2"}],"replies":[{"embeddable":true,"href":"https:\/\/www.freiburg-schwarzwald.de\/blog\/wp-json\/wp\/v2\/comments?post=45088"}],"version-history":[{"count":0,"href":"https:\/\/www.freiburg-schwarzwald.de\/blog\/wp-json\/wp\/v2\/posts\/45088\/revisions"}],"wp:attachment":[{"href":"https:\/\/www.freiburg-schwarzwald.de\/blog\/wp-json\/wp\/v2\/media?parent=45088"}],"wp:term":[{"taxonomy":"category","embeddable":true,"href":"https:\/\/www.freiburg-schwarzwald.de\/blog\/wp-json\/wp\/v2\/categories?post=45088"},{"taxonomy":"post_tag","embeddable":true,"href":"https:\/\/www.freiburg-schwarzwald.de\/blog\/wp-json\/wp\/v2\/tags?post=45088"}],"curies":[{"name":"wp","href":"https:\/\/api.w.org\/{rel}","templated":true}]}}