{"id":45002,"date":"2014-02-06T19:36:38","date_gmt":"2014-02-06T18:36:38","guid":{"rendered":"https:\/\/www.freiburg-schwarzwald.de\/blog\/?p=45002"},"modified":"2021-01-23T20:34:15","modified_gmt":"2021-01-23T19:34:15","slug":"gegendrum-am-schauinsland","status":"publish","type":"post","link":"https:\/\/www.freiburg-schwarzwald.de\/blog\/gegendrum-am-schauinsland\/","title":{"rendered":"Gegendrum am Schauinsland"},"content":{"rendered":"<p>Gegendrum ist ein S\u00fcdhang oben am <a title=\"Schauinsland\" href=\"https:\/\/www.freiburg-schwarzwald.de\/blog\/regio\/berge\/schauinsland\/\">Schauinsland<\/a> zwischen dem\u00a0<a title=\"Museum\" href=\"https:\/\/www.freiburg-schwarzwald.de\/blog\/kultur\/museum\/\">Schniederlihof<\/a> im Osten und der Kirche <a title=\"Hofsgrund\" href=\"https:\/\/www.freiburg-schwarzwald.de\/blog\/regio\/orte\/hofsgrund\/\">Hofsgrund<\/a>\u00a0im Westen bzw. dem\u00a0<a title=\"Bergwerk\" href=\"https:\/\/www.freiburg-schwarzwald.de\/blog\/natur\/geologie\/bergwerk\/\">Museumsbergwerk<\/a> oben im Norden und dem Dobelweiher unten im S\u00fcden. Eine Rundwanderung an diesem sonnigen Hang f\u00fchrt durch freie Wiesen und helle Buchenw\u00e4lder &#8211; stets den Feldberg im S\u00fcdosten im Blick.\u00a0<!--more-->\u00a0Von der Hofsgrunder Kirche f\u00fchrt der Weg durch freies Wiesengel\u00e4nde eben nach Osten bis zum Gegendrum-Wegweiser (9). Dort nicht eben weiter zum Schniederlihof gehen, sondern nach Norden hoch entlang der Rotlache zum Fallerh\u00e4usle. Dann weiter ca 400 m nach Nordosten hoch durch einen uralten Buchenwald (13), nun links westw\u00e4rts eben zum Eingang des Museumsbergwerks Schauinsland (interessante F\u00fchrungen mit dem B\u00e4hnle in den Erzkasten hinein). Auch hier ein herrlicher Blick hin\u00fcber zum Feldberg (20). Auf der Bergwerkszufahrt gehen wir fast eben nach Westen zur Bergstation der Schauinslandbahn. Wir schauen \u00fcber Gegendrum zum Feldberg (28). Nun nach S\u00fcden ca 300 m zum Rodelhang (29) hoch und von dort runter \u00fcber den Flammhof zur\u00fcck zur Kirche von Hofsgrund. Ein bequemer Rundweg mit viel weitem Ausblick und Sonne.<\/p>\n<p><a href=\"https:\/\/www.freiburg-schwarzwald.de\/blog\/regio\/orte\/hofsgrund\/hofsgrund2schniederlihof121025\/\" rel=\"attachment wp-att-14534\"><img loading=\"lazy\" decoding=\"async\" class=\"alignnone size-thumbnail wp-image-14534\" src=\"https:\/\/www.freiburg-schwarzwald.de\/blog\/wp-content\/uploads\/2012\/07\/hofsgrund2schniederlihof121025-180x135.jpg\" alt=\"hofsgrund2schniederlihof121025\" width=\"180\" height=\"135\" srcset=\"https:\/\/www.freiburg-schwarzwald.de\/blog\/wp-content\/uploads\/2012\/07\/hofsgrund2schniederlihof121025-180x135.jpg 180w, https:\/\/www.freiburg-schwarzwald.de\/blog\/wp-content\/uploads\/2012\/07\/hofsgrund2schniederlihof121025.jpg 640w\" sizes=\"auto, (max-width: 180px) 100vw, 180px\" \/><\/a>\u00a0 \u00a0 \u00a0 \u00a0 \u00a0\u00a0<a href=\"https:\/\/www.freiburg-schwarzwald.de\/blog\/gegendrum-am-schauinsland\/hofsgrund1friedhof140131\/\" rel=\"attachment wp-att-45003\"><img loading=\"lazy\" decoding=\"async\" class=\"alignnone size-thumbnail wp-image-45003\" src=\"https:\/\/www.freiburg-schwarzwald.de\/blog\/wp-content\/uploads\/2014\/02\/hofsgrund1friedhof140131-180x135.jpg\" alt=\"hofsgrund1friedhof140131\" width=\"180\" height=\"135\" srcset=\"https:\/\/www.freiburg-schwarzwald.de\/blog\/wp-content\/uploads\/2014\/02\/hofsgrund1friedhof140131-180x135.jpg 180w, https:\/\/www.freiburg-schwarzwald.de\/blog\/wp-content\/uploads\/2014\/02\/hofsgrund1friedhof140131-640x480.jpg 640w, https:\/\/www.freiburg-schwarzwald.de\/blog\/wp-content\/uploads\/2014\/02\/hofsgrund1friedhof140131.jpg 1000w\" sizes=\"auto, (max-width: 180px) 100vw, 180px\" \/><\/a>\u00a0 \u00a0 \u00a0 \u00a0 \u00a0 \u00a0\u00a0<a href=\"https:\/\/www.freiburg-schwarzwald.de\/blog\/gegendrum-am-schauinsland\/hofsgrund2friedhof140131\/\" rel=\"attachment wp-att-45004\"><img loading=\"lazy\" decoding=\"async\" class=\"alignnone size-thumbnail wp-image-45004\" src=\"https:\/\/www.freiburg-schwarzwald.de\/blog\/wp-content\/uploads\/2014\/02\/hofsgrund2friedhof140131-180x153.jpg\" alt=\"hofsgrund2friedhof140131\" width=\"180\" height=\"153\" srcset=\"https:\/\/www.freiburg-schwarzwald.de\/blog\/wp-content\/uploads\/2014\/02\/hofsgrund2friedhof140131-180x153.jpg 180w, https:\/\/www.freiburg-schwarzwald.de\/blog\/wp-content\/uploads\/2014\/02\/hofsgrund2friedhof140131-640x544.jpg 640w, https:\/\/www.freiburg-schwarzwald.de\/blog\/wp-content\/uploads\/2014\/02\/hofsgrund2friedhof140131.jpg 880w\" sizes=\"auto, (max-width: 180px) 100vw, 180px\" \/><\/a><br \/>\n(1) Blick Dobelweiher\u00a0 (2) Friedhof Hofsgrund\u00a0 (3) <a title=\"Kriegsdenkmal\" href=\"https:\/\/www.freiburg-schwarzwald.de\/blog\/engagement\/zukunft\/krieg\/kriegsdenkmal\/\">Kriegerdenkmal<\/a> Hofsgrund-Kirchhof<\/p>\n<p><a href=\"https:\/\/www.freiburg-schwarzwald.de\/blog\/gegendrum-am-schauinsland\/hofsgrund2feldberg140131\/\" rel=\"attachment wp-att-45005\"><img loading=\"lazy\" decoding=\"async\" class=\"alignnone size-thumbnail wp-image-45005\" src=\"https:\/\/www.freiburg-schwarzwald.de\/blog\/wp-content\/uploads\/2014\/02\/hofsgrund2feldberg140131-180x135.jpg\" alt=\"hofsgrund2feldberg140131\" width=\"180\" height=\"135\" srcset=\"https:\/\/www.freiburg-schwarzwald.de\/blog\/wp-content\/uploads\/2014\/02\/hofsgrund2feldberg140131-180x135.jpg 180w, https:\/\/www.freiburg-schwarzwald.de\/blog\/wp-content\/uploads\/2014\/02\/hofsgrund2feldberg140131.jpg 640w\" sizes=\"auto, (max-width: 180px) 100vw, 180px\" \/><\/a>\u00a0 \u00a0 \u00a0 \u00a0 \u00a0 \u00a0<a href=\"https:\/\/www.freiburg-schwarzwald.de\/blog\/gegendrum-am-schauinsland\/hofsgrund4kunst140131\/\" rel=\"attachment wp-att-45006\"><img loading=\"lazy\" decoding=\"async\" class=\"alignnone size-thumbnail wp-image-45006\" src=\"https:\/\/www.freiburg-schwarzwald.de\/blog\/wp-content\/uploads\/2014\/02\/hofsgrund4kunst140131-180x135.jpg\" alt=\"hofsgrund4kunst140131\" width=\"180\" height=\"135\" srcset=\"https:\/\/www.freiburg-schwarzwald.de\/blog\/wp-content\/uploads\/2014\/02\/hofsgrund4kunst140131-180x135.jpg 180w, https:\/\/www.freiburg-schwarzwald.de\/blog\/wp-content\/uploads\/2014\/02\/hofsgrund4kunst140131-640x480.jpg 640w, https:\/\/www.freiburg-schwarzwald.de\/blog\/wp-content\/uploads\/2014\/02\/hofsgrund4kunst140131.jpg 1000w\" sizes=\"auto, (max-width: 180px) 100vw, 180px\" \/><\/a>\u00a0 \u00a0 \u00a0 \u00a0 \u00a0\u00a0<a href=\"https:\/\/www.freiburg-schwarzwald.de\/blog\/gegendrum-am-schauinsland\/hofsgrund5gegendrumhof140131\/\" rel=\"attachment wp-att-45007\"><img loading=\"lazy\" decoding=\"async\" class=\"alignnone size-thumbnail wp-image-45007\" src=\"https:\/\/www.freiburg-schwarzwald.de\/blog\/wp-content\/uploads\/2014\/02\/hofsgrund5gegendrumhof140131-180x135.jpg\" alt=\"hofsgrund5gegendrumhof140131\" width=\"180\" height=\"135\" srcset=\"https:\/\/www.freiburg-schwarzwald.de\/blog\/wp-content\/uploads\/2014\/02\/hofsgrund5gegendrumhof140131-180x135.jpg 180w, https:\/\/www.freiburg-schwarzwald.de\/blog\/wp-content\/uploads\/2014\/02\/hofsgrund5gegendrumhof140131.jpg 640w\" sizes=\"auto, (max-width: 180px) 100vw, 180px\" \/><\/a><br \/>\n(4) Blick ostw\u00e4rts \u00fcber Hofsgrund\u00a0 \u00a0(5) NEST-Projekt am Weg 31.1.2014 \u00a0 \u00a0(6) Feldberg<\/p>\n<p><a href=\"https:\/\/www.freiburg-schwarzwald.de\/blog\/gegendrum-am-schauinsland\/hofsgrund6rotlache140131\/\" rel=\"attachment wp-att-45008\"><img loading=\"lazy\" decoding=\"async\" class=\"alignnone size-thumbnail wp-image-45008\" src=\"https:\/\/www.freiburg-schwarzwald.de\/blog\/wp-content\/uploads\/2014\/02\/hofsgrund6rotlache140131-135x180.jpg\" alt=\"hofsgrund6rotlache140131\" width=\"135\" height=\"180\" srcset=\"https:\/\/www.freiburg-schwarzwald.de\/blog\/wp-content\/uploads\/2014\/02\/hofsgrund6rotlache140131-135x180.jpg 135w, https:\/\/www.freiburg-schwarzwald.de\/blog\/wp-content\/uploads\/2014\/02\/hofsgrund6rotlache140131.jpg 480w\" sizes=\"auto, (max-width: 135px) 100vw, 135px\" \/><\/a>\u00a0 \u00a0 \u00a0 \u00a0 \u00a0 \u00a0 \u00a0 \u00a0 \u00a0 \u00a0 \u00a0 \u00a0 \u00a0<a href=\"https:\/\/www.freiburg-schwarzwald.de\/blog\/gegendrum-am-schauinsland\/hofsgrund7rotlachelift140131\/\" rel=\"attachment wp-att-45009\"><img loading=\"lazy\" decoding=\"async\" class=\"alignnone size-thumbnail wp-image-45009\" src=\"https:\/\/www.freiburg-schwarzwald.de\/blog\/wp-content\/uploads\/2014\/02\/hofsgrund7rotlachelift140131-180x135.jpg\" alt=\"hofsgrund7rotlachelift140131\" width=\"180\" height=\"135\" srcset=\"https:\/\/www.freiburg-schwarzwald.de\/blog\/wp-content\/uploads\/2014\/02\/hofsgrund7rotlachelift140131-180x135.jpg 180w, https:\/\/www.freiburg-schwarzwald.de\/blog\/wp-content\/uploads\/2014\/02\/hofsgrund7rotlachelift140131-640x480.jpg 640w, https:\/\/www.freiburg-schwarzwald.de\/blog\/wp-content\/uploads\/2014\/02\/hofsgrund7rotlachelift140131.jpg 1000w\" sizes=\"auto, (max-width: 180px) 100vw, 180px\" \/><\/a>\u00a0 \u00a0 \u00a0 \u00a0 \u00a0 \u00a0<a href=\"https:\/\/www.freiburg-schwarzwald.de\/blog\/gegendrum-am-schauinsland\/hofsgrund8gegendrum140131\/\" rel=\"attachment wp-att-45010\"><img loading=\"lazy\" decoding=\"async\" class=\"alignnone size-thumbnail wp-image-45010\" src=\"https:\/\/www.freiburg-schwarzwald.de\/blog\/wp-content\/uploads\/2014\/02\/hofsgrund8gegendrum140131-180x135.jpg\" alt=\"hofsgrund8gegendrum140131\" width=\"180\" height=\"135\" srcset=\"https:\/\/www.freiburg-schwarzwald.de\/blog\/wp-content\/uploads\/2014\/02\/hofsgrund8gegendrum140131-180x135.jpg 180w, https:\/\/www.freiburg-schwarzwald.de\/blog\/wp-content\/uploads\/2014\/02\/hofsgrund8gegendrum140131-640x480.jpg 640w, https:\/\/www.freiburg-schwarzwald.de\/blog\/wp-content\/uploads\/2014\/02\/hofsgrund8gegendrum140131.jpg 1000w\" sizes=\"auto, (max-width: 180px) 100vw, 180px\" \/><\/a><br \/>\n(7) Buche am Rotlache-Bach\u00a0 (8) Rotlache-Skilift, Blick s\u00fcdostw\u00e4rts \u00a0 (9) Gegendrum<\/p>\n<p><a href=\"https:\/\/www.freiburg-schwarzwald.de\/blog\/gegendrum-am-schauinsland\/hofsgrund9fallerhaeusle140131\/\" rel=\"attachment wp-att-45011\"><img loading=\"lazy\" decoding=\"async\" class=\"alignnone size-thumbnail wp-image-45011\" src=\"https:\/\/www.freiburg-schwarzwald.de\/blog\/wp-content\/uploads\/2014\/02\/hofsgrund9fallerhaeusle140131-180x135.jpg\" alt=\"hofsgrund9fallerhaeusle140131\" width=\"180\" height=\"135\" srcset=\"https:\/\/www.freiburg-schwarzwald.de\/blog\/wp-content\/uploads\/2014\/02\/hofsgrund9fallerhaeusle140131-180x135.jpg 180w, https:\/\/www.freiburg-schwarzwald.de\/blog\/wp-content\/uploads\/2014\/02\/hofsgrund9fallerhaeusle140131.jpg 640w\" sizes=\"auto, (max-width: 180px) 100vw, 180px\" \/><\/a>\u00a0 \u00a0 \u00a0 \u00a0 \u00a0 \u00a0<a href=\"https:\/\/www.freiburg-schwarzwald.de\/blog\/gegendrum-am-schauinsland\/hofsgrund10fallerhaeusle140131\/\" rel=\"attachment wp-att-45012\"><img loading=\"lazy\" decoding=\"async\" class=\"alignnone size-thumbnail wp-image-45012\" src=\"https:\/\/www.freiburg-schwarzwald.de\/blog\/wp-content\/uploads\/2014\/02\/hofsgrund10fallerhaeusle140131-180x135.jpg\" alt=\"hofsgrund10fallerhaeusle140131\" width=\"180\" height=\"135\" srcset=\"https:\/\/www.freiburg-schwarzwald.de\/blog\/wp-content\/uploads\/2014\/02\/hofsgrund10fallerhaeusle140131-180x135.jpg 180w, https:\/\/www.freiburg-schwarzwald.de\/blog\/wp-content\/uploads\/2014\/02\/hofsgrund10fallerhaeusle140131.jpg 640w\" sizes=\"auto, (max-width: 180px) 100vw, 180px\" \/><\/a>\u00a0 \u00a0 \u00a0 \u00a0 \u00a0\u00a0<a href=\"https:\/\/www.freiburg-schwarzwald.de\/blog\/gegendrum-am-schauinsland\/hofsgrund12schniederli140131\/\" rel=\"attachment wp-att-45014\"><img loading=\"lazy\" decoding=\"async\" class=\"alignnone size-thumbnail wp-image-45014\" src=\"https:\/\/www.freiburg-schwarzwald.de\/blog\/wp-content\/uploads\/2014\/02\/hofsgrund12schniederli140131-180x135.jpg\" alt=\"hofsgrund12schniederli140131\" width=\"180\" height=\"135\" srcset=\"https:\/\/www.freiburg-schwarzwald.de\/blog\/wp-content\/uploads\/2014\/02\/hofsgrund12schniederli140131-180x135.jpg 180w, https:\/\/www.freiburg-schwarzwald.de\/blog\/wp-content\/uploads\/2014\/02\/hofsgrund12schniederli140131-640x480.jpg 640w, https:\/\/www.freiburg-schwarzwald.de\/blog\/wp-content\/uploads\/2014\/02\/hofsgrund12schniederli140131.jpg 1000w\" sizes=\"auto, (max-width: 180px) 100vw, 180px\" \/><\/a><br \/>\n(10) Fallerh\u00e4usle \u00a031.1.2014\u00a0 \u00a0(11) Fallerh\u00e4usle Blick westw\u00e4rts\u00a0 \u00a0(12) Hofsgrund im S\u00fcden<\/p>\n<p><a href=\"https:\/\/www.freiburg-schwarzwald.de\/blog\/gegendrum-am-schauinsland\/hofsgrund13wetterbuche140131\/\" rel=\"attachment wp-att-45015\"><img loading=\"lazy\" decoding=\"async\" class=\"alignnone size-thumbnail wp-image-45015\" src=\"https:\/\/www.freiburg-schwarzwald.de\/blog\/wp-content\/uploads\/2014\/02\/hofsgrund13wetterbuche140131-135x180.jpg\" alt=\"hofsgrund13wetterbuche140131\" width=\"135\" height=\"180\" srcset=\"https:\/\/www.freiburg-schwarzwald.de\/blog\/wp-content\/uploads\/2014\/02\/hofsgrund13wetterbuche140131-135x180.jpg 135w, https:\/\/www.freiburg-schwarzwald.de\/blog\/wp-content\/uploads\/2014\/02\/hofsgrund13wetterbuche140131.jpg 480w\" sizes=\"auto, (max-width: 135px) 100vw, 135px\" \/><\/a>\u00a0 \u00a0 \u00a0 \u00a0 \u00a0 \u00a0 \u00a0 \u00a0 \u00a0 \u00a0 \u00a0 \u00a0 \u00a0\u00a0<a href=\"https:\/\/www.freiburg-schwarzwald.de\/blog\/gegendrum-am-schauinsland\/hofsgrund14wetterbuche140131\/\" rel=\"attachment wp-att-45016\"><img loading=\"lazy\" decoding=\"async\" class=\"alignnone size-thumbnail wp-image-45016\" src=\"https:\/\/www.freiburg-schwarzwald.de\/blog\/wp-content\/uploads\/2014\/02\/hofsgrund14wetterbuche140131-180x135.jpg\" alt=\"hofsgrund14wetterbuche140131\" width=\"180\" height=\"135\" srcset=\"https:\/\/www.freiburg-schwarzwald.de\/blog\/wp-content\/uploads\/2014\/02\/hofsgrund14wetterbuche140131-180x135.jpg 180w, https:\/\/www.freiburg-schwarzwald.de\/blog\/wp-content\/uploads\/2014\/02\/hofsgrund14wetterbuche140131.jpg 640w\" sizes=\"auto, (max-width: 180px) 100vw, 180px\" \/><\/a>\u00a0 \u00a0 \u00a0 \u00a0 \u00a0 \u00a0<a href=\"https:\/\/www.freiburg-schwarzwald.de\/blog\/gegendrum-am-schauinsland\/hofsgrund15wetterbuche140131\/\" rel=\"attachment wp-att-45017\"><img loading=\"lazy\" decoding=\"async\" class=\"alignnone size-thumbnail wp-image-45017\" src=\"https:\/\/www.freiburg-schwarzwald.de\/blog\/wp-content\/uploads\/2014\/02\/hofsgrund15wetterbuche140131-135x180.jpg\" alt=\"hofsgrund15wetterbuche140131\" width=\"135\" height=\"180\" srcset=\"https:\/\/www.freiburg-schwarzwald.de\/blog\/wp-content\/uploads\/2014\/02\/hofsgrund15wetterbuche140131-135x180.jpg 135w, https:\/\/www.freiburg-schwarzwald.de\/blog\/wp-content\/uploads\/2014\/02\/hofsgrund15wetterbuche140131.jpg 480w\" sizes=\"auto, (max-width: 135px) 100vw, 135px\" \/><\/a><br \/>\n(13) Buchen am Schauinsland\u00a0 \u00a0 \u00a0 \u00a0 \u00a0(14) Buchenwald 31.1.2014 \u00a0 \u00a0 \u00a0 \u00a0 \u00a0 \u00a0 \u00a0 \u00a0 \u00a0 \u00a0(15)<\/p>\n<p><a href=\"https:\/\/www.freiburg-schwarzwald.de\/blog\/gegendrum-am-schauinsland\/hofsgrund16wetterbuche140131\/\" rel=\"attachment wp-att-45018\"><img loading=\"lazy\" decoding=\"async\" class=\"alignnone size-thumbnail wp-image-45018\" src=\"https:\/\/www.freiburg-schwarzwald.de\/blog\/wp-content\/uploads\/2014\/02\/hofsgrund16wetterbuche140131-180x135.jpg\" alt=\"hofsgrund16wetterbuche140131\" width=\"180\" height=\"135\" srcset=\"https:\/\/www.freiburg-schwarzwald.de\/blog\/wp-content\/uploads\/2014\/02\/hofsgrund16wetterbuche140131-180x135.jpg 180w, https:\/\/www.freiburg-schwarzwald.de\/blog\/wp-content\/uploads\/2014\/02\/hofsgrund16wetterbuche140131.jpg 640w\" sizes=\"auto, (max-width: 180px) 100vw, 180px\" \/><\/a>\u00a0 \u00a0 \u00a0 \u00a0 \u00a0 \u00a0<a href=\"https:\/\/www.freiburg-schwarzwald.de\/blog\/gegendrum-am-schauinsland\/hofsgrund18schneebruch140131\/\" rel=\"attachment wp-att-45019\"><img loading=\"lazy\" decoding=\"async\" class=\"alignnone size-thumbnail wp-image-45019\" src=\"https:\/\/www.freiburg-schwarzwald.de\/blog\/wp-content\/uploads\/2014\/02\/hofsgrund18schneebruch140131-180x135.jpg\" alt=\"hofsgrund18schneebruch140131\" width=\"180\" height=\"135\" srcset=\"https:\/\/www.freiburg-schwarzwald.de\/blog\/wp-content\/uploads\/2014\/02\/hofsgrund18schneebruch140131-180x135.jpg 180w, https:\/\/www.freiburg-schwarzwald.de\/blog\/wp-content\/uploads\/2014\/02\/hofsgrund18schneebruch140131.jpg 640w\" sizes=\"auto, (max-width: 180px) 100vw, 180px\" \/><\/a>\u00a0 \u00a0 \u00a0 \u00a0 \u00a0 \u00a0<a href=\"https:\/\/www.freiburg-schwarzwald.de\/blog\/gegendrum-am-schauinsland\/hofsgrund19museumsbergwerk140131\/\" rel=\"attachment wp-att-45021\"><img loading=\"lazy\" decoding=\"async\" class=\"alignnone size-thumbnail wp-image-45021\" src=\"https:\/\/www.freiburg-schwarzwald.de\/blog\/wp-content\/uploads\/2014\/02\/hofsgrund19museumsbergwerk140131-135x180.jpg\" alt=\"hofsgrund19museumsbergwerk140131\" width=\"135\" height=\"180\" srcset=\"https:\/\/www.freiburg-schwarzwald.de\/blog\/wp-content\/uploads\/2014\/02\/hofsgrund19museumsbergwerk140131-135x180.jpg 135w, https:\/\/www.freiburg-schwarzwald.de\/blog\/wp-content\/uploads\/2014\/02\/hofsgrund19museumsbergwerk140131.jpg 480w\" sizes=\"auto, (max-width: 135px) 100vw, 135px\" \/><\/a><br \/>\n(16)\u00a0 \u00a0 \u00a0 \u00a0 \u00a0 \u00a0 \u00a0 \u00a0 \u00a0 \u00a0 \u00a0 \u00a0 \u00a0 \u00a0 \u00a0 \u00a0 \u00a0 \u00a0 \u00a0(17) Schneebruch\u00a0 \u00a0 \u00a0 \u00a0 \u00a0 \u00a0 \u00a0 \u00a0 \u00a0 \u00a0 \u00a0(18) Eingang Museumsbergwerk<\/p>\n<p><a href=\"https:\/\/www.freiburg-schwarzwald.de\/blog\/gegendrum-am-schauinsland\/hofsgrund20museumsbergwerk140131\/\" rel=\"attachment wp-att-45022\"><img loading=\"lazy\" decoding=\"async\" class=\"alignnone size-thumbnail wp-image-45022\" src=\"https:\/\/www.freiburg-schwarzwald.de\/blog\/wp-content\/uploads\/2014\/02\/hofsgrund20museumsbergwerk140131-180x135.jpg\" alt=\"hofsgrund20museumsbergwerk140131\" width=\"180\" height=\"135\" srcset=\"https:\/\/www.freiburg-schwarzwald.de\/blog\/wp-content\/uploads\/2014\/02\/hofsgrund20museumsbergwerk140131-180x135.jpg 180w, https:\/\/www.freiburg-schwarzwald.de\/blog\/wp-content\/uploads\/2014\/02\/hofsgrund20museumsbergwerk140131-640x480.jpg 640w, https:\/\/www.freiburg-schwarzwald.de\/blog\/wp-content\/uploads\/2014\/02\/hofsgrund20museumsbergwerk140131.jpg 1000w\" sizes=\"auto, (max-width: 180px) 100vw, 180px\" \/><\/a>\u00a0 \u00a0 \u00a0 \u00a0 \u00a0 \u00a0<a href=\"https:\/\/www.freiburg-schwarzwald.de\/blog\/gegendrum-am-schauinsland\/hofsgrund21feldberg140131\/\" rel=\"attachment wp-att-45024\"><img loading=\"lazy\" decoding=\"async\" class=\"alignnone size-thumbnail wp-image-45024\" src=\"https:\/\/www.freiburg-schwarzwald.de\/blog\/wp-content\/uploads\/2014\/02\/hofsgrund21feldberg140131-180x135.jpg\" alt=\"hofsgrund21feldberg140131\" width=\"180\" height=\"135\" srcset=\"https:\/\/www.freiburg-schwarzwald.de\/blog\/wp-content\/uploads\/2014\/02\/hofsgrund21feldberg140131-180x135.jpg 180w, https:\/\/www.freiburg-schwarzwald.de\/blog\/wp-content\/uploads\/2014\/02\/hofsgrund21feldberg140131.jpg 640w\" sizes=\"auto, (max-width: 180px) 100vw, 180px\" \/><\/a>\u00a0 \u00a0 \u00a0 \u00a0 \u00a0\u00a0<a href=\"https:\/\/www.freiburg-schwarzwald.de\/blog\/gegendrum-am-schauinsland\/hofsgrund22museumsbergwerk140131\/\" rel=\"attachment wp-att-45025\"><img loading=\"lazy\" decoding=\"async\" class=\"alignnone size-thumbnail wp-image-45025\" src=\"https:\/\/www.freiburg-schwarzwald.de\/blog\/wp-content\/uploads\/2014\/02\/hofsgrund22museumsbergwerk140131-180x135.jpg\" alt=\"hofsgrund22museumsbergwerk140131\" width=\"180\" height=\"135\" srcset=\"https:\/\/www.freiburg-schwarzwald.de\/blog\/wp-content\/uploads\/2014\/02\/hofsgrund22museumsbergwerk140131-180x135.jpg 180w, https:\/\/www.freiburg-schwarzwald.de\/blog\/wp-content\/uploads\/2014\/02\/hofsgrund22museumsbergwerk140131.jpg 640w\" sizes=\"auto, (max-width: 180px) 100vw, 180px\" \/><\/a><br \/>\n(19) Stollen im Erzkasten\u00a0 \u00a0(20) Feldberg im S\u00fcdosten\u00a0 \u00a0 (21) Blick nordw\u00e4rts am Bergwerk<\/p>\n<p><a href=\"https:\/\/www.freiburg-schwarzwald.de\/blog\/gegendrum-am-schauinsland\/hofsgrund23museumsbergwerk140131\/\" rel=\"attachment wp-att-45028\"><img loading=\"lazy\" decoding=\"async\" class=\"alignnone size-thumbnail wp-image-45028\" src=\"https:\/\/www.freiburg-schwarzwald.de\/blog\/wp-content\/uploads\/2014\/02\/hofsgrund23museumsbergwerk140131-135x180.jpg\" alt=\"hofsgrund23museumsbergwerk140131\" width=\"135\" height=\"180\" srcset=\"https:\/\/www.freiburg-schwarzwald.de\/blog\/wp-content\/uploads\/2014\/02\/hofsgrund23museumsbergwerk140131-135x180.jpg 135w, https:\/\/www.freiburg-schwarzwald.de\/blog\/wp-content\/uploads\/2014\/02\/hofsgrund23museumsbergwerk140131.jpg 480w\" sizes=\"auto, (max-width: 135px) 100vw, 135px\" \/><\/a>\u00a0 \u00a0 \u00a0 \u00a0 \u00a0 \u00a0 \u00a0 \u00a0 \u00a0 \u00a0 \u00a0 \u00a0 \u00a0\u00a0<a href=\"https:\/\/www.freiburg-schwarzwald.de\/blog\/gegendrum-am-schauinsland\/hofsgrund24schneebruch140131\/\" rel=\"attachment wp-att-45029\"><img loading=\"lazy\" decoding=\"async\" class=\"alignnone size-thumbnail wp-image-45029\" src=\"https:\/\/www.freiburg-schwarzwald.de\/blog\/wp-content\/uploads\/2014\/02\/hofsgrund24schneebruch140131-135x180.jpg\" alt=\"hofsgrund24schneebruch140131\" width=\"135\" height=\"180\" srcset=\"https:\/\/www.freiburg-schwarzwald.de\/blog\/wp-content\/uploads\/2014\/02\/hofsgrund24schneebruch140131-135x180.jpg 135w, https:\/\/www.freiburg-schwarzwald.de\/blog\/wp-content\/uploads\/2014\/02\/hofsgrund24schneebruch140131.jpg 480w\" sizes=\"auto, (max-width: 135px) 100vw, 135px\" \/><\/a>\u00a0 \u00a0 \u00a0 \u00a0 \u00a0 \u00a0 \u00a0 \u00a0 \u00a0 \u00a0 \u00a0 \u00a0\u00a0<a href=\"https:\/\/www.freiburg-schwarzwald.de\/blog\/gegendrum-am-schauinsland\/hofsgrund25buchen140131\/\" rel=\"attachment wp-att-45030\"><img loading=\"lazy\" decoding=\"async\" class=\"alignnone size-thumbnail wp-image-45030\" src=\"https:\/\/www.freiburg-schwarzwald.de\/blog\/wp-content\/uploads\/2014\/02\/hofsgrund25buchen140131-135x180.jpg\" alt=\"hofsgrund25buchen140131\" width=\"135\" height=\"180\" srcset=\"https:\/\/www.freiburg-schwarzwald.de\/blog\/wp-content\/uploads\/2014\/02\/hofsgrund25buchen140131-135x180.jpg 135w, https:\/\/www.freiburg-schwarzwald.de\/blog\/wp-content\/uploads\/2014\/02\/hofsgrund25buchen140131.jpg 480w\" sizes=\"auto, (max-width: 135px) 100vw, 135px\" \/><\/a><br \/>\n(22) Bergwerk Schauinsland\u00a0 \u00a0(23) Buchen im Schnee 31.1.2014 \u00a0 \u00a0 \u00a0 \u00a0(24) Buchenwald<\/p>\n<p><a href=\"https:\/\/www.freiburg-schwarzwald.de\/blog\/gegendrum-am-schauinsland\/hofsgrund25feldberg140131\/\" rel=\"attachment wp-att-45032\"><img loading=\"lazy\" decoding=\"async\" class=\"alignnone size-thumbnail wp-image-45032\" src=\"https:\/\/www.freiburg-schwarzwald.de\/blog\/wp-content\/uploads\/2014\/02\/hofsgrund25feldberg140131-180x134.jpg\" alt=\"hofsgrund25feldberg140131\" width=\"180\" height=\"134\" srcset=\"https:\/\/www.freiburg-schwarzwald.de\/blog\/wp-content\/uploads\/2014\/02\/hofsgrund25feldberg140131-180x134.jpg 180w, https:\/\/www.freiburg-schwarzwald.de\/blog\/wp-content\/uploads\/2014\/02\/hofsgrund25feldberg140131-640x479.jpg 640w, https:\/\/www.freiburg-schwarzwald.de\/blog\/wp-content\/uploads\/2014\/02\/hofsgrund25feldberg140131.jpg 806w\" sizes=\"auto, (max-width: 180px) 100vw, 180px\" \/><\/a>\u00a0 \u00a0 \u00a0 \u00a0 \u00a0 \u00a0<a href=\"https:\/\/www.freiburg-schwarzwald.de\/blog\/gegendrum-am-schauinsland\/hofsgrund26buchenwald140131\/\" rel=\"attachment wp-att-45036\"><img loading=\"lazy\" decoding=\"async\" class=\"alignnone size-thumbnail wp-image-45036\" src=\"https:\/\/www.freiburg-schwarzwald.de\/blog\/wp-content\/uploads\/2014\/02\/hofsgrund26buchenwald140131-135x180.jpg\" alt=\"hofsgrund26buchenwald140131\" width=\"135\" height=\"180\" srcset=\"https:\/\/www.freiburg-schwarzwald.de\/blog\/wp-content\/uploads\/2014\/02\/hofsgrund26buchenwald140131-135x180.jpg 135w, https:\/\/www.freiburg-schwarzwald.de\/blog\/wp-content\/uploads\/2014\/02\/hofsgrund26buchenwald140131.jpg 480w\" sizes=\"auto, (max-width: 135px) 100vw, 135px\" \/><\/a>\u00a0 \u00a0 \u00a0 \u00a0 \u00a0 \u00a0 \u00a0 \u00a0 \u00a0 \u00a0 \u00a0 \u00a0<a href=\"https:\/\/www.freiburg-schwarzwald.de\/blog\/gegendrum-am-schauinsland\/hofsgrund27rees-buche140131\/\" rel=\"attachment wp-att-45037\"><img loading=\"lazy\" decoding=\"async\" class=\"alignnone size-thumbnail wp-image-45037\" src=\"https:\/\/www.freiburg-schwarzwald.de\/blog\/wp-content\/uploads\/2014\/02\/hofsgrund27rees-buche140131-180x135.jpg\" alt=\"hofsgrund27rees-buche140131\" width=\"180\" height=\"135\" srcset=\"https:\/\/www.freiburg-schwarzwald.de\/blog\/wp-content\/uploads\/2014\/02\/hofsgrund27rees-buche140131-180x135.jpg 180w, https:\/\/www.freiburg-schwarzwald.de\/blog\/wp-content\/uploads\/2014\/02\/hofsgrund27rees-buche140131-640x480.jpg 640w, https:\/\/www.freiburg-schwarzwald.de\/blog\/wp-content\/uploads\/2014\/02\/hofsgrund27rees-buche140131.jpg 1000w\" sizes=\"auto, (max-width: 180px) 100vw, 180px\" \/><\/a><br \/>\n(25) Blick Hofsgrund Feldberg \u00a0(26) Weg zum Bergwerk\u00a0 \u00a0(27) Skulptur von Thomas Rees<\/p>\n<p><a href=\"https:\/\/www.freiburg-schwarzwald.de\/blog\/gegendrum-am-schauinsland\/hofsgrund28feldberg-breitnau140131\/\" rel=\"attachment wp-att-45038\"><img loading=\"lazy\" decoding=\"async\" class=\"alignnone size-thumbnail wp-image-45038\" src=\"https:\/\/www.freiburg-schwarzwald.de\/blog\/wp-content\/uploads\/2014\/02\/hofsgrund28feldberg-breitnau140131-180x140.jpg\" alt=\"hofsgrund28feldberg-breitnau140131\" width=\"180\" height=\"140\" srcset=\"https:\/\/www.freiburg-schwarzwald.de\/blog\/wp-content\/uploads\/2014\/02\/hofsgrund28feldberg-breitnau140131-180x140.jpg 180w, https:\/\/www.freiburg-schwarzwald.de\/blog\/wp-content\/uploads\/2014\/02\/hofsgrund28feldberg-breitnau140131-640x498.jpg 640w, https:\/\/www.freiburg-schwarzwald.de\/blog\/wp-content\/uploads\/2014\/02\/hofsgrund28feldberg-breitnau140131.jpg 1001w\" sizes=\"auto, (max-width: 180px) 100vw, 180px\" \/><\/a>\u00a0 \u00a0 \u00a0 \u00a0 \u00a0 \u00a0\u00a0<a href=\"https:\/\/www.freiburg-schwarzwald.de\/blog\/gegendrum-am-schauinsland\/hofsgrund29rodeln140131\/\" rel=\"attachment wp-att-45039\"><img loading=\"lazy\" decoding=\"async\" class=\"alignnone size-thumbnail wp-image-45039\" src=\"https:\/\/www.freiburg-schwarzwald.de\/blog\/wp-content\/uploads\/2014\/02\/hofsgrund29rodeln140131-180x135.jpg\" alt=\"hofsgrund29rodeln140131\" width=\"180\" height=\"135\" srcset=\"https:\/\/www.freiburg-schwarzwald.de\/blog\/wp-content\/uploads\/2014\/02\/hofsgrund29rodeln140131-180x135.jpg 180w, https:\/\/www.freiburg-schwarzwald.de\/blog\/wp-content\/uploads\/2014\/02\/hofsgrund29rodeln140131-640x480.jpg 640w, https:\/\/www.freiburg-schwarzwald.de\/blog\/wp-content\/uploads\/2014\/02\/hofsgrund29rodeln140131.jpg 1000w\" sizes=\"auto, (max-width: 180px) 100vw, 180px\" \/><\/a><br \/>\n(28) Blick \u00fcber Gegendrum\u00a0 \u00a0 \u00a0 \u00a0 \u00a0(29) Rodeln oberhalb Flammhof<\/p>\n<p>(1) Blick nach Norden \u00fcber den Dobelweiher ins Gegendrum am 25.10.2012 zu (von links) Gegendrum-Hof, Gegendrum-Wegweiser, Fallerh\u00e4usle, Schniederlihof und Dobelhof rechts unten.<br \/>\n(28) Blick \u00fcber Gegendrum \u00a0nach S\u00fcdosten zum Feldberg am 31.1.2014 zu Schniederlihof, Dobelhof mit Dobelweiher und Gegendrumhof (von links). Rainweg von Hofsgrund am Gegenhang. Drei Schneefelder ganz oben (von links): Nessellachen ob Breitnau, Tote Mann beim Stollenbach und Feldberg.<\/p>\n","protected":false},"excerpt":{"rendered":"<p>Gegendrum ist ein S\u00fcdhang oben am Schauinsland zwischen dem\u00a0Schniederlihof im Osten und der Kirche Hofsgrund\u00a0im Westen bzw. dem\u00a0Museumsbergwerk oben im Norden und dem Dobelweiher unten im S\u00fcden. Eine Rundwanderung an diesem sonnigen Hang f\u00fchrt durch freie Wiesen und helle Buchenw\u00e4lder &hellip; <a href=\"https:\/\/www.freiburg-schwarzwald.de\/blog\/gegendrum-am-schauinsland\/\">Weiterlesen <span class=\"meta-nav\">&rarr;<\/span><\/a><\/p>\n","protected":false},"author":2,"featured_media":0,"comment_status":"open","ping_status":"closed","sticky":false,"template":"","format":"standard","meta":{"footnotes":""},"categories":[207,180,122],"tags":[447,563,470,575,380],"class_list":["post-45002","post","type-post","status-publish","format-standard","hentry","category-bergwerk","category-hochschwarzwald","category-wandern","tag-berg","tag-feldberg","tag-schauinsland","tag-wald-2","tag-wanderweg"],"_links":{"self":[{"href":"https:\/\/www.freiburg-schwarzwald.de\/blog\/wp-json\/wp\/v2\/posts\/45002","targetHints":{"allow":["GET"]}}],"collection":[{"href":"https:\/\/www.freiburg-schwarzwald.de\/blog\/wp-json\/wp\/v2\/posts"}],"about":[{"href":"https:\/\/www.freiburg-schwarzwald.de\/blog\/wp-json\/wp\/v2\/types\/post"}],"author":[{"embeddable":true,"href":"https:\/\/www.freiburg-schwarzwald.de\/blog\/wp-json\/wp\/v2\/users\/2"}],"replies":[{"embeddable":true,"href":"https:\/\/www.freiburg-schwarzwald.de\/blog\/wp-json\/wp\/v2\/comments?post=45002"}],"version-history":[{"count":2,"href":"https:\/\/www.freiburg-schwarzwald.de\/blog\/wp-json\/wp\/v2\/posts\/45002\/revisions"}],"predecessor-version":[{"id":87223,"href":"https:\/\/www.freiburg-schwarzwald.de\/blog\/wp-json\/wp\/v2\/posts\/45002\/revisions\/87223"}],"wp:attachment":[{"href":"https:\/\/www.freiburg-schwarzwald.de\/blog\/wp-json\/wp\/v2\/media?parent=45002"}],"wp:term":[{"taxonomy":"category","embeddable":true,"href":"https:\/\/www.freiburg-schwarzwald.de\/blog\/wp-json\/wp\/v2\/categories?post=45002"},{"taxonomy":"post_tag","embeddable":true,"href":"https:\/\/www.freiburg-schwarzwald.de\/blog\/wp-json\/wp\/v2\/tags?post=45002"}],"curies":[{"name":"wp","href":"https:\/\/api.w.org\/{rel}","templated":true}]}}