{"id":44861,"date":"2014-02-02T10:43:23","date_gmt":"2014-02-02T09:43:23","guid":{"rendered":"https:\/\/www.freiburg-schwarzwald.de\/blog\/?p=44861"},"modified":"2014-02-02T10:46:50","modified_gmt":"2014-02-02T09:46:50","slug":"uni-bibliothek-wie-ein-dampfer","status":"publish","type":"post","link":"https:\/\/www.freiburg-schwarzwald.de\/blog\/uni-bibliothek-wie-ein-dampfer\/","title":{"rendered":"Uni-Bibliothek wie ein Dampfer"},"content":{"rendered":"<p>Das <a title=\"Uni-Bibliothek\" href=\"https:\/\/www.freiburg-schwarzwald.de\/blog\/bildung\/hochschulen\/universitaet\/uni-bibliothek\/\">Betonskelett der Uni-Bibliothek<\/a> wirkte schon \u00fcberdimensional. Mit jedem neu angebrachten Element aus Alu, Glas und Schwarz wirkt der Neubau noch monstr\u00f6ser. Die\u00a0Architekturprofessorin Jorunn Ragnarsdottir, Mitglied im Gestaltungsbeirat:\u00a0&#8222;Oh, diese <a title=\"Architektur-null\" href=\"https:\/\/www.freiburg-schwarzwald.de\/blog\/business\/dienste\/architekt\/architektur-null\/\">schreckliche neue Bibliothek<\/a> mitten in der Stadt. Ein \u00a0paar Tage sp\u00e4ter habe ich in einer Zeitung ein Foto von einem Schiff gesehen, das gerade nach Venedig hineinf\u00e4hrt. Da <!--more-->dachte ich sofort an Freiburg. Da ist so ein Dampfer mitten in der Stadt. Das Geb\u00e4ude ist nat\u00fcrlich noch nicht fertig, wirkt aber erst einmal schockierend, weil der Ma\u00dfstab ein vollkommen anderer ist. Ein echter Hammer. &#8220; \u00a0Jorunn Ragnarsdottir am 2.2.2014 in<a href=\"https:\/\/ www.der-sonntag.de\">\u00a0www.der-sonntag.de<\/a>. Lesen Sie <a title=\"Uni-Bibliothek\" href=\"https:\/\/www.freiburg-schwarzwald.de\/blog\/bildung\/hochschulen\/universitaet\/uni-bibliothek\/\">mehr hier<\/a>.<\/p>\n<p><a href=\"https:\/\/www.freiburg-schwarzwald.de\/blog\/bildung\/hochschulen\/universitaet\/uni-bibliothek\/unibibliothek130826\/\" rel=\"attachment wp-att-37122\"><img loading=\"lazy\" decoding=\"async\" class=\"alignnone size-thumbnail wp-image-37122\" alt=\"unibibliothek130826\" src=\"https:\/\/www.freiburg-schwarzwald.de\/blog\/wp-content\/uploads\/2013\/02\/unibibliothek130826-180x135.jpg\" width=\"180\" height=\"135\" srcset=\"https:\/\/www.freiburg-schwarzwald.de\/blog\/wp-content\/uploads\/2013\/02\/unibibliothek130826-180x135.jpg 180w, https:\/\/www.freiburg-schwarzwald.de\/blog\/wp-content\/uploads\/2013\/02\/unibibliothek130826.jpg 640w\" sizes=\"auto, (max-width: 180px) 100vw, 180px\" \/><\/a>\u00a026.8.2013<\/p>\n","protected":false},"excerpt":{"rendered":"<p>Das Betonskelett der Uni-Bibliothek wirkte schon \u00fcberdimensional. Mit jedem neu angebrachten Element aus Alu, Glas und Schwarz wirkt der Neubau noch monstr\u00f6ser. Die\u00a0Architekturprofessorin Jorunn Ragnarsdottir, Mitglied im Gestaltungsbeirat:\u00a0&#8222;Oh, diese schreckliche neue Bibliothek mitten in der Stadt. Ein \u00a0paar Tage sp\u00e4ter &hellip; <a href=\"https:\/\/www.freiburg-schwarzwald.de\/blog\/uni-bibliothek-wie-ein-dampfer\/\">Weiterlesen <span class=\"meta-nav\">&rarr;<\/span><\/a><\/p>\n","protected":false},"author":2,"featured_media":0,"comment_status":"open","ping_status":"closed","sticky":false,"template":"","format":"standard","meta":{"footnotes":""},"categories":[49,157],"tags":[250,557,287,338],"class_list":["post-44861","post","type-post","status-publish","format-standard","hentry","category-freiburg","category-oeffentlicher-raum","tag-architektur","tag-baustelle","tag-neubau","tag-uni"],"_links":{"self":[{"href":"https:\/\/www.freiburg-schwarzwald.de\/blog\/wp-json\/wp\/v2\/posts\/44861","targetHints":{"allow":["GET"]}}],"collection":[{"href":"https:\/\/www.freiburg-schwarzwald.de\/blog\/wp-json\/wp\/v2\/posts"}],"about":[{"href":"https:\/\/www.freiburg-schwarzwald.de\/blog\/wp-json\/wp\/v2\/types\/post"}],"author":[{"embeddable":true,"href":"https:\/\/www.freiburg-schwarzwald.de\/blog\/wp-json\/wp\/v2\/users\/2"}],"replies":[{"embeddable":true,"href":"https:\/\/www.freiburg-schwarzwald.de\/blog\/wp-json\/wp\/v2\/comments?post=44861"}],"version-history":[{"count":0,"href":"https:\/\/www.freiburg-schwarzwald.de\/blog\/wp-json\/wp\/v2\/posts\/44861\/revisions"}],"wp:attachment":[{"href":"https:\/\/www.freiburg-schwarzwald.de\/blog\/wp-json\/wp\/v2\/media?parent=44861"}],"wp:term":[{"taxonomy":"category","embeddable":true,"href":"https:\/\/www.freiburg-schwarzwald.de\/blog\/wp-json\/wp\/v2\/categories?post=44861"},{"taxonomy":"post_tag","embeddable":true,"href":"https:\/\/www.freiburg-schwarzwald.de\/blog\/wp-json\/wp\/v2\/tags?post=44861"}],"curies":[{"name":"wp","href":"https:\/\/api.w.org\/{rel}","templated":true}]}}