{"id":4467,"date":"2012-06-04T10:16:34","date_gmt":"2012-06-04T10:16:34","guid":{"rendered":"https:\/\/www.freiburg-schwarzwald.de\/blog\/?p=4467"},"modified":"2012-06-04T10:23:32","modified_gmt":"2012-06-04T10:23:32","slug":"mull-entlang-des-dreisamufers","status":"publish","type":"post","link":"https:\/\/www.freiburg-schwarzwald.de\/blog\/mull-entlang-des-dreisamufers\/","title":{"rendered":"Immer mehr M\u00fcll entlang der Dreisam &#8211; drei ASF-M\u00e4nner reinigen"},"content":{"rendered":"<p>Das <a title=\"Abfall\" href=\"https:\/\/www.freiburg-schwarzwald.de\/blog\/natur\/umwelt\/abfall\/\">Abfallproblem<\/a> ist wieder eklatant: Bei sch\u00f6nem Wetter wie am Samstag nimmt das wilde Grillen und Picknicken entlang der Dreisam so gro\u00dfe Ausma\u00dfe an, dass die &#8230; Einweggrills, Verpackungen, Flaschen und Essensreste bergeweise um die M\u00fclleimer herum lagen. Und auch rund um die wilden Grillstellen auf den Wiesen am Ufer und entlang der B\u00f6schung m\u00fcssen Mitarbeiter der Abfallwirtschaft und Stadtreinigung Freiburg (ASF) bei sch\u00f6nem Wetter t\u00e4glich sauber machen \u2013 immer drei sind werktags mit einem Fahrzeug unterwegs. &#8230; Alles vom 4.6.2012 auf<br \/>\n<a href=\"https:\/\/www.badische-zeitung.de\/entlang-des-dreisamufers-stapelt-sich-der-muell\">https:\/\/www.badische-zeitung.de\/entlang-des-dreisamufers-stapelt-sich-der-muell<\/a><!--more--><\/p>\n<p><strong>Wie auf Sizilien<\/strong><br \/>\nSchade dass die Menschen in Deutschland auch so geworden sind,ich lebe ja seit 12 Jahren in Italien(Sizilien) und da ist es sehr schmutzig weil die Menschen hier sehr ignorant sind,von meiner alten Heimat haette ich das nicht erwartet,wie man sieht Dreckspatzen gibt es ueberal<br \/>\nAngelika Franke, Freiburg<\/p>\n<p><strong>M\u00fcll doch einfach mitnehmen<\/strong><br \/>\nMan kann die Reste \/ den M\u00fcll doch einfach wieder mitnehmen! Neue M\u00fclleimer sorgen eher daf\u00fcr, dass sich viele &#8218;Griller&#8216; dort noch weniger Gedanken dar\u00fcber machen und eben keine T\u00fcte mitnehmen um den Abfall direkt wieder mitnehmen zu k\u00f6nnen.<br \/>\nPeter Schneiderhahn, Freiburg<\/p>\n","protected":false},"excerpt":{"rendered":"<p>Das Abfallproblem ist wieder eklatant: Bei sch\u00f6nem Wetter wie am Samstag nimmt das wilde Grillen und Picknicken entlang der Dreisam so gro\u00dfe Ausma\u00dfe an, dass die &#8230; Einweggrills, Verpackungen, Flaschen und Essensreste bergeweise um die M\u00fclleimer herum lagen. Und auch &hellip; <a href=\"https:\/\/www.freiburg-schwarzwald.de\/blog\/mull-entlang-des-dreisamufers\/\">Weiterlesen <span class=\"meta-nav\">&rarr;<\/span><\/a><\/p>\n","protected":false},"author":2,"featured_media":0,"comment_status":"open","ping_status":"closed","sticky":false,"template":"","format":"standard","meta":{"footnotes":""},"categories":[157,68],"tags":[169],"class_list":["post-4467","post","type-post","status-publish","format-standard","hentry","category-oeffentlicher-raum","category-umwelt","tag-mull"],"_links":{"self":[{"href":"https:\/\/www.freiburg-schwarzwald.de\/blog\/wp-json\/wp\/v2\/posts\/4467","targetHints":{"allow":["GET"]}}],"collection":[{"href":"https:\/\/www.freiburg-schwarzwald.de\/blog\/wp-json\/wp\/v2\/posts"}],"about":[{"href":"https:\/\/www.freiburg-schwarzwald.de\/blog\/wp-json\/wp\/v2\/types\/post"}],"author":[{"embeddable":true,"href":"https:\/\/www.freiburg-schwarzwald.de\/blog\/wp-json\/wp\/v2\/users\/2"}],"replies":[{"embeddable":true,"href":"https:\/\/www.freiburg-schwarzwald.de\/blog\/wp-json\/wp\/v2\/comments?post=4467"}],"version-history":[{"count":0,"href":"https:\/\/www.freiburg-schwarzwald.de\/blog\/wp-json\/wp\/v2\/posts\/4467\/revisions"}],"wp:attachment":[{"href":"https:\/\/www.freiburg-schwarzwald.de\/blog\/wp-json\/wp\/v2\/media?parent=4467"}],"wp:term":[{"taxonomy":"category","embeddable":true,"href":"https:\/\/www.freiburg-schwarzwald.de\/blog\/wp-json\/wp\/v2\/categories?post=4467"},{"taxonomy":"post_tag","embeddable":true,"href":"https:\/\/www.freiburg-schwarzwald.de\/blog\/wp-json\/wp\/v2\/tags?post=4467"}],"curies":[{"name":"wp","href":"https:\/\/api.w.org\/{rel}","templated":true}]}}