{"id":44380,"date":"2014-01-23T17:10:37","date_gmt":"2014-01-23T16:10:37","guid":{"rendered":"https:\/\/www.freiburg-schwarzwald.de\/blog\/?p=44380"},"modified":"2014-01-23T17:12:58","modified_gmt":"2014-01-23T16:12:58","slug":"bewegungstreffs-im-freien-50","status":"publish","type":"post","link":"https:\/\/www.freiburg-schwarzwald.de\/blog\/bewegungstreffs-im-freien-50\/","title":{"rendered":"Bewegungstreffs im Freien 50+"},"content":{"rendered":"<p>Das Freiburger <a title=\"Gesund\" href=\"https:\/\/www.freiburg-schwarzwald.de\/blog\/business\/gesund\/\">Gesundheitsamt<\/a> initiiert und f\u00f6rdert f\u00fcr <a title=\"Senioren\" href=\"https:\/\/www.freiburg-schwarzwald.de\/blog\/selbsthilfe\/senioren\/\">\u00e4ltere Mitb\u00fcrge<\/a>r die Einrichtung von &#8222;<a title=\"Sportlern\" href=\"https:\/\/www.freiburg-schwarzwald.de\/blog\/sport\/sportlern\/\">Bewegungstreffs<\/a> im Freien&#8220;, die von Jedermann bzw. Jederfrau wahrgenommen werden k\u00f6nnen: Im <a title=\"Oeffentlicher-Raum\" href=\"https:\/\/www.freiburg-schwarzwald.de\/blog\/kultur\/oeffentlicher-raum\/\">\u00f6ffentlichen Raum<\/a> an Spielpl\u00e4tzen, in Parks, an Pl\u00e4tzen, &#8230;. Infos Dienstag 28.1.2014 von 14.30 bis 16.30 Uhr mit Dr.Martin Runge und Dr. Mechthild Bulling im Landratsamt Stadtstrasse 2, <a href=\"mailto:mechthild.bulling@lkbh.de\">mechthild.bulling@lkbh.de<\/a>\u00a0<!--more--><\/p>\n<p>&nbsp;<\/p>\n<p>Diskussionsabend zu &#8222;Bewegungstreffs im Freien&#8220; ebenfalls am Dienstag 28.1.2014 um 19.30 Uhr im BZ-Haus Bertoldsstrasse 7. Unter der Moderation von BZ-Redakteur Andreas Strepenick er\u00f6rtern die Freiburger Ringerlegende Adolf Seger und Dr. Mechthild Bulling, Allgemein\u00e4rztin vom Gesundheitsamt Freiburg und Koordinatorin &#8222;Bewegungstreff im Freien&#8220;, das geplante Bewegungsprogramm.<\/p>\n","protected":false},"excerpt":{"rendered":"<p>Das Freiburger Gesundheitsamt initiiert und f\u00f6rdert f\u00fcr \u00e4ltere Mitb\u00fcrger die Einrichtung von &#8222;Bewegungstreffs im Freien&#8220;, die von Jedermann bzw. Jederfrau wahrgenommen werden k\u00f6nnen: Im \u00f6ffentlichen Raum an Spielpl\u00e4tzen, in Parks, an Pl\u00e4tzen, &#8230;. Infos Dienstag 28.1.2014 von 14.30 bis 16.30 &hellip; <a href=\"https:\/\/www.freiburg-schwarzwald.de\/blog\/bewegungstreffs-im-freien-50\/\">Weiterlesen <span class=\"meta-nav\">&rarr;<\/span><\/a><\/p>\n","protected":false},"author":2,"featured_media":0,"comment_status":"open","ping_status":"closed","sticky":false,"template":"","format":"standard","meta":{"footnotes":""},"categories":[18,102,72],"tags":[190,717,70],"class_list":["post-44380","post","type-post","status-publish","format-standard","hentry","category-bildung","category-senioren","category-sportlern","tag-alter","tag-ehrenamt","tag-jugendsport"],"_links":{"self":[{"href":"https:\/\/www.freiburg-schwarzwald.de\/blog\/wp-json\/wp\/v2\/posts\/44380","targetHints":{"allow":["GET"]}}],"collection":[{"href":"https:\/\/www.freiburg-schwarzwald.de\/blog\/wp-json\/wp\/v2\/posts"}],"about":[{"href":"https:\/\/www.freiburg-schwarzwald.de\/blog\/wp-json\/wp\/v2\/types\/post"}],"author":[{"embeddable":true,"href":"https:\/\/www.freiburg-schwarzwald.de\/blog\/wp-json\/wp\/v2\/users\/2"}],"replies":[{"embeddable":true,"href":"https:\/\/www.freiburg-schwarzwald.de\/blog\/wp-json\/wp\/v2\/comments?post=44380"}],"version-history":[{"count":0,"href":"https:\/\/www.freiburg-schwarzwald.de\/blog\/wp-json\/wp\/v2\/posts\/44380\/revisions"}],"wp:attachment":[{"href":"https:\/\/www.freiburg-schwarzwald.de\/blog\/wp-json\/wp\/v2\/media?parent=44380"}],"wp:term":[{"taxonomy":"category","embeddable":true,"href":"https:\/\/www.freiburg-schwarzwald.de\/blog\/wp-json\/wp\/v2\/categories?post=44380"},{"taxonomy":"post_tag","embeddable":true,"href":"https:\/\/www.freiburg-schwarzwald.de\/blog\/wp-json\/wp\/v2\/tags?post=44380"}],"curies":[{"name":"wp","href":"https:\/\/api.w.org\/{rel}","templated":true}]}}