{"id":44178,"date":"2014-01-20T15:06:58","date_gmt":"2014-01-20T14:06:58","guid":{"rendered":"https:\/\/www.freiburg-schwarzwald.de\/blog\/?p=44178"},"modified":"2014-01-20T15:14:13","modified_gmt":"2014-01-20T14:14:13","slug":"fluechtlingswohnheim-kinder","status":"publish","type":"post","link":"https:\/\/www.freiburg-schwarzwald.de\/blog\/fluechtlingswohnheim-kinder\/","title":{"rendered":"Fluechtlingswohnheim Kinder"},"content":{"rendered":"<p><a title=\"Migration\" href=\"https:\/\/www.freiburg-schwarzwald.de\/blog\/global\/migration\/\">Kinder<\/a> vom <a title=\"Fluechtlingswohnheim\" href=\"https:\/\/www.freiburg-schwarzwald.de\/blog\/selbsthilfe\/soziales\/fluechtlingswohnheim\/\">Fl\u00fcchtlingswohnheim<\/a> an der Hammerschmiedstrasse in FR-Waldsee haben gemalt, wie sie derzeit wohnen bzw. gerne wohnen w\u00fcrden. Die Ausstellung ist im B\u00fcrgeramt an der Basler Strasse zu sehen.<!--more--><\/p>\n<p>&nbsp;<\/p>\n<p><a href=\"https:\/\/www.freiburg-schwarzwald.de\/blog\/fluechtlingswohnheim-kinder\/fluechtlinge1wohnen140117\/\" rel=\"attachment wp-att-44179\"><img loading=\"lazy\" decoding=\"async\" class=\"alignnone size-thumbnail wp-image-44179\" alt=\"fluechtlinge1wohnen140117\" src=\"https:\/\/www.freiburg-schwarzwald.de\/blog\/wp-content\/uploads\/2014\/01\/fluechtlinge1wohnen140117-180x135.jpg\" width=\"180\" height=\"135\" srcset=\"https:\/\/www.freiburg-schwarzwald.de\/blog\/wp-content\/uploads\/2014\/01\/fluechtlinge1wohnen140117-180x135.jpg 180w, https:\/\/www.freiburg-schwarzwald.de\/blog\/wp-content\/uploads\/2014\/01\/fluechtlinge1wohnen140117-640x480.jpg 640w, https:\/\/www.freiburg-schwarzwald.de\/blog\/wp-content\/uploads\/2014\/01\/fluechtlinge1wohnen140117.jpg 1000w\" sizes=\"auto, (max-width: 180px) 100vw, 180px\" \/><\/a>\u00a0 \u00a0 \u00a0 \u00a0 \u00a0\u00a0<a href=\"https:\/\/www.freiburg-schwarzwald.de\/blog\/fluechtlingswohnheim-kinder\/fluechtlinge2wohnen140117\/\" rel=\"attachment wp-att-44180\"><img loading=\"lazy\" decoding=\"async\" class=\"alignnone size-thumbnail wp-image-44180\" alt=\"fluechtlinge2wohnen140117\" src=\"https:\/\/www.freiburg-schwarzwald.de\/blog\/wp-content\/uploads\/2014\/01\/fluechtlinge2wohnen140117-180x135.jpg\" width=\"180\" height=\"135\" srcset=\"https:\/\/www.freiburg-schwarzwald.de\/blog\/wp-content\/uploads\/2014\/01\/fluechtlinge2wohnen140117-180x135.jpg 180w, https:\/\/www.freiburg-schwarzwald.de\/blog\/wp-content\/uploads\/2014\/01\/fluechtlinge2wohnen140117.jpg 640w\" sizes=\"auto, (max-width: 180px) 100vw, 180px\" \/><\/a>\u00a0 \u00a0 \u00a0 \u00a0 \u00a0\u00a0<a href=\"https:\/\/www.freiburg-schwarzwald.de\/blog\/fluechtlingswohnheim-kinder\/fluechtlinge3wohnen140117\/\" rel=\"attachment wp-att-44181\"><img loading=\"lazy\" decoding=\"async\" class=\"alignnone size-thumbnail wp-image-44181\" alt=\"fluechtlinge3wohnen140117\" src=\"https:\/\/www.freiburg-schwarzwald.de\/blog\/wp-content\/uploads\/2014\/01\/fluechtlinge3wohnen140117-180x135.jpg\" width=\"180\" height=\"135\" srcset=\"https:\/\/www.freiburg-schwarzwald.de\/blog\/wp-content\/uploads\/2014\/01\/fluechtlinge3wohnen140117-180x135.jpg 180w, https:\/\/www.freiburg-schwarzwald.de\/blog\/wp-content\/uploads\/2014\/01\/fluechtlinge3wohnen140117.jpg 640w\" sizes=\"auto, (max-width: 180px) 100vw, 180px\" \/><\/a><br \/>\n(1) Bilder im \u00dcberblick 17.1.2014 \u00a0 \u00a0 \u00a0 \u00a0 \u00a0(2) Traumhaus \u00a0 \u00a0 \u00a0 \u00a0 \u00a0 \u00a0 \u00a0 \u00a0 \u00a0 \u00a0 \u00a0 \u00a0 \u00a0 \u00a0 \u00a0 \u00a0 \u00a0 \u00a0 \u00a0 \u00a0 \u00a0(3) Haus brennt im Kosovo<\/p>\n<p><a href=\"https:\/\/www.freiburg-schwarzwald.de\/blog\/fluechtlingswohnheim-kinder\/fluechtlinge4wohnen140117\/\" rel=\"attachment wp-att-44182\"><img loading=\"lazy\" decoding=\"async\" class=\"alignnone size-thumbnail wp-image-44182\" alt=\"fluechtlinge4wohnen140117\" src=\"https:\/\/www.freiburg-schwarzwald.de\/blog\/wp-content\/uploads\/2014\/01\/fluechtlinge4wohnen140117-180x135.jpg\" width=\"180\" height=\"135\" srcset=\"https:\/\/www.freiburg-schwarzwald.de\/blog\/wp-content\/uploads\/2014\/01\/fluechtlinge4wohnen140117-180x135.jpg 180w, https:\/\/www.freiburg-schwarzwald.de\/blog\/wp-content\/uploads\/2014\/01\/fluechtlinge4wohnen140117.jpg 640w\" sizes=\"auto, (max-width: 180px) 100vw, 180px\" \/><\/a>\u00a0 \u00a0 \u00a0 \u00a0 \u00a0\u00a0<a href=\"https:\/\/www.freiburg-schwarzwald.de\/blog\/fluechtlingswohnheim-kinder\/fluechtlinge6wohnen140117\/\" rel=\"attachment wp-att-44184\"><img loading=\"lazy\" decoding=\"async\" class=\"alignnone size-thumbnail wp-image-44184\" alt=\"fluechtlinge6wohnen140117\" src=\"https:\/\/www.freiburg-schwarzwald.de\/blog\/wp-content\/uploads\/2014\/01\/fluechtlinge6wohnen140117-180x135.jpg\" width=\"180\" height=\"135\" srcset=\"https:\/\/www.freiburg-schwarzwald.de\/blog\/wp-content\/uploads\/2014\/01\/fluechtlinge6wohnen140117-180x135.jpg 180w, https:\/\/www.freiburg-schwarzwald.de\/blog\/wp-content\/uploads\/2014\/01\/fluechtlinge6wohnen140117.jpg 640w\" sizes=\"auto, (max-width: 180px) 100vw, 180px\" \/><\/a>\u00a0 \u00a0 \u00a0 \u00a0 \u00a0\u00a0<a href=\"https:\/\/www.freiburg-schwarzwald.de\/blog\/fluechtlingswohnheim-kinder\/fluechtlinge7wohnen140117\/\" rel=\"attachment wp-att-44185\"><img loading=\"lazy\" decoding=\"async\" class=\"alignnone size-thumbnail wp-image-44185\" alt=\"fluechtlinge7wohnen140117\" src=\"https:\/\/www.freiburg-schwarzwald.de\/blog\/wp-content\/uploads\/2014\/01\/fluechtlinge7wohnen140117-180x135.jpg\" width=\"180\" height=\"135\" srcset=\"https:\/\/www.freiburg-schwarzwald.de\/blog\/wp-content\/uploads\/2014\/01\/fluechtlinge7wohnen140117-180x135.jpg 180w, https:\/\/www.freiburg-schwarzwald.de\/blog\/wp-content\/uploads\/2014\/01\/fluechtlinge7wohnen140117.jpg 640w\" sizes=\"auto, (max-width: 180px) 100vw, 180px\" \/><\/a><br \/>\n(4) die Schule \u00a0 \u00a0 \u00a0 \u00a0 \u00a0 \u00a0 \u00a0 \u00a0 \u00a0 \u00a0 \u00a0 \u00a0 \u00a0 \u00a0 \u00a0 \u00a0 \u00a0 \u00a0 \u00a0 \u00a0 \u00a0 \u00a0 (5) Hammerschmiedstrasse \u00a0 \u00a0 \u00a0 \u00a0 \u00a0 \u00a0 \u00a0 \u00a0 (6) Ins Kino<\/p>\n<p><a href=\"https:\/\/www.freiburg-schwarzwald.de\/blog\/fluechtlingswohnheim-kinder\/fluechtlinge8euroma140117\/\" rel=\"attachment wp-att-44186\"><img loading=\"lazy\" decoding=\"async\" class=\"alignnone size-thumbnail wp-image-44186\" alt=\"fluechtlinge8euroma140117\" src=\"https:\/\/www.freiburg-schwarzwald.de\/blog\/wp-content\/uploads\/2014\/01\/fluechtlinge8euroma140117-180x135.jpg\" width=\"180\" height=\"135\" srcset=\"https:\/\/www.freiburg-schwarzwald.de\/blog\/wp-content\/uploads\/2014\/01\/fluechtlinge8euroma140117-180x135.jpg 180w, https:\/\/www.freiburg-schwarzwald.de\/blog\/wp-content\/uploads\/2014\/01\/fluechtlinge8euroma140117-640x480.jpg 640w, https:\/\/www.freiburg-schwarzwald.de\/blog\/wp-content\/uploads\/2014\/01\/fluechtlinge8euroma140117.jpg 1000w\" sizes=\"auto, (max-width: 180px) 100vw, 180px\" \/><\/a><br \/>\n(7) Euroma Group Budapest<\/p>\n<p>&nbsp;<\/p>\n","protected":false},"excerpt":{"rendered":"<p>Kinder vom Fl\u00fcchtlingswohnheim an der Hammerschmiedstrasse in FR-Waldsee haben gemalt, wie sie derzeit wohnen bzw. gerne wohnen w\u00fcrden. Die Ausstellung ist im B\u00fcrgeramt an der Basler Strasse zu sehen.<\/p>\n","protected":false},"author":2,"featured_media":0,"comment_status":"open","ping_status":"closed","sticky":false,"template":"","format":"standard","meta":{"footnotes":""},"categories":[1],"tags":[],"class_list":["post-44178","post","type-post","status-publish","format-standard","hentry","category-allgemein"],"_links":{"self":[{"href":"https:\/\/www.freiburg-schwarzwald.de\/blog\/wp-json\/wp\/v2\/posts\/44178","targetHints":{"allow":["GET"]}}],"collection":[{"href":"https:\/\/www.freiburg-schwarzwald.de\/blog\/wp-json\/wp\/v2\/posts"}],"about":[{"href":"https:\/\/www.freiburg-schwarzwald.de\/blog\/wp-json\/wp\/v2\/types\/post"}],"author":[{"embeddable":true,"href":"https:\/\/www.freiburg-schwarzwald.de\/blog\/wp-json\/wp\/v2\/users\/2"}],"replies":[{"embeddable":true,"href":"https:\/\/www.freiburg-schwarzwald.de\/blog\/wp-json\/wp\/v2\/comments?post=44178"}],"version-history":[{"count":0,"href":"https:\/\/www.freiburg-schwarzwald.de\/blog\/wp-json\/wp\/v2\/posts\/44178\/revisions"}],"wp:attachment":[{"href":"https:\/\/www.freiburg-schwarzwald.de\/blog\/wp-json\/wp\/v2\/media?parent=44178"}],"wp:term":[{"taxonomy":"category","embeddable":true,"href":"https:\/\/www.freiburg-schwarzwald.de\/blog\/wp-json\/wp\/v2\/categories?post=44178"},{"taxonomy":"post_tag","embeddable":true,"href":"https:\/\/www.freiburg-schwarzwald.de\/blog\/wp-json\/wp\/v2\/tags?post=44178"}],"curies":[{"name":"wp","href":"https:\/\/api.w.org\/{rel}","templated":true}]}}