{"id":44075,"date":"2014-01-17T21:34:35","date_gmt":"2014-01-17T20:34:35","guid":{"rendered":"https:\/\/www.freiburg-schwarzwald.de\/blog\/?p=44075"},"modified":"2014-01-17T21:35:44","modified_gmt":"2014-01-17T20:35:44","slug":"european-citizen-campus-in-fr","status":"publish","type":"post","link":"https:\/\/www.freiburg-schwarzwald.de\/blog\/european-citizen-campus-in-fr\/","title":{"rendered":"European Citizen Campus in FR"},"content":{"rendered":"<p>Im Projekt &#8222;<a title=\"EU\" href=\"https:\/\/www.freiburg-schwarzwald.de\/blog\/global\/eu\/\">European<\/a> Citizen Campus&#8220; ECC bieten das Deutsche Studentenwerk DWS mit neun Organisationen aus sechs europ\u00e4ischen L\u00e4ndern 144 <a title=\"Universitaet\" href=\"https:\/\/www.freiburg-schwarzwald.de\/blog\/bildung\/hochschulen\/universitaet\/\">Studierenden<\/a> im Sommer 2014 eine Plattform, auf der sie ihre Verbundenheit zur EU <a title=\"Kultur\" href=\"https:\/\/www.freiburg-schwarzwald.de\/blog\/kultur\/\">k\u00fcnstlerisch<\/a> ausdr\u00fccken k\u00f6nnen.\u00a0Mit dem \u00a0Workshop <a title=\"Heimat\" href=\"https:\/\/www.freiburg-schwarzwald.de\/blog\/regio\/heimat\/\">&#8222;Heimat&#8220;<\/a> vom 21.-26.7.2014 ist Freiburg einer von sechs Austragungsorten.<br \/>\n<!--more--><\/p>\n<p>Die sechs angebotenen Workshops werden von zw\u00f6lf international renommierten K\u00fcnstlern aus verschiedenen Kunstgattungen betreut und beziehen sich auf verschiedene Aspekte der B\u00fcrgerschaft in der EU. Neben dem Studentenwerk Karlsruhe und dem Studierendenwerk Mainz ist auch das Studentenwerk Freiburg an der Planung und Umsetzung des Projekts beteiligt. Mit einem eigenen Workshop zum Aspekt &#8222;Heimat&#8220; vom 21. bis 26. Juli ist Freiburg sogar einer von sechs Austragungsorten. Geleitet werden die Freiburger Workshops vom Freiburger K\u00fcnstler und Professor Michael Klant und dem Els\u00e4sser K\u00fcnstler Raymond Waydelich. Au\u00dferdem konnte die Leiterin des Freiburger Museums f\u00fcr Neue Kunst, Christine Litz, f\u00fcr den Beirat des Projektes gewonnen werden.<\/p>\n<p>Die Kosten f\u00fcr den &#8222;European Citizen Campus&#8220; tragen die Europ\u00e4ische Union sowie die teilnehmenden Organisationen. Neben lokalen und regionalen Ausstellungen in den beteiligten L\u00e4ndern, sollen die entstandenen Kunstwerke im Jahr 2015 in einer Hauptausstellung in Br\u00fcssel gezeigt werden.<br \/>\nBewerben k\u00f6nnen sich Studenten aller Fachrichtungen aus den teilnehmenden L\u00e4ndern bei den zust\u00e4ndigen Organisationen. Einzige Voraussetzung ist k\u00fcnstlerisches und gesellschaftliches Interesse. Das Studentenwerk Freiburg ist f\u00fcr Bewerbungen aus Deutschland und Italien zust\u00e4ndig. Die Bewerbungsphase soll in K\u00fcrze beginnen.<\/p>\n<div>Weitere Infos im Internet unter:<strong>\u00a0<\/strong><a title=\"\" href=\"https:\/\/www.european-citizen-campus.eu\/\" target=\"_blank\">https:\/\/www.european-citizen-campus.eu<\/a><\/div>\n","protected":false},"excerpt":{"rendered":"<p>Im Projekt &#8222;European Citizen Campus&#8220; ECC bieten das Deutsche Studentenwerk DWS mit neun Organisationen aus sechs europ\u00e4ischen L\u00e4ndern 144 Studierenden im Sommer 2014 eine Plattform, auf der sie ihre Verbundenheit zur EU k\u00fcnstlerisch ausdr\u00fccken k\u00f6nnen.\u00a0Mit dem \u00a0Workshop &#8222;Heimat&#8220; vom 21.-26.7.2014 &hellip; <a href=\"https:\/\/www.freiburg-schwarzwald.de\/blog\/european-citizen-campus-in-fr\/\">Weiterlesen <span class=\"meta-nav\">&rarr;<\/span><\/a><\/p>\n","protected":false},"author":2,"featured_media":0,"comment_status":"open","ping_status":"closed","sticky":false,"template":"","format":"standard","meta":{"footnotes":""},"categories":[195,267,119,80],"tags":[489,392,29,338,600],"class_list":["post-44075","post","type-post","status-publish","format-standard","hentry","category-eu","category-hochschulen","category-kunst","category-medien","tag-european-union","tag-kleinkunst","tag-student","tag-uni","tag-workshop"],"_links":{"self":[{"href":"https:\/\/www.freiburg-schwarzwald.de\/blog\/wp-json\/wp\/v2\/posts\/44075","targetHints":{"allow":["GET"]}}],"collection":[{"href":"https:\/\/www.freiburg-schwarzwald.de\/blog\/wp-json\/wp\/v2\/posts"}],"about":[{"href":"https:\/\/www.freiburg-schwarzwald.de\/blog\/wp-json\/wp\/v2\/types\/post"}],"author":[{"embeddable":true,"href":"https:\/\/www.freiburg-schwarzwald.de\/blog\/wp-json\/wp\/v2\/users\/2"}],"replies":[{"embeddable":true,"href":"https:\/\/www.freiburg-schwarzwald.de\/blog\/wp-json\/wp\/v2\/comments?post=44075"}],"version-history":[{"count":0,"href":"https:\/\/www.freiburg-schwarzwald.de\/blog\/wp-json\/wp\/v2\/posts\/44075\/revisions"}],"wp:attachment":[{"href":"https:\/\/www.freiburg-schwarzwald.de\/blog\/wp-json\/wp\/v2\/media?parent=44075"}],"wp:term":[{"taxonomy":"category","embeddable":true,"href":"https:\/\/www.freiburg-schwarzwald.de\/blog\/wp-json\/wp\/v2\/categories?post=44075"},{"taxonomy":"post_tag","embeddable":true,"href":"https:\/\/www.freiburg-schwarzwald.de\/blog\/wp-json\/wp\/v2\/tags?post=44075"}],"curies":[{"name":"wp","href":"https:\/\/api.w.org\/{rel}","templated":true}]}}