{"id":44045,"date":"2014-01-17T13:14:37","date_gmt":"2014-01-17T12:14:37","guid":{"rendered":"https:\/\/www.freiburg-schwarzwald.de\/blog\/?p=44045"},"modified":"2014-01-17T13:16:02","modified_gmt":"2014-01-17T12:16:02","slug":"ebnet-boellern-am-galgenberg","status":"publish","type":"post","link":"https:\/\/www.freiburg-schwarzwald.de\/blog\/ebnet-boellern-am-galgenberg\/","title":{"rendered":"Ebnet &#8211; Boellern am Galgenberg"},"content":{"rendered":"<p>Am 19.1.2014 feiert die Ebneter Hilarius-Gemeinde ihr <a title=\"Kirchen\" href=\"https:\/\/www.freiburg-schwarzwald.de\/blog\/religion\/kirchen\/\">Kirchenpatrozinium<\/a>.\u00a0Ganz <a title=\"Ebnet\" href=\"https:\/\/www.freiburg-schwarzwald.de\/blog\/regio\/freiburg\/ebnet\/\">Ebnet<\/a> ist auf den Beinen und auch die Nachbargemeinden wissen sp\u00e4testens um 8 Uhr morgens, dass wieder ein Festtag begangen wird, denn dann dr\u00f6hnt ein erster, un\u00fcberh\u00f6rbarer \u201eWeckschuss\u201c aus der Salutkanone vom <a title=\"Galgenberg\" href=\"https:\/\/www.freiburg-schwarzwald.de\/blog\/regio\/berge\/galgenberg\/\">Galgenberg<\/a>:\u00a0<a title=\"Brauchtum\" href=\"https:\/\/www.freiburg-schwarzwald.de\/blog\/regio\/heimat\/brauchtum\/\">B\u00f6llern<\/a> in dritter Generation<b>\u00a0&#8211;<\/b>Opa, Vater und Enkel Hagenberger in Aktion.<!--more--><\/p>\n<p>Dies ist allj\u00e4hrlich ein gro\u00dfer Festtag im Dorf und fr\u00fch treffen sich die Mitglieder der Vereine vor dem Gasthaus L\u00f6wen, um Aufstellung zu nehmen und gemeinsam in die Kirche zu ziehen. Dort stehen allj\u00e4hrlich Nikolaus Hagenberger, sein Sohn Christian und erstmals auch sein Enkel Tim, allesamt Mitglieder der Freiwilligen Feuerwehr Ebnet, um die Salutkanone fachm\u00e4nnisch abzufeuern. Opa Hagenberger freut sich, dass auch sein Enkelsohn in seine Fu\u00dfstapfen treten m\u00f6chte und das Salutschie\u00dfen in Ebnet weiterhin Bestand haben wird und Vater Christian Hagenberger hat zu diesem besonderen Anlass die B\u00f6llerkanone komplett restauriert, abgeschliffen und neu gestrichen. \u201eIch m\u00f6chte die Tradition des B\u00f6llerns und die Tradition unserer Familie weiter f\u00fchren und mit 18 Jahren den B\u00f6llerschein machen\u201c, so der 13-j\u00e4hrige Tim. Solange darf er dem Opa und seinem Vater lediglich zur Hand gehen, selbst schie\u00dfen darf nur, wer die Pr\u00fcfung zum Sprengstoffmeister erfolgreich abgelegt und f\u00fcr jedes Schie\u00dfen eine offizielle Genehmigung beim Amt f\u00fcr \u00d6ffentliche Ordnung eingeholt hat. Der \u201eB\u00f6llerschein\u201c berechtigt dann zum Kauf, Schie\u00dfen und Aufbewahren von Schwarzpulver. Auch die Kanone muss alle f\u00fcnf Jahre zum \u201eT\u00dcV\u201c und wird beim Beschussamt in Ulm gr\u00fcndlich kontrolliert.<\/p>\n<p><a href=\"https:\/\/www.freiburg-schwarzwald.de\/blog\/ebnet-boellern-am-galgenberg\/boellerschiessen-ebnet140112\/\" rel=\"attachment wp-att-44048\"><img loading=\"lazy\" decoding=\"async\" class=\"alignnone size-thumbnail wp-image-44048\" alt=\"boellerschiessen-ebnet140112\" src=\"https:\/\/www.freiburg-schwarzwald.de\/blog\/wp-content\/uploads\/2014\/01\/boellerschiessen-ebnet140112-180x147.jpg\" width=\"180\" height=\"147\" srcset=\"https:\/\/www.freiburg-schwarzwald.de\/blog\/wp-content\/uploads\/2014\/01\/boellerschiessen-ebnet140112-180x147.jpg 180w, https:\/\/www.freiburg-schwarzwald.de\/blog\/wp-content\/uploads\/2014\/01\/boellerschiessen-ebnet140112-640x525.jpg 640w, https:\/\/www.freiburg-schwarzwald.de\/blog\/wp-content\/uploads\/2014\/01\/boellerschiessen-ebnet140112.jpg 641w\" sizes=\"auto, (max-width: 180px) 100vw, 180px\" \/><\/a><\/p>\n<p><em>Der Fortbestand des Salutschie\u00dfens ist gesichert. Nikolaus Hagenberger (rechts), sein Sohn Christian (links) und nun auch sein Enkel Tim betreuen die Salutkanone der Gemeinde Ebnet.<\/em>\u00a0<i>Foto: Gisela Heizler-Ries<\/i><\/p>\n<p>Erstmals \u201egeb\u00f6llert\u201c wurde in Ebnet wohl anl\u00e4sslich des Hochzeitszuges von Erzherzogin Maria Antonia durch das H\u00f6llental und Ebnet. Vor 30 Jahren hat der heute 79-j\u00e4hrige Nikolaus Hagenberger diese Tradition wieder aufleben lassen. Heute wird nicht nur an Hilarius, auch an Fronleichnam und bei besonderen Anl\u00e4ssen, wie zum Beispiel der 900 Jahr-Feier Ebnets im vergangenen Jahr geschossen. 16 Schuss sind es an Fronleichnam, 12 Schuss an Hilarius. Eine jahrhundertealte Tradition, auf die man in Ebnet besonders stolz ist. Und zeitgenau muss dabei alles stimmen &#8211; drei Sch\u00fcsse erfolgen beim Kirchgang, zwei bei der Wandlung, drei w\u00e4hrend des Schlussliedes \u201eGro\u00dfer Gott wir loben dich\u201c und drei zum Abschluss beim Ausmarsch. Fr\u00fcher waren Gemeindemitglieder postiert, um mit Taschent\u00fcchern winkend die Signale zu geben. Heutzutage hei\u00dft es per Funk \u201eAchtung \u2013 Feuer\u201c und dann knallt es wieder gewaltig vom Galgenberg!\u00a0Allj\u00e4hrlich d\u00fcrfen auch die Kommunionkinder der Gemeinde aus sicherer Entfernung und nat\u00fcrlich mit H\u00f6rschutz versehen, dieses Ereignis verfolgen. \u201eWeitere Zuschauer sind aus Sicherheitsgr\u00fcnden jedoch nicht erw\u00fcnscht\u201c, so Christian Hagenberger \u201eund au\u00dferdem glaube ich, dass sich Pfarrer Johannes Kienzler mehr freut, wenn er seine Sch\u00e4fchen am Hilariusfest in der Kirche begr\u00fc\u00dfen darf!\u201c<br \/>\n17.1.2014, Gisela Heizler-Ries, Der Dreisamt\u00e4ler<\/p>\n","protected":false},"excerpt":{"rendered":"<p>Am 19.1.2014 feiert die Ebneter Hilarius-Gemeinde ihr Kirchenpatrozinium.\u00a0Ganz Ebnet ist auf den Beinen und auch die Nachbargemeinden wissen sp\u00e4testens um 8 Uhr morgens, dass wieder ein Festtag begangen wird, denn dann dr\u00f6hnt ein erster, un\u00fcberh\u00f6rbarer \u201eWeckschuss\u201c aus der Salutkanone vom &hellip; <a href=\"https:\/\/www.freiburg-schwarzwald.de\/blog\/ebnet-boellern-am-galgenberg\/\">Weiterlesen <span class=\"meta-nav\">&rarr;<\/span><\/a><\/p>\n","protected":false},"author":2,"featured_media":0,"comment_status":"open","ping_status":"closed","sticky":false,"template":"","format":"standard","meta":{"footnotes":""},"categories":[1],"tags":[511,503,443],"class_list":["post-44045","post","type-post","status-publish","format-standard","hentry","category-allgemein","tag-brauchtum","tag-church","tag-termin"],"_links":{"self":[{"href":"https:\/\/www.freiburg-schwarzwald.de\/blog\/wp-json\/wp\/v2\/posts\/44045","targetHints":{"allow":["GET"]}}],"collection":[{"href":"https:\/\/www.freiburg-schwarzwald.de\/blog\/wp-json\/wp\/v2\/posts"}],"about":[{"href":"https:\/\/www.freiburg-schwarzwald.de\/blog\/wp-json\/wp\/v2\/types\/post"}],"author":[{"embeddable":true,"href":"https:\/\/www.freiburg-schwarzwald.de\/blog\/wp-json\/wp\/v2\/users\/2"}],"replies":[{"embeddable":true,"href":"https:\/\/www.freiburg-schwarzwald.de\/blog\/wp-json\/wp\/v2\/comments?post=44045"}],"version-history":[{"count":0,"href":"https:\/\/www.freiburg-schwarzwald.de\/blog\/wp-json\/wp\/v2\/posts\/44045\/revisions"}],"wp:attachment":[{"href":"https:\/\/www.freiburg-schwarzwald.de\/blog\/wp-json\/wp\/v2\/media?parent=44045"}],"wp:term":[{"taxonomy":"category","embeddable":true,"href":"https:\/\/www.freiburg-schwarzwald.de\/blog\/wp-json\/wp\/v2\/categories?post=44045"},{"taxonomy":"post_tag","embeddable":true,"href":"https:\/\/www.freiburg-schwarzwald.de\/blog\/wp-json\/wp\/v2\/tags?post=44045"}],"curies":[{"name":"wp","href":"https:\/\/api.w.org\/{rel}","templated":true}]}}