{"id":43988,"date":"2014-01-15T20:47:09","date_gmt":"2014-01-15T19:47:09","guid":{"rendered":"https:\/\/www.freiburg-schwarzwald.de\/blog\/?p=43988"},"modified":"2014-01-15T20:51:57","modified_gmt":"2014-01-15T19:51:57","slug":"stegen-eschbach-kindergarten","status":"publish","type":"post","link":"https:\/\/www.freiburg-schwarzwald.de\/blog\/stegen-eschbach-kindergarten\/","title":{"rendered":"Stegen-Eschbach Kindergarten"},"content":{"rendered":"<p>Die Vorsitzende der Katholischen<a title=\"Landfrauen\" href=\"https:\/\/www.freiburg-schwarzwald.de\/blog\/natur\/landwirt\/landfrauen\/\"> Frauengemeinschaft<\/a> <a title=\"Eschbach\" href=\"https:\/\/www.freiburg-schwarzwald.de\/blog\/regio\/orte\/eschbach\/\">Eschbach<\/a> Marijana Dold (M.) \u00fcberreichte zur Freude aller Beteiligten eine <a title=\"Spende\" href=\"https:\/\/www.freiburg-schwarzwald.de\/blog\/engagement\/spende\/\">Spende<\/a> von je 500 Euro an den Kindergarten und die Grundschule <a title=\"Stegen\" href=\"https:\/\/www.freiburg-schwarzwald.de\/blog\/regio\/orte\/stegen\/\">Stegen<\/a>-Eschbach. Der Betrag stammt aus dem Erl\u00f6s des Adventsbazars. <!--more-->Ulrike Kurz (r.), Rektorin der Grundschule, und Stefanie M\u00fcller, Leiterin des Kindergartens Schneckenhaus in Eschbach (l.), nahmen das Geld gemeinsam mit Sch\u00fclern f\u00fcr verschiedene Aktionen gerne an.<\/p>\n<p><a href=\"https:\/\/www.freiburg-schwarzwald.de\/blog\/stegen-eschbach-kindergarten\/eschbach-kindergarten140112\/\" rel=\"attachment wp-att-43989\"><img loading=\"lazy\" decoding=\"async\" class=\"alignnone size-thumbnail wp-image-43989\" alt=\"eschbach-kindergarten140112\" src=\"https:\/\/www.freiburg-schwarzwald.de\/blog\/wp-content\/uploads\/2014\/01\/eschbach-kindergarten140112-180x121.jpg\" width=\"180\" height=\"121\" srcset=\"https:\/\/www.freiburg-schwarzwald.de\/blog\/wp-content\/uploads\/2014\/01\/eschbach-kindergarten140112-180x121.jpg 180w, https:\/\/www.freiburg-schwarzwald.de\/blog\/wp-content\/uploads\/2014\/01\/eschbach-kindergarten140112.jpg 640w\" sizes=\"auto, (max-width: 180px) 100vw, 180px\" \/><\/a>\u00a0Foto: Privat<\/p>\n<p>15.1.2014, Gerhard L\u00fcck, <a href=\"https:\/\/www.dreisamtaeler.de\">www.dreisamtaeler.de<\/a><\/p>\n","protected":false},"excerpt":{"rendered":"<p>Die Vorsitzende der Katholischen Frauengemeinschaft Eschbach Marijana Dold (M.) \u00fcberreichte zur Freude aller Beteiligten eine Spende von je 500 Euro an den Kindergarten und die Grundschule Stegen-Eschbach. Der Betrag stammt aus dem Erl\u00f6s des Adventsbazars.<\/p>\n","protected":false},"author":2,"featured_media":0,"comment_status":"open","ping_status":"closed","sticky":false,"template":"","format":"standard","meta":{"footnotes":""},"categories":[400,61,93,161],"tags":[721,270],"class_list":["post-43988","post","type-post","status-publish","format-standard","hentry","category-freiwillig","category-kinder","category-kindergarten","category-spende","tag-kindergarten","tag-gift"],"_links":{"self":[{"href":"https:\/\/www.freiburg-schwarzwald.de\/blog\/wp-json\/wp\/v2\/posts\/43988","targetHints":{"allow":["GET"]}}],"collection":[{"href":"https:\/\/www.freiburg-schwarzwald.de\/blog\/wp-json\/wp\/v2\/posts"}],"about":[{"href":"https:\/\/www.freiburg-schwarzwald.de\/blog\/wp-json\/wp\/v2\/types\/post"}],"author":[{"embeddable":true,"href":"https:\/\/www.freiburg-schwarzwald.de\/blog\/wp-json\/wp\/v2\/users\/2"}],"replies":[{"embeddable":true,"href":"https:\/\/www.freiburg-schwarzwald.de\/blog\/wp-json\/wp\/v2\/comments?post=43988"}],"version-history":[{"count":0,"href":"https:\/\/www.freiburg-schwarzwald.de\/blog\/wp-json\/wp\/v2\/posts\/43988\/revisions"}],"wp:attachment":[{"href":"https:\/\/www.freiburg-schwarzwald.de\/blog\/wp-json\/wp\/v2\/media?parent=43988"}],"wp:term":[{"taxonomy":"category","embeddable":true,"href":"https:\/\/www.freiburg-schwarzwald.de\/blog\/wp-json\/wp\/v2\/categories?post=43988"},{"taxonomy":"post_tag","embeddable":true,"href":"https:\/\/www.freiburg-schwarzwald.de\/blog\/wp-json\/wp\/v2\/tags?post=43988"}],"curies":[{"name":"wp","href":"https:\/\/api.w.org\/{rel}","templated":true}]}}