{"id":43983,"date":"2014-01-15T20:38:22","date_gmt":"2014-01-15T19:38:22","guid":{"rendered":"https:\/\/www.freiburg-schwarzwald.de\/blog\/?p=43983"},"modified":"2014-01-15T20:38:22","modified_gmt":"2014-01-15T19:38:22","slug":"circolo-fr-spende-fluechtlinge","status":"publish","type":"post","link":"https:\/\/www.freiburg-schwarzwald.de\/blog\/circolo-fr-spende-fluechtlinge\/","title":{"rendered":"Circolo FR Spende Fluechtlinge"},"content":{"rendered":"<p>Auf Initiative der <a title=\"Buergerstiftung Kirchzarten neu\" href=\"https:\/\/www.freiburg-schwarzwald.de\/blog\/buergerstiftung-kirchzarten-neu\/\">B\u00fcrgerstiftung Kirchzarten<\/a> besuchten jetzt achtzehn kleine und gro\u00dfe Bewohner des <a title=\"Fluechtlingswohnheim\" href=\"https:\/\/www.freiburg-schwarzwald.de\/blog\/selbsthilfe\/soziales\/fluechtlingswohnheim\/\">Wohnheimes f\u00fcr Fl\u00fcchtlinge<\/a> in Kirchzarten eine Auff\u00fchrung des Freiburger Weihnachtszirkus \u201eCircolo\u201c. Christoph Mack, der \u201eCircolo\u201c-Veranstalter, hatte zwanzig Freikarten <a title=\"Spende\" href=\"https:\/\/www.freiburg-schwarzwald.de\/blog\/engagement\/spende\/\">spendiert<\/a>, die vor allem Fl\u00fcchtlingsfamilien gro\u00dfe Freude brachten. Barbara Oehl und Christa Kimmel vom Kirchzartener Helferkreis f\u00fcr Fl\u00fcchtlinge begleiteten die Gruppe. <!--more-->Zur Freude von Stefan Saumer (hinten r.), Vorstandsmitglied der B\u00fcrgerstiftung, stellte das Busunternehmen Hummel den Bus f\u00fcr Hin- und R\u00fcckfahrt kostenlos zur Verf\u00fcgung. Von der B\u00fcrgerstiftung gab es f\u00fcr die Programmpause eine T\u00fcte Popcorn extra.<\/p>\n<p><a href=\"https:\/\/www.freiburg-schwarzwald.de\/blog\/circolo-fr-spende-fluechtlinge\/circolo-freiburg140112\/\" rel=\"attachment wp-att-43984\"><img loading=\"lazy\" decoding=\"async\" class=\"alignnone size-thumbnail wp-image-43984\" alt=\"circolo-freiburg140112\" src=\"https:\/\/www.freiburg-schwarzwald.de\/blog\/wp-content\/uploads\/2014\/01\/circolo-freiburg140112-180x121.jpg\" width=\"180\" height=\"121\" srcset=\"https:\/\/www.freiburg-schwarzwald.de\/blog\/wp-content\/uploads\/2014\/01\/circolo-freiburg140112-180x121.jpg 180w, https:\/\/www.freiburg-schwarzwald.de\/blog\/wp-content\/uploads\/2014\/01\/circolo-freiburg140112.jpg 640w\" sizes=\"auto, (max-width: 180px) 100vw, 180px\" \/><\/a>\u00a0 \u00a0\u00a0Foto: Gerhard L\u00fcck<\/p>\n<p>15.1.2014, Gerhard L\u00fcck, Dreisamt\u00e4ler<\/p>\n","protected":false},"excerpt":{"rendered":"<p>Auf Initiative der B\u00fcrgerstiftung Kirchzarten besuchten jetzt achtzehn kleine und gro\u00dfe Bewohner des Wohnheimes f\u00fcr Fl\u00fcchtlinge in Kirchzarten eine Auff\u00fchrung des Freiburger Weihnachtszirkus \u201eCircolo\u201c. Christoph Mack, der \u201eCircolo\u201c-Veranstalter, hatte zwanzig Freikarten spendiert, die vor allem Fl\u00fcchtlingsfamilien gro\u00dfe Freude brachten. Barbara &hellip; <a href=\"https:\/\/www.freiburg-schwarzwald.de\/blog\/circolo-fr-spende-fluechtlinge\/\">Weiterlesen <span class=\"meta-nav\">&rarr;<\/span><\/a><\/p>\n","protected":false},"author":2,"featured_media":0,"comment_status":"open","ping_status":"closed","sticky":false,"template":"","format":"standard","meta":{"footnotes":""},"categories":[1],"tags":[],"class_list":["post-43983","post","type-post","status-publish","format-standard","hentry","category-allgemein"],"_links":{"self":[{"href":"https:\/\/www.freiburg-schwarzwald.de\/blog\/wp-json\/wp\/v2\/posts\/43983","targetHints":{"allow":["GET"]}}],"collection":[{"href":"https:\/\/www.freiburg-schwarzwald.de\/blog\/wp-json\/wp\/v2\/posts"}],"about":[{"href":"https:\/\/www.freiburg-schwarzwald.de\/blog\/wp-json\/wp\/v2\/types\/post"}],"author":[{"embeddable":true,"href":"https:\/\/www.freiburg-schwarzwald.de\/blog\/wp-json\/wp\/v2\/users\/2"}],"replies":[{"embeddable":true,"href":"https:\/\/www.freiburg-schwarzwald.de\/blog\/wp-json\/wp\/v2\/comments?post=43983"}],"version-history":[{"count":0,"href":"https:\/\/www.freiburg-schwarzwald.de\/blog\/wp-json\/wp\/v2\/posts\/43983\/revisions"}],"wp:attachment":[{"href":"https:\/\/www.freiburg-schwarzwald.de\/blog\/wp-json\/wp\/v2\/media?parent=43983"}],"wp:term":[{"taxonomy":"category","embeddable":true,"href":"https:\/\/www.freiburg-schwarzwald.de\/blog\/wp-json\/wp\/v2\/categories?post=43983"},{"taxonomy":"post_tag","embeddable":true,"href":"https:\/\/www.freiburg-schwarzwald.de\/blog\/wp-json\/wp\/v2\/tags?post=43983"}],"curies":[{"name":"wp","href":"https:\/\/api.w.org\/{rel}","templated":true}]}}