{"id":43978,"date":"2014-01-15T20:32:23","date_gmt":"2014-01-15T19:32:23","guid":{"rendered":"https:\/\/www.freiburg-schwarzwald.de\/blog\/?p=43978"},"modified":"2014-01-15T20:34:02","modified_gmt":"2014-01-15T19:34:02","slug":"behinderung-beruf-himmelreich","status":"publish","type":"post","link":"https:\/\/www.freiburg-schwarzwald.de\/blog\/behinderung-beruf-himmelreich\/","title":{"rendered":"Behinderung Beruf Himmelreich"},"content":{"rendered":"<p>Erfolgsgeschichte: Vier Menschen mit <a title=\"Behinderung\" href=\"https:\/\/www.freiburg-schwarzwald.de\/blog\/selbsthilfe\/behinderung\/\">Behinderung<\/a> erhielten weitere <a title=\"Beruf\" href=\"https:\/\/www.freiburg-schwarzwald.de\/blog\/selbsthilfe\/soziales\/arbeit\/beruf\/\">Qualifikationszertifikate<\/a>.\u00a0Eine Feier zum Jahreswechsel in der \u201eIntegrativen Akademie <a title=\"Himmelreich\" href=\"https:\/\/www.freiburg-schwarzwald.de\/blog\/selbsthilfe\/behinderung\/himmelreich\/\">Himmelreich<\/a>\u201c bot jetzt manchen Blick zur\u00fcck und best\u00e4tigte die Bem\u00fchungen im \u201eHofgut Himmelreich\u201c, jungen Menschen mit Behinderung einen festen <a title=\"Job\" href=\"https:\/\/www.freiburg-schwarzwald.de\/blog\/selbsthilfe\/soziales\/arbeit\/job\/\">Arbeitsplatz<\/a> im <a title=\"Dehoga\" href=\"https:\/\/www.freiburg-schwarzwald.de\/blog\/tourismus\/gastro\/dehoga\/\">Hotel- und Gastst\u00e4ttengewerbe<\/a> zu vermitteln. <!--more-->Franz Kromer, Kirchzartens B\u00fcrgermeisterstellvertreter und Aufsichtsrat der \u201eHofgut Himmelreich gGmbH\u201c, erinnerte an die erfolgreiche Integrationsarbeit, die seit 2004 im Hotel und Gasthaus Himmelreich und seit 2007 in der Integrativen Akademie geleistet wird. \u201eDas ist eine ganz gro\u00dfe Sache\u201c, stellte er fest und f\u00fcgte schmunzelnd hinzu \u201eund das im Himmelreich!\u201c Derzeit l\u00e4uft in der Akademie bereits der siebte Berufsvorbereitungskurs f\u00fcr zw\u00f6lf junge Menschen mit Behinderung zur Qualifikation f\u00fcr einen Arbeitsplatz im Hotel- und Gastst\u00e4ttengewerbe.<\/p>\n<p>Bei seiner Begr\u00fc\u00dfung konnte der neue kommissarische Leiter der Akademie, Albrecht Schwerer, der auch Gesch\u00e4ftsf\u00fchrer der Diakonie im Landkreis Breisgau-Hochschwarzwald ist, zahlreiche Kursteilnehmer, Mentoren sowie Vertreter der Praxisbetriebe und die Partner der Arbeitsverwaltung und der Industrie- und Handelskammer (IHK) willkommen hei\u00dfen. Er zeigte sowohl die M\u00fchen und Anstrengungen der achtzehn Monate dauernden Vorbereitungskurse als auch die Freude und den Erfolg im Arbeitsalltag auf. \u201eDabei ist es immer wichtig\u201c, so Schwerer, \u201eden Blick zu schulen f\u00fcr alles, was uns als Menschen gro\u00df macht.\u201c Roswitha Schneider von der Freiburger Agentur f\u00fcr Arbeit freute sich \u00fcber die Fortschritte, die von den jungen Menschen mit Behinderung in den Kursen erreicht w\u00fcrden.<\/p>\n<p><a href=\"https:\/\/www.freiburg-schwarzwald.de\/blog\/behinderung-beruf-himmelreich\/himmelreich-zertisikate140112\/\" rel=\"attachment wp-att-43981\"><img loading=\"lazy\" decoding=\"async\" class=\"alignnone size-thumbnail wp-image-43981\" alt=\"himmelreich-zertisikate140112\" src=\"https:\/\/www.freiburg-schwarzwald.de\/blog\/wp-content\/uploads\/2014\/01\/himmelreich-zertisikate140112-180x119.jpg\" width=\"180\" height=\"119\" srcset=\"https:\/\/www.freiburg-schwarzwald.de\/blog\/wp-content\/uploads\/2014\/01\/himmelreich-zertisikate140112-180x119.jpg 180w, https:\/\/www.freiburg-schwarzwald.de\/blog\/wp-content\/uploads\/2014\/01\/himmelreich-zertisikate140112-640x425.jpg 640w, https:\/\/www.freiburg-schwarzwald.de\/blog\/wp-content\/uploads\/2014\/01\/himmelreich-zertisikate140112.jpg 641w\" sizes=\"auto, (max-width: 180px) 100vw, 180px\" \/><\/a><\/p>\n<p>Sie freuen sich \u00fcber ihre erreichten Module: Florian Seehaus, Stefanie R\u00fcsch, Nuriye \u00d6zaslan und Maria Spiegelhalter (v.l.). Mit dabei: Albrecht Schwerer (l.), der neue kommissarische Leiter der Akademie und Annette Stetter von der IHK Freiburg (2.v.r.).<\/p>\n<p>F\u00fcr den Gesch\u00e4ftsf\u00fchrer der \u201eHofgut Himmelreich gGmbH\u201c Jochen Lauber war es wichtig, \u201eden Partnern im Netzwerk\u201c zu danken. Die Agentur f\u00fcr Arbeit, die IHK, der Integrationsfachdienst und die engagierten Partnerbetriebe unterst\u00fctzten die Akademiearbeit bestens. Stolz sei er, dass das Hofgut Himmelreich im Kreis der Integrationsbetriebe als \u201edie Mutter der integrativen Gastronomiebetriebe\u201c bezeichnet werde. F\u00fcr 2014 k\u00fcndigte er endlich ein Ende des Akademieprovisoriums in den Containern an.\u00a0Annette Stettner von der IHK Freiburg freute sich dann sehr, dass sie vier ehemaligen Kursabsolventen f\u00fcr ihre Weiterqualifizierung in Spezialbereichen der Arbeit in Hotel- und Gastst\u00e4ttenbetrieben Zertifikate f\u00fcr bestandene Modul-Pr\u00fcfungen \u00fcberreichen konnte. Florian Seehaus, der in der \u201eBioteria\u201c des Angel-Montessori-Zentrums in Freiburg arbeitet, hatte das Modul \u201eMaschinen und Ger\u00e4te in der K\u00fcche\u201c erarbeitet. Stefanie R\u00fcsch vom FT-Hotel Freiburg schaffte gleich zwei Module: \u201eVorbereitende T\u00e4tigkeiten in der K\u00fcche\u201c und \u201eVorbereiten von einfachen Speisen\u201c. Maria Spiegelhalter hatte in der K\u00fcche des Loretto-Krankenhauses ebenfalls das Modul \u201eMaschinen und Ger\u00e4te\u201c erfolgreich bestanden. Und Nuriye \u00d6zaslan vom AWO-Seniorenzentrum Denzlingen freute sich \u00fcber ihr W\u00e4scherei-Modul. Sozialp\u00e4dagogin Monika Pohlmann von der Integrativen Akademie unterstrich die wichtige Rolle der Mentoren, die als Bindeglied zwischen Praktikant und Einsatzbetrieb f\u00fcr ein gutes Miteinander sorgen und oft wichtige Hilfestellungen in der Praxis geben.<br \/>\n15.1.2014, Gerhard L\u00fcck, Dreisamt\u00e4ler<\/p>\n<p>&nbsp;<\/p>\n","protected":false},"excerpt":{"rendered":"<p>Erfolgsgeschichte: Vier Menschen mit Behinderung erhielten weitere Qualifikationszertifikate.\u00a0Eine Feier zum Jahreswechsel in der \u201eIntegrativen Akademie Himmelreich\u201c bot jetzt manchen Blick zur\u00fcck und best\u00e4tigte die Bem\u00fchungen im \u201eHofgut Himmelreich\u201c, jungen Menschen mit Behinderung einen festen Arbeitsplatz im Hotel- und Gastst\u00e4ttengewerbe zu &hellip; <a href=\"https:\/\/www.freiburg-schwarzwald.de\/blog\/behinderung-beruf-himmelreich\/\">Weiterlesen <span class=\"meta-nav\">&rarr;<\/span><\/a><\/p>\n","protected":false},"author":2,"featured_media":0,"comment_status":"open","ping_status":"closed","sticky":false,"template":"","format":"standard","meta":{"footnotes":""},"categories":[79,56],"tags":[382,531,418,388],"class_list":["post-43978","post","type-post","status-publish","format-standard","hentry","category-arbeit","category-behinderung","tag-arbeit-working","tag-handicap","tag-beruf","tag-social"],"_links":{"self":[{"href":"https:\/\/www.freiburg-schwarzwald.de\/blog\/wp-json\/wp\/v2\/posts\/43978","targetHints":{"allow":["GET"]}}],"collection":[{"href":"https:\/\/www.freiburg-schwarzwald.de\/blog\/wp-json\/wp\/v2\/posts"}],"about":[{"href":"https:\/\/www.freiburg-schwarzwald.de\/blog\/wp-json\/wp\/v2\/types\/post"}],"author":[{"embeddable":true,"href":"https:\/\/www.freiburg-schwarzwald.de\/blog\/wp-json\/wp\/v2\/users\/2"}],"replies":[{"embeddable":true,"href":"https:\/\/www.freiburg-schwarzwald.de\/blog\/wp-json\/wp\/v2\/comments?post=43978"}],"version-history":[{"count":0,"href":"https:\/\/www.freiburg-schwarzwald.de\/blog\/wp-json\/wp\/v2\/posts\/43978\/revisions"}],"wp:attachment":[{"href":"https:\/\/www.freiburg-schwarzwald.de\/blog\/wp-json\/wp\/v2\/media?parent=43978"}],"wp:term":[{"taxonomy":"category","embeddable":true,"href":"https:\/\/www.freiburg-schwarzwald.de\/blog\/wp-json\/wp\/v2\/categories?post=43978"},{"taxonomy":"post_tag","embeddable":true,"href":"https:\/\/www.freiburg-schwarzwald.de\/blog\/wp-json\/wp\/v2\/tags?post=43978"}],"curies":[{"name":"wp","href":"https:\/\/api.w.org\/{rel}","templated":true}]}}