{"id":43929,"date":"2014-01-15T18:33:27","date_gmt":"2014-01-15T17:33:27","guid":{"rendered":"https:\/\/www.freiburg-schwarzwald.de\/blog\/?p=43929"},"modified":"2014-01-15T18:46:01","modified_gmt":"2014-01-15T17:46:01","slug":"einfach-leben-suffizienzpolitik","status":"publish","type":"post","link":"https:\/\/www.freiburg-schwarzwald.de\/blog\/einfach-leben-suffizienzpolitik\/","title":{"rendered":"Einfach leben &#8211; Suffizienzpolitik"},"content":{"rendered":"<p>Das <a title=\"Buch\" href=\"https:\/\/www.freiburg-schwarzwald.de\/blog\/kultur\/dichter\/literatur\/buch\/\">Buch<\/a> &#8222;Damit gutes Leben <a title=\"Wegwerfkultur\" href=\"https:\/\/www.freiburg-schwarzwald.de\/blog\/kultur\/wegwerfkultur\/\">einfacher<\/a> wird &#8211; Perspektiven einer\u00a0<a title=\"Suffizienz\" href=\"https:\/\/www.freiburg-schwarzwald.de\/blog\/engagement\/zukunft\/suffizienz\/\">Suffizienzpolitik<\/a>&#8220; zeigt auf, welche Ma\u00dfnahmen die Politik\u00a0ergreifen kann, um suffiziente (gen\u00fcgsame) Lebensstile zu unterst\u00fctzen. Die\u00a0deutsche Umweltstiftung hat diese Publikation zum Umweltbuch des\u00a0Monats Januar 2014 gek\u00fcrt. Diese Auszeichnung wird gemeinsam mit der\u00a0Redaktion des &#8222;Jahrbuchs <a title=\"Oeko\" href=\"https:\/\/www.freiburg-schwarzwald.de\/blog\/natur\/landwirt\/oeko\/\">\u00d6kologie<\/a>&#8220; vergeben.<!--more--> Aus den monatlichen\u00a0Preistr\u00e4gern wird allj\u00e4hrlich im Herbst das &#8222;Wichtigste Umweltbuch\u00a0des Jahres&#8220; ausgew\u00e4hlt.<br \/>\nDie aufgeregte Debatte zum \u201eVeggie Day\u201c zeigte: Lebensstile kann man nicht vorschreiben, da reagieren viele allergisch. Die Autoren bekennen sich zur Freiheit des Individuums, die aber ihre Grenzen dort habe, wo sie die Freiheit anderer tangiere: Nicht-nachhaltige Lebensstile schr\u00e4nkten die Freiheit derjenigen ein, die suffiziente Lebensstile erproben wollen. Suffiziente Lebensstile hingegen \u201esind in aller Regel wenig invasiv, das hei\u00dft sie schr\u00e4nken andere in der Entfaltung ihrer Lebensentw\u00fcrfe kaum ein. &#8222;<strong>Eine Politik, die suffizientes Leben einfacher macht, ist daher eine im Kern liberale Politik\u201c<\/strong> (Seite 23). Ein spannender Aspekt, vielleicht der wichtigste des Buches, weil dies der Debatte um Suffizienz einen anderen Dreh geben k\u00f6nnte. &#8230;. Mehr auf<br \/>\n<a href=\"https:\/\/www.deutscheumweltstiftung.de\/index.php\/pressearchiv\/547-umweltbuch-des-monats-januar-2014-damit-gutes-leben-einfacher-wird \">https:\/\/www.deutscheumweltstiftung.de\/index.php\/pressearchiv\/547-umweltbuch-des-monats-januar-2014-damit-gutes-leben-einfacher-wird<br \/>\n<\/a><br \/>\n<em>Uwe Schneidewind und Angelika Zahrnt:<br \/>\n<\/em><em>Damit gutes Leben einfacher wird. Perspektiven einer Suffizienzpolitik<br \/>\n<\/em><em>M\u00fcnchen, Oekom Verlag 2013, 171 Seiten, 12,95 \u20ac ISBN 978-3-86581-441-8<\/em><\/p>\n<p><a href=\"https:\/\/blog.postwachstum.de\/suffizienz-und-unternehmen-20131211\/\">https:\/\/blog.postwachstum.de\/suffizienz-und-unternehmen-20131211\/<\/a><\/p>\n","protected":false},"excerpt":{"rendered":"<p>Das Buch &#8222;Damit gutes Leben einfacher wird &#8211; Perspektiven einer\u00a0Suffizienzpolitik&#8220; zeigt auf, welche Ma\u00dfnahmen die Politik\u00a0ergreifen kann, um suffiziente (gen\u00fcgsame) Lebensstile zu unterst\u00fctzen. Die\u00a0deutsche Umweltstiftung hat diese Publikation zum Umweltbuch des\u00a0Monats Januar 2014 gek\u00fcrt. Diese Auszeichnung wird gemeinsam mit der\u00a0Redaktion &hellip; <a href=\"https:\/\/www.freiburg-schwarzwald.de\/blog\/einfach-leben-suffizienzpolitik\/\">Weiterlesen <span class=\"meta-nav\">&rarr;<\/span><\/a><\/p>\n","protected":false},"author":2,"featured_media":0,"comment_status":"open","ping_status":"closed","sticky":false,"template":"","format":"standard","meta":{"footnotes":""},"categories":[18,355,40,68],"tags":[552,423,289,719],"class_list":["post-43929","post","type-post","status-publish","format-standard","hentry","category-bildung","category-buergerinitiativen","category-klima","category-umwelt","tag-buch-2","tag-lebensmittel","tag-preis","tag-umwelt"],"_links":{"self":[{"href":"https:\/\/www.freiburg-schwarzwald.de\/blog\/wp-json\/wp\/v2\/posts\/43929","targetHints":{"allow":["GET"]}}],"collection":[{"href":"https:\/\/www.freiburg-schwarzwald.de\/blog\/wp-json\/wp\/v2\/posts"}],"about":[{"href":"https:\/\/www.freiburg-schwarzwald.de\/blog\/wp-json\/wp\/v2\/types\/post"}],"author":[{"embeddable":true,"href":"https:\/\/www.freiburg-schwarzwald.de\/blog\/wp-json\/wp\/v2\/users\/2"}],"replies":[{"embeddable":true,"href":"https:\/\/www.freiburg-schwarzwald.de\/blog\/wp-json\/wp\/v2\/comments?post=43929"}],"version-history":[{"count":0,"href":"https:\/\/www.freiburg-schwarzwald.de\/blog\/wp-json\/wp\/v2\/posts\/43929\/revisions"}],"wp:attachment":[{"href":"https:\/\/www.freiburg-schwarzwald.de\/blog\/wp-json\/wp\/v2\/media?parent=43929"}],"wp:term":[{"taxonomy":"category","embeddable":true,"href":"https:\/\/www.freiburg-schwarzwald.de\/blog\/wp-json\/wp\/v2\/categories?post=43929"},{"taxonomy":"post_tag","embeddable":true,"href":"https:\/\/www.freiburg-schwarzwald.de\/blog\/wp-json\/wp\/v2\/tags?post=43929"}],"curies":[{"name":"wp","href":"https:\/\/api.w.org\/{rel}","templated":true}]}}