{"id":43769,"date":"2014-01-11T19:32:23","date_gmt":"2014-01-11T18:32:23","guid":{"rendered":"https:\/\/www.freiburg-schwarzwald.de\/blog\/?p=43769"},"modified":"2014-01-11T19:40:32","modified_gmt":"2014-01-11T18:40:32","slug":"cafe-am-schloss-freiburg-ebnet","status":"publish","type":"post","link":"https:\/\/www.freiburg-schwarzwald.de\/blog\/cafe-am-schloss-freiburg-ebnet\/","title":{"rendered":"Cafe am Schloss Freiburg-Ebnet"},"content":{"rendered":"<p>Am 12.10.2013 wurde es als &#8222;<a title=\"Cafe\" href=\"https:\/\/www.freiburg-schwarzwald.de\/blog\/tourismus\/gastro\/cafe\/\">Cafe<\/a> in der Wissler-Schmiede&#8220; in <a title=\"Ebnet\" href=\"https:\/\/www.freiburg-schwarzwald.de\/blog\/regio\/freiburg\/ebnet\/\">Ebnet<\/a> er\u00f6ffnet, nun hat es seinen Namen gefunden: &#8222;Cafe am Schlo\u00df&#8220; direkt gegen\u00fcber dem Eingang zum Ebneter Schlo\u00df. Man sitzt drinnen in gem\u00fctlichem Ambiente oder drau\u00dfen gegen\u00fcber vom Schlo\u00df. Vegetarisches Essen f\u00fcr 5 Euro t\u00e4glich frisch.<!--more--><\/p>\n<p>&nbsp;<\/p>\n<p>&nbsp;<\/p>\n<p><a href=\"https:\/\/www.freiburg-schwarzwald.de\/blog\/cafe-am-schloss-freiburg-ebnet\/ebnet1cafeamschloss140109\/\" rel=\"attachment wp-att-43770\"><img loading=\"lazy\" decoding=\"async\" class=\"alignnone size-thumbnail wp-image-43770\" alt=\"ebnet1cafeamschloss140109\" src=\"https:\/\/www.freiburg-schwarzwald.de\/blog\/wp-content\/uploads\/2014\/01\/ebnet1cafeamschloss140109-180x135.jpg\" width=\"180\" height=\"135\" srcset=\"https:\/\/www.freiburg-schwarzwald.de\/blog\/wp-content\/uploads\/2014\/01\/ebnet1cafeamschloss140109-180x135.jpg 180w, https:\/\/www.freiburg-schwarzwald.de\/blog\/wp-content\/uploads\/2014\/01\/ebnet1cafeamschloss140109.jpg 640w\" sizes=\"auto, (max-width: 180px) 100vw, 180px\" \/><\/a>\u00a0 \u00a0 \u00a0 \u00a0 \u00a0\u00a0<a href=\"https:\/\/www.freiburg-schwarzwald.de\/blog\/cafe-am-schloss-freiburg-ebnet\/ebnet2cafeamschloss140109\/\" rel=\"attachment wp-att-43771\"><img loading=\"lazy\" decoding=\"async\" class=\"alignnone size-thumbnail wp-image-43771\" alt=\"ebnet2cafeamschloss140109\" src=\"https:\/\/www.freiburg-schwarzwald.de\/blog\/wp-content\/uploads\/2014\/01\/ebnet2cafeamschloss140109-180x135.jpg\" width=\"180\" height=\"135\" srcset=\"https:\/\/www.freiburg-schwarzwald.de\/blog\/wp-content\/uploads\/2014\/01\/ebnet2cafeamschloss140109-180x135.jpg 180w, https:\/\/www.freiburg-schwarzwald.de\/blog\/wp-content\/uploads\/2014\/01\/ebnet2cafeamschloss140109.jpg 640w\" sizes=\"auto, (max-width: 180px) 100vw, 180px\" \/><\/a>\u00a0 \u00a0 \u00a0 \u00a0 \u00a0\u00a0<a href=\"https:\/\/www.freiburg-schwarzwald.de\/blog\/cafe-am-schloss-freiburg-ebnet\/ebnet3cafeamschloss140109\/\" rel=\"attachment wp-att-43772\"><img loading=\"lazy\" decoding=\"async\" class=\"alignnone size-thumbnail wp-image-43772\" alt=\"ebnet3cafeamschloss140109\" src=\"https:\/\/www.freiburg-schwarzwald.de\/blog\/wp-content\/uploads\/2014\/01\/ebnet3cafeamschloss140109-135x180.jpg\" width=\"135\" height=\"180\" srcset=\"https:\/\/www.freiburg-schwarzwald.de\/blog\/wp-content\/uploads\/2014\/01\/ebnet3cafeamschloss140109-135x180.jpg 135w, https:\/\/www.freiburg-schwarzwald.de\/blog\/wp-content\/uploads\/2014\/01\/ebnet3cafeamschloss140109.jpg 480w\" sizes=\"auto, (max-width: 135px) 100vw, 135px\" \/><\/a><br \/>\n(1) Rahim Hosseinzadeh \u00a0 \u00a0 \u00a0 \u00a0 \u00a0 \u00a0 \u00a0 \u00a0 \u00a0 \u00a0 \u00a0 \u00a0(2) Vegetarisches Mittagessen \u00a0 \u00a0 \u00a0 \u00a0 \u00a0 \u00a0 \u00a0(3) Caf\u00e9 rechts am 7.1.2014<\/p>\n<p><a href=\"https:\/\/www.freiburg-schwarzwald.de\/blog\/cafe-am-schloss-freiburg-ebnet\/ebnet4cafeamschloss140109\/\" rel=\"attachment wp-att-43773\"><img loading=\"lazy\" decoding=\"async\" class=\"alignnone size-thumbnail wp-image-43773\" alt=\"ebnet4cafeamschloss140109\" src=\"https:\/\/www.freiburg-schwarzwald.de\/blog\/wp-content\/uploads\/2014\/01\/ebnet4cafeamschloss140109-180x135.jpg\" width=\"180\" height=\"135\" srcset=\"https:\/\/www.freiburg-schwarzwald.de\/blog\/wp-content\/uploads\/2014\/01\/ebnet4cafeamschloss140109-180x135.jpg 180w, https:\/\/www.freiburg-schwarzwald.de\/blog\/wp-content\/uploads\/2014\/01\/ebnet4cafeamschloss140109.jpg 640w\" sizes=\"auto, (max-width: 180px) 100vw, 180px\" \/><br \/>\n<\/a>(4) Januarsonne um 13 Uhr<a href=\"https:\/\/www.freiburg-schwarzwald.de\/blog\/cafe-am-schloss-freiburg-ebnet\/ebnet4cafeamschloss140109\/\" rel=\"attachment wp-att-43773\"><br \/>\n<\/a><\/p>\n<p>Caf\u00e9 am Schloss,<br \/>\nRahim Hosseinzadeh, Schwarzwaldstrasse 207, 79117 Freiburg.-Ebnet<br \/>\nTel 0157\/74631248<br \/>\n<a href=\"mailto:rahimhoseinzadeh@yahoo.de \">rahimhoseinzadeh@yahoo.de<br \/>\n\u00d6ffnung: 10-19 Uhr, Sonntags 11-17 Uhr<\/a><\/p>\n<p><a href=\"https:\/\/www.freiburg-schwarzwald.de\/blog\/cafe-wissler-schmiede-in-ebnet\/\">https:\/\/www.freiburg-schwarzwald.de\/blog\/cafe-wissler-schmiede-in-ebnet\/<\/a>\u00a0(11.10.2013)<\/p>\n","protected":false},"excerpt":{"rendered":"<p>Am 12.10.2013 wurde es als &#8222;Cafe in der Wissler-Schmiede&#8220; in Ebnet er\u00f6ffnet, nun hat es seinen Namen gefunden: &#8222;Cafe am Schlo\u00df&#8220; direkt gegen\u00fcber dem Eingang zum Ebneter Schlo\u00df. Man sitzt drinnen in gem\u00fctlichem Ambiente oder drau\u00dfen gegen\u00fcber vom Schlo\u00df. Vegetarisches &hellip; <a href=\"https:\/\/www.freiburg-schwarzwald.de\/blog\/cafe-am-schloss-freiburg-ebnet\/\">Weiterlesen <span class=\"meta-nav\">&rarr;<\/span><\/a><\/p>\n","protected":false},"author":2,"featured_media":0,"comment_status":"open","ping_status":"closed","sticky":false,"template":"","format":"standard","meta":{"footnotes":""},"categories":[21,138],"tags":[404],"class_list":["post-43769","post","type-post","status-publish","format-standard","hentry","category-dienste","category-gastro","tag-cafe"],"_links":{"self":[{"href":"https:\/\/www.freiburg-schwarzwald.de\/blog\/wp-json\/wp\/v2\/posts\/43769","targetHints":{"allow":["GET"]}}],"collection":[{"href":"https:\/\/www.freiburg-schwarzwald.de\/blog\/wp-json\/wp\/v2\/posts"}],"about":[{"href":"https:\/\/www.freiburg-schwarzwald.de\/blog\/wp-json\/wp\/v2\/types\/post"}],"author":[{"embeddable":true,"href":"https:\/\/www.freiburg-schwarzwald.de\/blog\/wp-json\/wp\/v2\/users\/2"}],"replies":[{"embeddable":true,"href":"https:\/\/www.freiburg-schwarzwald.de\/blog\/wp-json\/wp\/v2\/comments?post=43769"}],"version-history":[{"count":0,"href":"https:\/\/www.freiburg-schwarzwald.de\/blog\/wp-json\/wp\/v2\/posts\/43769\/revisions"}],"wp:attachment":[{"href":"https:\/\/www.freiburg-schwarzwald.de\/blog\/wp-json\/wp\/v2\/media?parent=43769"}],"wp:term":[{"taxonomy":"category","embeddable":true,"href":"https:\/\/www.freiburg-schwarzwald.de\/blog\/wp-json\/wp\/v2\/categories?post=43769"},{"taxonomy":"post_tag","embeddable":true,"href":"https:\/\/www.freiburg-schwarzwald.de\/blog\/wp-json\/wp\/v2\/tags?post=43769"}],"curies":[{"name":"wp","href":"https:\/\/api.w.org\/{rel}","templated":true}]}}