{"id":43757,"date":"2014-01-11T16:32:43","date_gmt":"2014-01-11T15:32:43","guid":{"rendered":"https:\/\/www.freiburg-schwarzwald.de\/blog\/?p=43757"},"modified":"2014-01-11T16:32:43","modified_gmt":"2014-01-11T15:32:43","slug":"bz-weihnachtsaktion-249032-e","status":"publish","type":"post","link":"https:\/\/www.freiburg-schwarzwald.de\/blog\/bz-weihnachtsaktion-249032-e\/","title":{"rendered":"BZ-Weihnachtsaktion 249032 \u20ac"},"content":{"rendered":"<p>Die &#8222;Aktion <a title=\"Weihnachten\" href=\"https:\/\/www.freiburg-schwarzwald.de\/blog\/religion\/kirchen\/weihnachten\/\">Weihnachtswunsch<\/a>&#8220; der <a title=\"BZ\" href=\"https:\/\/www.freiburg-schwarzwald.de\/blog\/kultur\/medien\/zeitung\/bz\/\">Badischen Zeitung<\/a> hat 249.032,72 Euro an Spenden erbracht &#8211; das zweitbeste Ergebnis nach der um nur 30.000 Euro h\u00f6heren Rekordsumme von 2012\/2013.\u00a0Das Team des <a title=\"Hilfe\" href=\"https:\/\/www.freiburg-schwarzwald.de\/blog\/vereine\/hilfe\/\">Deutschen Roten Kreuzes<\/a> um Bettina M\u00fchlen-Haas und ihr Team hatte die Aufgabe, aus den ca 3800 Antr\u00e4gen zur Unterst\u00fctzung auszuw\u00e4hlen.<\/p>\n","protected":false},"excerpt":{"rendered":"<p>Die &#8222;Aktion Weihnachtswunsch&#8220; der Badischen Zeitung hat 249.032,72 Euro an Spenden erbracht &#8211; das zweitbeste Ergebnis nach der um nur 30.000 Euro h\u00f6heren Rekordsumme von 2012\/2013.\u00a0Das Team des Deutschen Roten Kreuzes um Bettina M\u00fchlen-Haas und ihr Team hatte die Aufgabe, &hellip; <a href=\"https:\/\/www.freiburg-schwarzwald.de\/blog\/bz-weihnachtsaktion-249032-e\/\">Weiterlesen <span class=\"meta-nav\">&rarr;<\/span><\/a><\/p>\n","protected":false},"author":2,"featured_media":0,"comment_status":"open","ping_status":"closed","sticky":false,"template":"","format":"standard","meta":{"footnotes":""},"categories":[54,400,80],"tags":[388,270,468,438],"class_list":["post-43757","post","type-post","status-publish","format-standard","hentry","category-ehrenamt","category-freiwillig","category-medien","tag-social","tag-gift","tag-weihnacht","tag-zeitung"],"_links":{"self":[{"href":"https:\/\/www.freiburg-schwarzwald.de\/blog\/wp-json\/wp\/v2\/posts\/43757","targetHints":{"allow":["GET"]}}],"collection":[{"href":"https:\/\/www.freiburg-schwarzwald.de\/blog\/wp-json\/wp\/v2\/posts"}],"about":[{"href":"https:\/\/www.freiburg-schwarzwald.de\/blog\/wp-json\/wp\/v2\/types\/post"}],"author":[{"embeddable":true,"href":"https:\/\/www.freiburg-schwarzwald.de\/blog\/wp-json\/wp\/v2\/users\/2"}],"replies":[{"embeddable":true,"href":"https:\/\/www.freiburg-schwarzwald.de\/blog\/wp-json\/wp\/v2\/comments?post=43757"}],"version-history":[{"count":0,"href":"https:\/\/www.freiburg-schwarzwald.de\/blog\/wp-json\/wp\/v2\/posts\/43757\/revisions"}],"wp:attachment":[{"href":"https:\/\/www.freiburg-schwarzwald.de\/blog\/wp-json\/wp\/v2\/media?parent=43757"}],"wp:term":[{"taxonomy":"category","embeddable":true,"href":"https:\/\/www.freiburg-schwarzwald.de\/blog\/wp-json\/wp\/v2\/categories?post=43757"},{"taxonomy":"post_tag","embeddable":true,"href":"https:\/\/www.freiburg-schwarzwald.de\/blog\/wp-json\/wp\/v2\/tags?post=43757"}],"curies":[{"name":"wp","href":"https:\/\/api.w.org\/{rel}","templated":true}]}}