{"id":4372,"date":"2011-07-24T20:11:26","date_gmt":"2011-07-24T20:11:26","guid":{"rendered":"https:\/\/www.freiburg-schwarzwald.de\/blog\/?p=4372"},"modified":"2012-06-02T20:19:04","modified_gmt":"2012-06-02T20:19:04","slug":"kleine-chronik-von-herdern-von-1008-bis-1936","status":"publish","type":"post","link":"https:\/\/www.freiburg-schwarzwald.de\/blog\/kleine-chronik-von-herdern-von-1008-bis-1936\/","title":{"rendered":"Kleine Chronik von Herdern von 1008 bis 1936"},"content":{"rendered":"<p>Wie Z\u00e4hringen und die Wiehre wird Herdern 1008 (als &#8222;harderen&#8220;) erstmals urkundlich erw\u00e4hnt.<br \/>\nVon einer Kirche ist ab 1239 in den Dokumenten die Rede.<br \/>\n1457 verkauft die Deutschordens-Commende (die Freiburger Niederlassung des Ritterordens) f\u00fcr 2250 rheinische Gulden das Dorf Herdern an die Stadt Freiburg. Die Herdermer B\u00fcrger leben \u00fcber lange Zeit vor allem vom Weinanbau.<br \/>\n1829 erfolgt die Grundsteinlegung f\u00fcr die erste evangelische Kirche (Ludwigskirche) an der Z\u00e4hringer Stra\u00dfe (heute an der Starkenstra\u00dfe).<br \/>\n1872 wird der heutige Alte Friedhof f\u00fcr Bestattungen geschlossen. <!--more--><br \/>\nZwischen 1880 und 1910 wird das Gebiet zwischen Altem Friedhof und Aschoffplatz bebaut, Friedrich- und Keplergymnasium (letzteres ist inzwischen ins Rieselfeld umgezogen) werden errichtet.<br \/>\nEine erste Stra\u00dfenbahnlinie durch Herdern, damals noch mit anderer Streckenf\u00fchrung als heute, wird 1914 er\u00f6ffnet.<\/p>\n<div class=\"mceTemp\">\n<dl id=\"attachment_4373\" class=\"wp-caption alignnone\" style=\"width: 190px;\">\n<dt class=\"wp-caption-dt\"><a href=\"https:\/\/www.freiburg-schwarzwald.de\/blog\/2011\/07\/24\/kleine-chronik-von-herdern-von-1008-bis-1936\/herdern1936\/\" rel=\"attachment wp-att-4373\"><img loading=\"lazy\" decoding=\"async\" class=\"size-thumbnail wp-image-4373\" title=\"herdern1936\" src=\"https:\/\/www.freiburg-schwarzwald.de\/blog\/wp-content\/uploads\/2012\/06\/herdern1936-180x135.jpg\" alt=\"\" width=\"180\" height=\"135\" srcset=\"https:\/\/www.freiburg-schwarzwald.de\/blog\/wp-content\/uploads\/2012\/06\/herdern1936-180x135.jpg 180w, https:\/\/www.freiburg-schwarzwald.de\/blog\/wp-content\/uploads\/2012\/06\/herdern1936.jpg 590w\" sizes=\"auto, (max-width: 180px) 100vw, 180px\" \/><\/a><\/dt>\n<dd class=\"wp-caption-dd\">Blick vom Hebsack \u00fcber Herdern zum Sch\u00f6nberg 1936 &#8211; Bild Hans Sigmund<\/dd>\n<\/dl>\n<p>Erzbischof Conrad Gr\u00f6ber weiht 1936 die neue Pfarrkirche St. Urban ein. Im selben Jahr beginnt die bis heute andauernde Bebauung der H\u00e4nge \u00fcber Herdern.<br \/>\nHans Sigmund, Freiburg, 24. Juli 2011<\/p><\/div>\n<p>&nbsp;<\/p>\n","protected":false},"excerpt":{"rendered":"<p>Wie Z\u00e4hringen und die Wiehre wird Herdern 1008 (als &#8222;harderen&#8220;) erstmals urkundlich erw\u00e4hnt. Von einer Kirche ist ab 1239 in den Dokumenten die Rede. 1457 verkauft die Deutschordens-Commende (die Freiburger Niederlassung des Ritterordens) f\u00fcr 2250 rheinische Gulden das Dorf Herdern &hellip; <a href=\"https:\/\/www.freiburg-schwarzwald.de\/blog\/kleine-chronik-von-herdern-von-1008-bis-1936\/\">Weiterlesen <span class=\"meta-nav\">&rarr;<\/span><\/a><\/p>\n","protected":false},"author":2,"featured_media":0,"comment_status":"open","ping_status":"closed","sticky":false,"template":"","format":"standard","meta":{"footnotes":""},"categories":[235],"tags":[],"class_list":["post-4372","post","type-post","status-publish","format-standard","hentry","category-geschichte"],"_links":{"self":[{"href":"https:\/\/www.freiburg-schwarzwald.de\/blog\/wp-json\/wp\/v2\/posts\/4372","targetHints":{"allow":["GET"]}}],"collection":[{"href":"https:\/\/www.freiburg-schwarzwald.de\/blog\/wp-json\/wp\/v2\/posts"}],"about":[{"href":"https:\/\/www.freiburg-schwarzwald.de\/blog\/wp-json\/wp\/v2\/types\/post"}],"author":[{"embeddable":true,"href":"https:\/\/www.freiburg-schwarzwald.de\/blog\/wp-json\/wp\/v2\/users\/2"}],"replies":[{"embeddable":true,"href":"https:\/\/www.freiburg-schwarzwald.de\/blog\/wp-json\/wp\/v2\/comments?post=4372"}],"version-history":[{"count":0,"href":"https:\/\/www.freiburg-schwarzwald.de\/blog\/wp-json\/wp\/v2\/posts\/4372\/revisions"}],"wp:attachment":[{"href":"https:\/\/www.freiburg-schwarzwald.de\/blog\/wp-json\/wp\/v2\/media?parent=4372"}],"wp:term":[{"taxonomy":"category","embeddable":true,"href":"https:\/\/www.freiburg-schwarzwald.de\/blog\/wp-json\/wp\/v2\/categories?post=4372"},{"taxonomy":"post_tag","embeddable":true,"href":"https:\/\/www.freiburg-schwarzwald.de\/blog\/wp-json\/wp\/v2\/tags?post=4372"}],"curies":[{"name":"wp","href":"https:\/\/api.w.org\/{rel}","templated":true}]}}