{"id":43526,"date":"2014-01-06T21:39:19","date_gmt":"2014-01-06T20:39:19","guid":{"rendered":"https:\/\/www.freiburg-schwarzwald.de\/blog\/?p=43526"},"modified":"2014-01-06T21:39:19","modified_gmt":"2014-01-06T20:39:19","slug":"tueten-aus-plastik-papier-stoff","status":"publish","type":"post","link":"https:\/\/www.freiburg-schwarzwald.de\/blog\/tueten-aus-plastik-papier-stoff\/","title":{"rendered":"Tueten aus Plastik Papier Stoff"},"content":{"rendered":"<p>71 <a title=\"Wegwerfkultur\" href=\"https:\/\/www.freiburg-schwarzwald.de\/blog\/kultur\/wegwerfkultur\/\">Plastikt\u00fcten<\/a> verbraucht <a title=\"Verbraucher\" href=\"https:\/\/www.freiburg-schwarzwald.de\/blog\/engagement\/verbraucher\/\">jeder von uns<\/a>\u00a0im Jahr, also 71*80 Mio=5 Mrd T\u00fcten deutschlandweit bzw. 10000 T\u00fcten pro Minute. Damit liegen wir zwischen Polen (450 T\u00fcten), <a title=\"EU\" href=\"https:\/\/www.freiburg-schwarzwald.de\/blog\/global\/eu\/\">EU<\/a>-Mittel (198) und Irland (18). In Irland kostet die Plastikt\u00fcte 22 Cent. Doch die Papiert\u00fcte mu\u00df man wegen des hohen Wasserverbrauchs mindestens 3-mal benutzen, um im<a title=\"CO2\" href=\"https:\/\/www.freiburg-schwarzwald.de\/blog\/natur\/klima\/co2\/\"> CO2-Fu\u00dfabdruck<\/a>\u00a0mit der Plastikt\u00fcte gleichzuziehen, den <a title=\"Greenwash\" href=\"https:\/\/www.freiburg-schwarzwald.de\/blog\/kultur\/medien\/greenwash\/\">Stoffbeutel<\/a> sogar 70- bis 130-mal. Tun wir das?<\/p>\n","protected":false},"excerpt":{"rendered":"<p>71 Plastikt\u00fcten verbraucht jeder von uns\u00a0im Jahr, also 71*80 Mio=5 Mrd T\u00fcten deutschlandweit bzw. 10000 T\u00fcten pro Minute. Damit liegen wir zwischen Polen (450 T\u00fcten), EU-Mittel (198) und Irland (18). In Irland kostet die Plastikt\u00fcte 22 Cent. Doch die Papiert\u00fcte &hellip; <a href=\"https:\/\/www.freiburg-schwarzwald.de\/blog\/tueten-aus-plastik-papier-stoff\/\">Weiterlesen <span class=\"meta-nav\">&rarr;<\/span><\/a><\/p>\n","protected":false},"author":2,"featured_media":0,"comment_status":"open","ping_status":"closed","sticky":false,"template":"","format":"standard","meta":{"footnotes":""},"categories":[195,23,203,68,242],"tags":[489,241,515,87],"class_list":["post-43526","post","type-post","status-publish","format-standard","hentry","category-eu","category-handel","category-recycling","category-umwelt","category-wasser","tag-european-union","tag-grundwasser","tag-konsum","tag-lokal-handeln"],"_links":{"self":[{"href":"https:\/\/www.freiburg-schwarzwald.de\/blog\/wp-json\/wp\/v2\/posts\/43526","targetHints":{"allow":["GET"]}}],"collection":[{"href":"https:\/\/www.freiburg-schwarzwald.de\/blog\/wp-json\/wp\/v2\/posts"}],"about":[{"href":"https:\/\/www.freiburg-schwarzwald.de\/blog\/wp-json\/wp\/v2\/types\/post"}],"author":[{"embeddable":true,"href":"https:\/\/www.freiburg-schwarzwald.de\/blog\/wp-json\/wp\/v2\/users\/2"}],"replies":[{"embeddable":true,"href":"https:\/\/www.freiburg-schwarzwald.de\/blog\/wp-json\/wp\/v2\/comments?post=43526"}],"version-history":[{"count":0,"href":"https:\/\/www.freiburg-schwarzwald.de\/blog\/wp-json\/wp\/v2\/posts\/43526\/revisions"}],"wp:attachment":[{"href":"https:\/\/www.freiburg-schwarzwald.de\/blog\/wp-json\/wp\/v2\/media?parent=43526"}],"wp:term":[{"taxonomy":"category","embeddable":true,"href":"https:\/\/www.freiburg-schwarzwald.de\/blog\/wp-json\/wp\/v2\/categories?post=43526"},{"taxonomy":"post_tag","embeddable":true,"href":"https:\/\/www.freiburg-schwarzwald.de\/blog\/wp-json\/wp\/v2\/tags?post=43526"}],"curies":[{"name":"wp","href":"https:\/\/api.w.org\/{rel}","templated":true}]}}