{"id":43467,"date":"2014-01-04T10:56:56","date_gmt":"2014-01-04T09:56:56","guid":{"rendered":"https:\/\/www.freiburg-schwarzwald.de\/blog\/?p=43467"},"modified":"2014-01-06T21:42:07","modified_gmt":"2014-01-06T20:42:07","slug":"2014-wird-ein-gutes-jahr","status":"publish","type":"post","link":"https:\/\/www.freiburg-schwarzwald.de\/blog\/2014-wird-ein-gutes-jahr\/","title":{"rendered":"2014 wird ein gutes Jahr"},"content":{"rendered":"<p>2014 wird ein gutes Jahr, denn seit nunmehr <a title=\"Zeit\" href=\"https:\/\/www.freiburg-schwarzwald.de\/blog\/engagement\/zukunft\/zeit\/\">69 Jahren<\/a> leben wir ohne <a title=\"Krieg\" href=\"https:\/\/www.freiburg-schwarzwald.de\/blog\/engagement\/zukunft\/krieg\/\">Krieg<\/a>, in Freiheit. Und mir ist es verg\u00f6nnt, diese lange <a title=\"Frieden\" href=\"https:\/\/www.freiburg-schwarzwald.de\/blog\/engagement\/zukunft\/frieden\/\">Friedenszeit<\/a> zwischen 1945 bis 2014 erlebt zu haben, wof\u00fcr ich dankbar bin: Die m\u00fchsamen Nachkriegsjahre nach dem Zusammenbruch, die lange Wirtschaftswunder-Zeit, die deutsche Einheit mit Aufbau Ost, den Jahrtausendwechsel und die <a title=\"Zukunft\" href=\"https:\/\/www.freiburg-schwarzwald.de\/blog\/engagement\/zukunft\/\">2000er Jahre danach<\/a> in Wohlstand.<!--more--> Dabei zeigt sich zweierlei: Immer mehr Wohlstand geht nicht (die Umwelt und wir selbst werden krank) und der sich zunehmend ungleich entwickelnde Wohlstand geht auch nicht (die Kluft zwischen reich und arm macht uns sozial kaputt). Dabei hilft kein Rufen nach dem Staat, denn wir Wohlhabende sind ja der Staat, also jeder einzelne von uns Wohlhabenden oder Weniger-Wohlhabenden ist der Staat. Jeder B\u00fcrger mu\u00df f\u00fcr sich seine\u00a0<a title=\"Wegwerfkultur\" href=\"https:\/\/www.freiburg-schwarzwald.de\/blog\/kultur\/wegwerfkultur\/\">Wegwerfkultur<\/a>, seine Gier und sein \u201eImmer mehr\u201c \u00fcberdenken und ersetzen durch das gemeinsame <a title=\"Sozialkapital\" href=\"https:\/\/www.freiburg-schwarzwald.de\/blog\/engagement\/sozialkapital\/\">Sozialkapital<\/a>, durch Werte wie <a title=\"Achtsamkeit\" href=\"https:\/\/www.freiburg-schwarzwald.de\/blog\/business\/gesund\/achtsamkeit\/\">Achtsamkeit<\/a>, <a title=\"Nachhaltigkeit\" href=\"https:\/\/www.freiburg-schwarzwald.de\/blog\/natur\/klima\/nachhaltigkeit\/\">Nachhaltigkeit<\/a>, <a title=\"Effizienz\" href=\"https:\/\/www.freiburg-schwarzwald.de\/blog\/engagement\/zukunft\/effizienz\/\">Energieeffizienz<\/a>, <a title=\"Energiesparen\" href=\"https:\/\/www.freiburg-schwarzwald.de\/blog\/energie\/energiesparen\/\">Sparsamkeit<\/a>, <a title=\"Suffizienz\" href=\"https:\/\/www.freiburg-schwarzwald.de\/blog\/engagement\/zukunft\/suffizienz\/\">Suffizienz<\/a> (Gen\u00fcgsamkeit) \u2013 sch\u00f6ne Worte, aber zudem sehr ehrliche Worte.<\/p>\n<p>Denn immer neue Forderungen an den Staat richten, bringt nichts. Ein Beispiel: &#8222;Wohnen ist Menschenrecht&#8220; gilt, besonders f\u00fcr junge Familien mit Kindern. &#8222;Wohnen in der Wiehre ist Menschenrecht&#8220; funktioniert aber nicht, auch dann nicht, wenn man den Markt durch den Plan ersetzt. Und die \u201eRecht auf Stadt\u201c-Bewegungen sollten auch ein \u201eRecht auf den l\u00e4ndlichen Raum\u201c tolerieren \u2013 besonders im Hinblick auf den Urbanisierungstrend weltweit (in 2013 leben 50% der Weltbev\u00f6lkerung in Metropolen und in 2040 werden es 70% sein, was zu Not und Krieg f\u00fchren mu\u00df).<\/p>\n<p>Die GroKo haben wir Deutschen frei und bewu\u00dft gew\u00e4hlt und ich w\u00fcnsche ihr viel Erfolg zur Bew\u00e4ltigung der zwei gro\u00dfen Aufgaben EU-Finanzsystem und Energiewende. Wie man den <a title=\"Euro\" href=\"https:\/\/www.freiburg-schwarzwald.de\/blog\/global\/eu\/euro\/\">Euro<\/a> als starre Einheitsw\u00e4hrung mit den \u00f6konomisch auseinanderdriftenden EU-Staaten kompatibel machen kann, diese Aufgabe ist noch nicht gel\u00f6st. Das \u00dcberschwemmen der EU durch billiges Geld jedoch ist keine L\u00f6sung, da es in den Med-L\u00e4ndern den Reformwillen l\u00e4hmt (Schulden kosten ja nichts mehr) und in den Nord-L\u00e4ndern die sparenden B\u00fcrger enteignet. Doch wo sind die pfiffigen Ideen jenseits von Eurobonds und AfD?<br \/>\nDie Umstellung unseres Energiesystems hin zur Nachhaltigkeit &#8211; von Jeremy Rifkin als &#8222;Dritte Industrielle Revolution&#8220; bezeichnet &#8211; hingegen kann mit Grips und Mut von der GroKo sofort angegangen werden, zumal die technologischen Voraussetzungen in Deutschland gegeben sind: Das EEG reformieren mit weniger Einspeisung und mehr Eigenverbrauch \u00fcber Batteriespeicher. Den zeitlich flukturierend anfallenden Wind- und Solarstrom erg\u00e4nzen durch Vernetzung, lokale elektrische wie thermische Speicher, flexible Gaskraftwerke f\u00fcr die Grundlast und Kraft-W\u00e4rme-Kopplung vorort.<\/p>\n<div id=\"attachment_43495\" style=\"width: 647px\" class=\"wp-caption alignnone\"><a href=\"https:\/\/www.freiburg-schwarzwald.de\/blog\/2014-wird-ein-gutes-jahr\/neujahr-pan140101\/\" rel=\"attachment wp-att-43495\"><img loading=\"lazy\" decoding=\"async\" aria-describedby=\"caption-attachment-43495\" class=\"size-full wp-image-43495\" alt=\"neujahr-pan140101\" src=\"https:\/\/www.freiburg-schwarzwald.de\/blog\/wp-content\/uploads\/2014\/01\/neujahr-pan140101.jpg\" width=\"637\" height=\"237\" srcset=\"https:\/\/www.freiburg-schwarzwald.de\/blog\/wp-content\/uploads\/2014\/01\/neujahr-pan140101.jpg 637w, https:\/\/www.freiburg-schwarzwald.de\/blog\/wp-content\/uploads\/2014\/01\/neujahr-pan140101-180x66.jpg 180w\" sizes=\"auto, (max-width: 637px) 100vw, 637px\" \/><\/a><p id=\"caption-attachment-43495\" class=\"wp-caption-text\">Neujahrsmorgen 1.1.2014 &#8211; viel M\u00fcll nach viel Silvesterknallerei<\/p><\/div>\n<p>Fahren wir doch endlich unsere hohen und uns selbst l\u00e4hmenden Anspr\u00fcche an den Staat zur\u00fcck, hin zu einem schlanken Staat mit weniger aufgeblasener (siehe Frankreich) Staatsquote. Wir k\u00f6nnen sogar in der repr\u00e4sentativen mehr direkte <a title=\"Demokratie\" href=\"https:\/\/www.freiburg-schwarzwald.de\/blog\/engagement\/zukunft\/demokratie\/\">Demokratie<\/a>\u00a0wagen, schlie\u00dflich verf\u00fcgt die GroKo \u00fcber die Mehrheiten f\u00fcr \u00c4nderungen im Grundgesetz. Und unsere Staatsschulden von riesigen 2 Bio Euro = 2000 Mrd Euro sind und bleiben unsere Schulden, die wir so oder so abtragen m\u00fcssen. Jeder von uns hat\u00a0ca 20000 Euro Schulden \u2013 nicht viel bei \u00fcber 10 Bio Euro an liquidem Privatverm\u00f6gen. Wenn jeder \u00fcber 10 Jahre 166 Euro im Monat tilgt, w\u00e4ren wir 2024 schuldenfrei. Und m\u00fcssten\u00a0nicht mehr als\u00a0<a title=\"Stuttgart21\" href=\"https:\/\/www.freiburg-schwarzwald.de\/blog\/engagement\/zukunft\/stuttgart21\/\">dumpfe Wutb\u00fcrger<\/a>\u00a0\u00fcber den Staat schimpfen, wo wir selbst doch der Staat sind.<br \/>\nZur Aufmunterung so ganz nebenbei: \u00dcber 1,2 Billionen Euro wird der deutsche Staat Ende 2013 laut Eurostat an Einnahmen verbuchen k\u00f6nnen. Die USA nahmen 2012 nur 1,77 Billionen Euro ein.<br \/>\n2014 wird ein gutes Jahr, wenn wir es nur wollen.<\/p>\n<p>4.1.2014<\/p>\n","protected":false},"excerpt":{"rendered":"<p>2014 wird ein gutes Jahr, denn seit nunmehr 69 Jahren leben wir ohne Krieg, in Freiheit. Und mir ist es verg\u00f6nnt, diese lange Friedenszeit zwischen 1945 bis 2014 erlebt zu haben, wof\u00fcr ich dankbar bin: Die m\u00fchsamen Nachkriegsjahre nach dem &hellip; <a href=\"https:\/\/www.freiburg-schwarzwald.de\/blog\/2014-wird-ein-gutes-jahr\/\">Weiterlesen <span class=\"meta-nav\">&rarr;<\/span><\/a><\/p>\n","protected":false},"author":4,"featured_media":0,"comment_status":"open","ping_status":"closed","sticky":false,"template":"","format":"standard","meta":{"footnotes":""},"categories":[5,195,171,172],"tags":[150,239,41],"class_list":["post-43467","post","type-post","status-publish","format-standard","hentry","category-energie","category-eu","category-verbraucher","category-zukunft","tag-buergerbegehren","tag-energiesparen","tag-nachhaltig"],"_links":{"self":[{"href":"https:\/\/www.freiburg-schwarzwald.de\/blog\/wp-json\/wp\/v2\/posts\/43467","targetHints":{"allow":["GET"]}}],"collection":[{"href":"https:\/\/www.freiburg-schwarzwald.de\/blog\/wp-json\/wp\/v2\/posts"}],"about":[{"href":"https:\/\/www.freiburg-schwarzwald.de\/blog\/wp-json\/wp\/v2\/types\/post"}],"author":[{"embeddable":true,"href":"https:\/\/www.freiburg-schwarzwald.de\/blog\/wp-json\/wp\/v2\/users\/4"}],"replies":[{"embeddable":true,"href":"https:\/\/www.freiburg-schwarzwald.de\/blog\/wp-json\/wp\/v2\/comments?post=43467"}],"version-history":[{"count":0,"href":"https:\/\/www.freiburg-schwarzwald.de\/blog\/wp-json\/wp\/v2\/posts\/43467\/revisions"}],"wp:attachment":[{"href":"https:\/\/www.freiburg-schwarzwald.de\/blog\/wp-json\/wp\/v2\/media?parent=43467"}],"wp:term":[{"taxonomy":"category","embeddable":true,"href":"https:\/\/www.freiburg-schwarzwald.de\/blog\/wp-json\/wp\/v2\/categories?post=43467"},{"taxonomy":"post_tag","embeddable":true,"href":"https:\/\/www.freiburg-schwarzwald.de\/blog\/wp-json\/wp\/v2\/tags?post=43467"}],"curies":[{"name":"wp","href":"https:\/\/api.w.org\/{rel}","templated":true}]}}