{"id":43387,"date":"2014-01-02T19:01:58","date_gmt":"2014-01-02T18:01:58","guid":{"rendered":"https:\/\/www.freiburg-schwarzwald.de\/blog\/?p=43387"},"modified":"2014-01-03T15:41:51","modified_gmt":"2014-01-03T14:41:51","slug":"zeitbank-55-in-freiburg-ost","status":"publish","type":"post","link":"https:\/\/www.freiburg-schwarzwald.de\/blog\/zeitbank-55-in-freiburg-ost\/","title":{"rendered":"Zeitbank 55+ in Freiburg-Ost"},"content":{"rendered":"<p>Die <a title=\"Nachbarschaft\" href=\"https:\/\/www.freiburg-schwarzwald.de\/blog\/business\/dienste\/immobilien\/quartier\/nachbarschaft\/\">ZeitBank 55+<\/a> ist eine Initiative, die zur Sicherung der Lebensqualit\u00e4t auch <a title=\"Senioren\" href=\"https:\/\/www.freiburg-schwarzwald.de\/blog\/selbsthilfe\/senioren\/\">im Alter<\/a>\u00a0beitr\u00e4gt.\u00a0Die Zeitbankmitglieder leisten sich gegenseitige Hilfestellung und Unterst\u00fctzung zur besseren Bew\u00e4ltigung der Aufgaben im <a title=\"Soziales\" href=\"https:\/\/www.freiburg-schwarzwald.de\/blog\/selbsthilfe\/soziales\/\">Alltag<\/a>.\u00a0F\u00fcr die Hilfen, die man gibt, bekommt man die <a title=\"Zeit\" href=\"https:\/\/www.freiburg-schwarzwald.de\/blog\/engagement\/zukunft\/zeit\/\">Zeit auf einem Stundenkonto<\/a> gutgeschrieben. Wenn man selbst Hilfe in Anspruch nimmt, \u201ebezahlt\u201c man mit diesen angesparten Stunden.\u00a0<!--more-->Ziel ist es, die Stunden nicht nur auf sp\u00e4ter aufzusparen, sondern schon fr\u00fchzeitig ein gegenseitiges Geben und Nehmen einzu\u00fcben.\u00a0Die T\u00e4tigkeit der Zeitbankmitglieder ist rein ehrenamtlich und freiwillig.\u00a0Mitglied werden k\u00f6nnen Personen ab dem 18. Lebensjahr. .<br \/>\nDie ZeitBank 55+\u00a0kann in der Form eines gemeinn\u00fctzigen Vereins oder als selbst\u00e4ndige Abteilung innerhalb eines bereits bestehenden Vereins \u2013 z.B. eines Krankenvereins \u2013 organisiert sein.<\/p>\n<p>Zeitbank 55+ Freiburg-Ost<br \/>\nNachbarschafts-Netzwerk im Ortsteil Littenweiler, Ebnet, Waldsee, Oberau, Oberwiehre<br \/>\nRudi Eichenlaub Tel 0761\/2 85 30 70<br \/>\nHelga Keller\u00a0 Tel. 0761\/6964058<br \/>\nElisabeth und Franz Seitz\u00a0Tel 0761\/1376041<br \/>\n<a href=\"mailto:freiburg-ost@zeitbank.eu\">freiburg-ost@zeitbank.eu<\/a><br \/>\n<a href=\"https:\/\/www.zeitbank.at\/vereine_ext\/vereine_details_show.php?id=31\">https:\/\/www.zeitbank.at\/vereine_ext\/vereine_details_show.php?id=31<\/a><\/p>\n<p><a href=\"https:\/\/www.zeitbank.at\/vereine_ext\/vereine_details_show.php?id=31\"><a href=\"https:\/\/www.freiburg-schwarzwald.de\/blog\/zeitbank-55-in-freiburg-ost\/abendsonne131217-2\/\" rel=\"attachment wp-att-43444\"><img loading=\"lazy\" decoding=\"async\" class=\"alignnone size-thumbnail wp-image-43444\" alt=\"abendsonne131217\" src=\"https:\/\/www.freiburg-schwarzwald.de\/blog\/wp-content\/uploads\/2014\/01\/abendsonne131217-180x135.jpg\" width=\"180\" height=\"135\" srcset=\"https:\/\/www.freiburg-schwarzwald.de\/blog\/wp-content\/uploads\/2014\/01\/abendsonne131217-180x135.jpg 180w, https:\/\/www.freiburg-schwarzwald.de\/blog\/wp-content\/uploads\/2014\/01\/abendsonne131217-640x480.jpg 640w, https:\/\/www.freiburg-schwarzwald.de\/blog\/wp-content\/uploads\/2014\/01\/abendsonne131217.jpg 1000w\" sizes=\"auto, (max-width: 180px) 100vw, 180px\" \/><\/a><br \/>\n<\/a><br \/>\n<strong>Die Zeitbank 55+ wird unterst\u00fctzt durch den Verein SPES<\/strong><br \/>\nIm Verein <a title=\"SPES\" href=\"https:\/\/www.freiburg-schwarzwald.de\/blog\/vereine\/hilfe\/spes\/\">&#8218;SPES Zukunftsmodelle e.V.&#8216;<\/a> haben sich Menschen zusammen geschlossen die zur St\u00e4rkung der Lebensqualit\u00e4t beitragen wollen, indem sie Methoden zur B\u00fcrgerbeteiligung, Modelle f\u00fcr Nahversorgung und Nachbarschaftshilfe, Konzepte im Blick auf den demographischen Wandel, Initiativen f\u00fcr die St\u00e4rkung regionaler Wirtschaftskreisl\u00e4ufe und weitere Zukunftsmodelle entwickeln. Der Verein unterst\u00fctzt Gemeinden und Regionen, die diese Modelle umsetzen wollen.<\/p>\n<p>Ingrid Engelhart, Gesch\u00e4ftsf\u00fchrende Vorsitzende\u00a0, Tel 0761\/5144-244, <a href=\"mailto:engelhart@spes.de\">engelhart@spes.de<\/a><br \/>\n<a href=\"https:\/\/www.spes.de\">www.spes.de<\/a><\/p>\n<p>&nbsp;<\/p>\n","protected":false},"excerpt":{"rendered":"<p>Die ZeitBank 55+ ist eine Initiative, die zur Sicherung der Lebensqualit\u00e4t auch im Alter\u00a0beitr\u00e4gt.\u00a0Die Zeitbankmitglieder leisten sich gegenseitige Hilfestellung und Unterst\u00fctzung zur besseren Bew\u00e4ltigung der Aufgaben im Alltag.\u00a0F\u00fcr die Hilfen, die man gibt, bekommt man die Zeit auf einem Stundenkonto &hellip; <a href=\"https:\/\/www.freiburg-schwarzwald.de\/blog\/zeitbank-55-in-freiburg-ost\/\">Weiterlesen <span class=\"meta-nav\">&rarr;<\/span><\/a><\/p>\n","protected":false},"author":4,"featured_media":0,"comment_status":"open","ping_status":"closed","sticky":false,"template":"","format":"standard","meta":{"footnotes":""},"categories":[104,102],"tags":[190,391,577,288,388,545],"class_list":["post-43387","post","type-post","status-publish","format-standard","hentry","category-hilfe","category-senioren","tag-alter","tag-freizeit","tag-hilfe-2","tag-nachbarschaft","tag-social","tag-www"],"_links":{"self":[{"href":"https:\/\/www.freiburg-schwarzwald.de\/blog\/wp-json\/wp\/v2\/posts\/43387","targetHints":{"allow":["GET"]}}],"collection":[{"href":"https:\/\/www.freiburg-schwarzwald.de\/blog\/wp-json\/wp\/v2\/posts"}],"about":[{"href":"https:\/\/www.freiburg-schwarzwald.de\/blog\/wp-json\/wp\/v2\/types\/post"}],"author":[{"embeddable":true,"href":"https:\/\/www.freiburg-schwarzwald.de\/blog\/wp-json\/wp\/v2\/users\/4"}],"replies":[{"embeddable":true,"href":"https:\/\/www.freiburg-schwarzwald.de\/blog\/wp-json\/wp\/v2\/comments?post=43387"}],"version-history":[{"count":0,"href":"https:\/\/www.freiburg-schwarzwald.de\/blog\/wp-json\/wp\/v2\/posts\/43387\/revisions"}],"wp:attachment":[{"href":"https:\/\/www.freiburg-schwarzwald.de\/blog\/wp-json\/wp\/v2\/media?parent=43387"}],"wp:term":[{"taxonomy":"category","embeddable":true,"href":"https:\/\/www.freiburg-schwarzwald.de\/blog\/wp-json\/wp\/v2\/categories?post=43387"},{"taxonomy":"post_tag","embeddable":true,"href":"https:\/\/www.freiburg-schwarzwald.de\/blog\/wp-json\/wp\/v2\/tags?post=43387"}],"curies":[{"name":"wp","href":"https:\/\/api.w.org\/{rel}","templated":true}]}}