{"id":43368,"date":"2013-01-09T17:57:17","date_gmt":"2013-01-09T16:57:17","guid":{"rendered":"https:\/\/www.freiburg-schwarzwald.de\/blog\/?p=43368"},"modified":"2014-03-12T15:49:51","modified_gmt":"2014-03-12T14:49:51","slug":"andreas-mack-design-in-uks","status":"publish","type":"post","link":"https:\/\/www.freiburg-schwarzwald.de\/blog\/andreas-mack-design-in-uks\/","title":{"rendered":"Andreas Mack &#8211; Design in UKS"},"content":{"rendered":"<p>Seit 2006 hat der Grafik- und <a title=\"Werbung\" href=\"https:\/\/www.freiburg-schwarzwald.de\/blog\/business\/dienste\/werbung\/\">Produktdesigner<\/a> Andreas Mack seine Agentur in der <a title=\"UKS Fabrik Dienstleistungen\" href=\"https:\/\/www.freiburg-schwarzwald.de\/blog\/uks-fabrik-dienstleistungen\/\">UKS Fabrik<\/a>, Freiburg-<a title=\"Littenweiler\" href=\"https:\/\/www.freiburg-schwarzwald.de\/blog\/regio\/freiburg\/littenweiler\/\">Littenweiler<\/a>, im Erdgeschoss. Schwer\u00adpunkt seiner Arbeit sind Projekte in der Kinder- und Ju\u00adgendlichenkommunikation. Er entwirft und gestaltet f\u00fcr Verlage, Modell- und Spielwarenhersteller. Der weit \u00fcber Freiburg hinaus verteilte Kundenstamm reicht von Ham\u00adburg \u00fcber Stuttgart bis hin nach Fernost. <!--more--><\/p>\n<p>Bunte M\u00f6blierung, Ritterburg, Eisenbahn, Bilderb\u00fccher und Spielwaren. Mittendrin ein paar Kinderski. An der Wand h\u00e4ngen Illustrationen von der Prinzessin auf der Er\u00adbse und dem Froschk\u00f6nig. Ist das wirklich ein B\u00fcro oder viel\u00admehr ein Kinderparadies?<\/p>\n<p><a href=\"https:\/\/www.freiburg-schwarzwald.de\/blog\/andreas-matt-design-in-uks\/mack-andreas131230\/\" rel=\"attachment wp-att-43372\"><img loading=\"lazy\" decoding=\"async\" class=\"alignnone size-thumbnail wp-image-43372\" title=\"mack-andreas131230\" alt=\"\" src=\"https:\/\/www.freiburg-schwarzwald.de\/blog\/wp-content\/uploads\/2013\/01\/mack-andreas131230-180x131.jpg\" width=\"180\" height=\"131\" srcset=\"https:\/\/www.freiburg-schwarzwald.de\/blog\/wp-content\/uploads\/2013\/01\/mack-andreas131230-180x131.jpg 180w, https:\/\/www.freiburg-schwarzwald.de\/blog\/wp-content\/uploads\/2013\/01\/mack-andreas131230.jpg 639w\" sizes=\"auto, (max-width: 180px) 100vw, 180px\" \/><\/a>Andreas Mack &#8211; Bild: Anja Lusch<\/p>\n<p>\u201eAngefangen habe ich 2005 im klassischen Kinder- und Schul\u00adbuchbereich zu illustrieren, neben dem Anfertigen von Storyboards f\u00fcr Werbung und Film. Durch die Zu\u00adsamm\u00adenarbeit mit Spielwarenherstellern konnte ich mein Port\u00adfolio erweitern und biete neben der Illustration auch die Umsetzung von Drucksachen, Verpackungen und Wer\u00adbe\u00admitteln. Im Auftrag von Verlagen realisiere ich komplette B\u00fccher.\u201c Als besondere Herausforderung empfindet An\u00addreas Mack Projekte, welche auch das Produktdesign ein\u00adschlie\u00df\u00aden. F\u00fcr einen Hersteller \u00fcbernimmt er alles von der Pro\u00adduktentwicklung und Gestaltung, bis hin zur Ver\u00adlags\u00advor\u00adschau f\u00fcr die Vermarktung. \u201eSkizzen und Entw\u00fcrfe setze ich von Hand um und be\u00adar\u00adbeite diese anschlie\u00dfend am Computer\u201c, so Andreas Mack. Seine Bandbreite unterscheidet ihn vielleicht von anderen Gra\u00adfikern, die sich oft auf eine Technik spezialisiert haben. \u201eBei Gelegenheit stelle ich mich gestalterischen Aufgaben aus ganz unterschiedlichen Branchen, z.B. f\u00fcr die Sport- oder Rohstoffindustrie.\u201c Geboren wurde Andreas Mack 1975 in Freiburg, auf\u00adge\u00adwachsen ist er in Waldkirch. Nach dem Grafik-Design-Stu\u00addi\u00adum, mit Schwerpunkt Illustration, folgte die T\u00e4tigkeit in einer klassischen Werbeagentur in Berlin. 2005 hat er sich mit dem Atelier \u201eblatteins\u201d im Gr\u00fcndungszentrum \u201eGa\u00adrage\u201c in Hamburg selbstst\u00e4ndig gemacht, bevor er 2006 wieder nach Freiburg zur\u00fcckgezogen ist &#8211; auch wegen seiner Hobbys, die er hier gut aus\u00fcben kann: Berg\u00adbau\u00adarch\u00e4\u00ado\u00adlogie und Radsport. Mit seiner Familie wohnt er in Litt\u00aden\u00adweiler.<\/p>\n<p>Andreas Mack, blatteins, illustrierte kommunikation, Kreuzsteinacker 2, Littenweiler, Tel 0761\/592 48 14,<br \/>\nSkype: blatteins, <a href=\"mailto:info@blatteins.de\">info@blatteins.de<\/a>, <a href=\"https:\/\/www.blatteins.de\">www.blatteins.de<\/a><\/p>\n<p>9.12.2013, Anja Lusch, <a title=\"Littenweiler-Dorfblatt\" href=\"https:\/\/www.freiburg-schwarzwald.de\/blog\/regio\/freiburg\/littenweiler\/littenweiler-dorfblatt\/\">Littenweiler Dorfblatt<\/a><\/p>\n<p>&nbsp;<\/p>\n","protected":false},"excerpt":{"rendered":"<p>Seit 2006 hat der Grafik- und Produktdesigner Andreas Mack seine Agentur in der UKS Fabrik, Freiburg-Littenweiler, im Erdgeschoss. Schwer\u00adpunkt seiner Arbeit sind Projekte in der Kinder- und Ju\u00adgendlichenkommunikation. Er entwirft und gestaltet f\u00fcr Verlage, Modell- und Spielwarenhersteller. Der weit \u00fcber &hellip; <a href=\"https:\/\/www.freiburg-schwarzwald.de\/blog\/andreas-mack-design-in-uks\/\">Weiterlesen <span class=\"meta-nav\">&rarr;<\/span><\/a><\/p>\n","protected":false},"author":4,"featured_media":0,"comment_status":"open","ping_status":"closed","sticky":false,"template":"","format":"standard","meta":{"footnotes":""},"categories":[1],"tags":[],"class_list":["post-43368","post","type-post","status-publish","format-standard","hentry","category-allgemein"],"_links":{"self":[{"href":"https:\/\/www.freiburg-schwarzwald.de\/blog\/wp-json\/wp\/v2\/posts\/43368","targetHints":{"allow":["GET"]}}],"collection":[{"href":"https:\/\/www.freiburg-schwarzwald.de\/blog\/wp-json\/wp\/v2\/posts"}],"about":[{"href":"https:\/\/www.freiburg-schwarzwald.de\/blog\/wp-json\/wp\/v2\/types\/post"}],"author":[{"embeddable":true,"href":"https:\/\/www.freiburg-schwarzwald.de\/blog\/wp-json\/wp\/v2\/users\/4"}],"replies":[{"embeddable":true,"href":"https:\/\/www.freiburg-schwarzwald.de\/blog\/wp-json\/wp\/v2\/comments?post=43368"}],"version-history":[{"count":0,"href":"https:\/\/www.freiburg-schwarzwald.de\/blog\/wp-json\/wp\/v2\/posts\/43368\/revisions"}],"wp:attachment":[{"href":"https:\/\/www.freiburg-schwarzwald.de\/blog\/wp-json\/wp\/v2\/media?parent=43368"}],"wp:term":[{"taxonomy":"category","embeddable":true,"href":"https:\/\/www.freiburg-schwarzwald.de\/blog\/wp-json\/wp\/v2\/categories?post=43368"},{"taxonomy":"post_tag","embeddable":true,"href":"https:\/\/www.freiburg-schwarzwald.de\/blog\/wp-json\/wp\/v2\/tags?post=43368"}],"curies":[{"name":"wp","href":"https:\/\/api.w.org\/{rel}","templated":true}]}}