{"id":43215,"date":"2013-12-31T16:36:55","date_gmt":"2013-12-31T15:36:55","guid":{"rendered":"https:\/\/www.freiburg-schwarzwald.de\/blog\/?p=43215"},"modified":"2014-02-13T19:40:13","modified_gmt":"2014-02-13T18:40:13","slug":"eu-arbeitsmarkt-oeffnung-2014","status":"publish","type":"post","link":"https:\/\/www.freiburg-schwarzwald.de\/blog\/eu-arbeitsmarkt-oeffnung-2014\/","title":{"rendered":"EU-Arbeitsmarkt-Oeffnung 2014"},"content":{"rendered":"<p>F\u00fcr deutsche Geringqualifizierte entsteht keine <a title=\"Job\" href=\"https:\/\/www.freiburg-schwarzwald.de\/blog\/selbsthilfe\/soziales\/arbeit\/job\/\">Konkurrenz<\/a>: Wir haben im Breisgau osteurop\u00e4ische <a title=\"Arbeit\" href=\"https:\/\/www.freiburg-schwarzwald.de\/blog\/selbsthilfe\/soziales\/arbeit\/\">Saisonarbeiter<\/a>, die <a title=\"Spargel\" href=\"https:\/\/www.freiburg-schwarzwald.de\/blog\/natur\/landwirt\/gemuesebau\/spargel\/\">Spargel<\/a> stechen, Feldsalat ernten,\u00a0Erdbeeren pfl\u00fccken, Trauben lesen und <a title=\"Obstbau\" href=\"https:\/\/www.freiburg-schwarzwald.de\/blog\/natur\/landwirt\/obstbau\/\">Obst<\/a> ernten &#8211; Arbeiten, die deutschen <a title=\"Soziales\" href=\"https:\/\/www.freiburg-schwarzwald.de\/blog\/selbsthilfe\/soziales\/\">Arbeitslosen<\/a> unzumutbar sind. Freiburgs gro\u00dfe Neubauten werden im Rohbau zu 90% von\u00a0Rum\u00e4nen hochgezogen, die Arbeitsmarkts\u00f6ffnung der <a title=\"EU\" href=\"https:\/\/www.freiburg-schwarzwald.de\/blog\/global\/eu\/\">EU<\/a> k\u00f6nnte diese <!--more-->von\u00a0windigen Subunternehmen bzw. <a title=\"Schwarzarbeit\" href=\"https:\/\/www.freiburg-schwarzwald.de\/blog\/selbsthilfe\/soziales\/arbeit\/schwarzarbeit\/\">Schwarzarbeit<\/a> in ordentliche Vertr\u00e4ge \u00fcberf\u00fchren. Gilt diese optimistische Prognose auch f\u00fcr <a title=\"Roma\" href=\"https:\/\/www.freiburg-schwarzwald.de\/blog\/global\/roma\/\">Roma<\/a>?<br \/>\nBei hochqualifizierten Einwanderern aus Rum\u00e4nien und Bulgarien stellt sich ein ganz anderes Problem: Mit welchem Recht nehmen wir diesen L\u00e4ndern die dringend ben\u00f6tigten \u00c4rzte, Ingenieure und Facharbeiter weg &#8211; nur weil wir mehr bezahlen k\u00f6nnen? <a title=\"Migration\" href=\"https:\/\/www.freiburg-schwarzwald.de\/blog\/global\/migration\/\">mehr<br \/>\n<\/a>31.12.2014<\/p>\n<p><strong>Keine Zuwanderung in das Deutsche Sozialsystem<\/strong><br \/>\nCDU-Vize Peter Gauweiler beschreibt sie als gro\u00dfes Problem, &#8222;die Armutswanderung innerhalb der EU-Staaten nach Deutschland. Menschen kommen zu uns, um von unserem Sozialsystem zu profitieren, obwohl das nach EU-Recht &#8211; der Unionsb\u00fcrgerrichtlinie &#8211; wie nach deutschem Sozialrecht unterbunden sein soll&#8220;.<\/p>\n<p>Christian Uhde, M\u00fcnchens SPD-Oberb\u00fcrgermeister und langj\u00e4hriger Pr\u00e4sident des Deutschen St\u00e4dtetags weist darauf hin, &#8222;dass Europa die freie Wahl des Arbeitsplatzes gew\u00e4hren will, nicht aber allen Europ\u00e4ern die Wahl der besten Sozialleistung.&#8220;<br \/>\n7.1.2014, Der Spiegel 2\/2014, Seite 21<\/p>\n<p><strong>Zuwanderungsdebatte: Achtung Fremdenfeind<\/strong><br \/>\nMit der Freiz\u00fcgigkeit, die nun auch f\u00fcr Rum\u00e4nien und Bulgarien gilt, ist der Zugang zum Sozialstaat verbunden, und der ist gro\u00dfz\u00fcgig. 32.579 B\u00fcrger dieser L\u00e4nder erhielten im Juni 2013 in Deutschland\u00a0Kindergeld.\u00a0Eine Reihe von Sozialgerichten ist dazu \u00fcbergegangen, den Zuwanderern auch\u00a0Hartz-IV\u00a0zuzugestehen. Eine Entscheidung dar\u00fcber, ob man einer achtk\u00f6pfigen Roma-Familie den Bezug von dann \u00fcberschl\u00e4gig 3000 Euro verweigern kann, liegt derzeit beim Europ\u00e4ischen Gerichtshof. Man muss ein mit gro\u00dfer Blau\u00e4ugigkeit gesegneter Mensch sein, um davon auszugehen, dass es ohne Folgen bleiben wird, wenn das deutsche Hartz IV zu den Sozialleistungen gerechnet wird, auf die alle EU-B\u00fcrger Anspruch haben&#8230;..<br \/>\nAlles zu &#8222;Zuwanderungsdebatte: Achtung Fremdenfeind&#8220; vom 9.1.2014 bitte lesen auf<br \/>\n<a href=\"https:\/\/www.spiegel.de\/politik\/deutschland\/jan-fleischhauer-ueber-die-zuwanderungs-debatte-a-942628.html\">https:\/\/www.spiegel.de\/politik\/deutschland\/jan-fleischhauer-ueber-die-zuwanderungs-debatte-a-942628.html<\/a><\/p>\n<p>&nbsp;<\/p>\n<p>&nbsp;<\/p>\n","protected":false},"excerpt":{"rendered":"<p>F\u00fcr deutsche Geringqualifizierte entsteht keine Konkurrenz: Wir haben im Breisgau osteurop\u00e4ische Saisonarbeiter, die Spargel stechen, Feldsalat ernten,\u00a0Erdbeeren pfl\u00fccken, Trauben lesen und Obst ernten &#8211; Arbeiten, die deutschen Arbeitslosen unzumutbar sind. Freiburgs gro\u00dfe Neubauten werden im Rohbau zu 90% von\u00a0Rum\u00e4nen hochgezogen, &hellip; <a href=\"https:\/\/www.freiburg-schwarzwald.de\/blog\/eu-arbeitsmarkt-oeffnung-2014\/\">Weiterlesen <span class=\"meta-nav\">&rarr;<\/span><\/a><\/p>\n","protected":false},"author":4,"featured_media":0,"comment_status":"open","ping_status":"closed","sticky":false,"template":"","format":"standard","meta":{"footnotes":""},"categories":[79,195],"tags":[382,489,725,426,287,388],"class_list":["post-43215","post","type-post","status-publish","format-standard","hentry","category-arbeit","category-eu","tag-arbeit-working","tag-european-union","tag-integration","tag-job","tag-neubau","tag-social"],"_links":{"self":[{"href":"https:\/\/www.freiburg-schwarzwald.de\/blog\/wp-json\/wp\/v2\/posts\/43215","targetHints":{"allow":["GET"]}}],"collection":[{"href":"https:\/\/www.freiburg-schwarzwald.de\/blog\/wp-json\/wp\/v2\/posts"}],"about":[{"href":"https:\/\/www.freiburg-schwarzwald.de\/blog\/wp-json\/wp\/v2\/types\/post"}],"author":[{"embeddable":true,"href":"https:\/\/www.freiburg-schwarzwald.de\/blog\/wp-json\/wp\/v2\/users\/4"}],"replies":[{"embeddable":true,"href":"https:\/\/www.freiburg-schwarzwald.de\/blog\/wp-json\/wp\/v2\/comments?post=43215"}],"version-history":[{"count":0,"href":"https:\/\/www.freiburg-schwarzwald.de\/blog\/wp-json\/wp\/v2\/posts\/43215\/revisions"}],"wp:attachment":[{"href":"https:\/\/www.freiburg-schwarzwald.de\/blog\/wp-json\/wp\/v2\/media?parent=43215"}],"wp:term":[{"taxonomy":"category","embeddable":true,"href":"https:\/\/www.freiburg-schwarzwald.de\/blog\/wp-json\/wp\/v2\/categories?post=43215"},{"taxonomy":"post_tag","embeddable":true,"href":"https:\/\/www.freiburg-schwarzwald.de\/blog\/wp-json\/wp\/v2\/tags?post=43215"}],"curies":[{"name":"wp","href":"https:\/\/api.w.org\/{rel}","templated":true}]}}