{"id":4293,"date":"2012-01-27T19:39:53","date_gmt":"2012-01-27T19:39:53","guid":{"rendered":"https:\/\/www.freiburg-schwarzwald.de\/blog\/?p=4293"},"modified":"2012-06-01T21:48:18","modified_gmt":"2012-06-01T21:48:18","slug":"dreisamteufel-zunft-seit-1989-nach-einer-sage-aus-dem-hollental","status":"publish","type":"post","link":"https:\/\/www.freiburg-schwarzwald.de\/blog\/dreisamteufel-zunft-seit-1989-nach-einer-sage-aus-dem-hollental\/","title":{"rendered":"Dreisamteufel &#8211; Zunft seit 1989 nach einer Sage aus dem H\u00f6llental"},"content":{"rendered":"<p>In fr\u00fcheren Jahrhunderten lebte am Ausgang des H\u00f6llentales eine Horde von Teufeln, die des Nachts junge M\u00e4nner aus den Betten holte, die an der Dreisam f\u00fcr sie Gold waschen mussten. Wenn die Burschen morgens in ihren Betten aufwachten, f\u00fchlten sie sich wie ger\u00e4dert, aber von ihrer n\u00e4chtlichen Sklavenarbeit hatten sie h\u00f6chstens eine alptraumhafte Erinnerung. Diese Sage ist die Grundlage f\u00fcr die freie <a title=\"Narren\" href=\"https:\/\/www.freiburg-schwarzwald.de\/blog\/vereine\/narren\/\">Narrenzunft<\/a> der &#8222;Dreisamteufel&#8220;, bei der es seit 23 Jahren in Freiburg h\u00f6llisch zur Sache geht.<!--more--><\/p>\n<div id=\"attachment_4295\" style=\"width: 190px\" class=\"wp-caption alignnone\"><a href=\"https:\/\/www.freiburg-schwarzwald.de\/blog\/2012\/01\/27\/dreisamteufel-zunft-seit-1989-nach-einer-sage-aus-dem-hollental\/dreisamteufel2012\/\" rel=\"attachment wp-att-4295\"><img loading=\"lazy\" decoding=\"async\" aria-describedby=\"caption-attachment-4295\" class=\"size-thumbnail wp-image-4295\" title=\"dreisamteufel2012\" src=\"https:\/\/www.freiburg-schwarzwald.de\/blog\/wp-content\/uploads\/2012\/01\/dreisamteufel2012-180x93.jpg\" alt=\"\" width=\"180\" height=\"93\" srcset=\"https:\/\/www.freiburg-schwarzwald.de\/blog\/wp-content\/uploads\/2012\/01\/dreisamteufel2012-180x93.jpg 180w, https:\/\/www.freiburg-schwarzwald.de\/blog\/wp-content\/uploads\/2012\/01\/dreisamteufel2012.jpg 640w\" sizes=\"auto, (max-width: 180px) 100vw, 180px\" \/><\/a><p id=\"caption-attachment-4295\" class=\"wp-caption-text\">Als freie Zunft, die keinem Verband angeh\u00f6rt, treiben die \u201eDreisamteufel\u201c in Freiburg ihr Unwesen. Foto: Sigmund<\/p><\/div>\n<p>Ihre Fleckenh\u00e4sjacke besteht aus blau-schwarzen dreieckigen Filzstreifen, die die Dreisamwellen symbolisieren sollen. Dazu geh\u00f6rt eine schwarze Kniebundhose, blaue gestrickte Wollstr\u00fcmpfe und Holzpantoffeln. An der Narrenkapuze h\u00e4ngt ein schwarzer Pferdeschweif (der aus einer Pferdemetzgerei in Schiltach bezogen wird), und \u00fcber der Jacke wird ein lederner Schellengurt getragen. Als Neckwerkzeug benutzt man einen Rebknorzen mit einem schwarzen Bastwedel am Ende.<br \/>\nDie groteske Teufelsmaske mit goldenen H\u00f6rnern, gefletschten Z\u00e4hnen und Augenumrandungen, die manchmal auch rot\/blau glimmen, wurde von dem Freiburger Holzbildhauer Helmut Kubitschek (Nachfolger von Josef Dettlinger) entworfen und geschnitzt. Der dazu geh\u00f6rende Oberteufel tr\u00e4gt eine gr\u00f6\u00dfere Maske und hat einen wei\u00dfen Pferdeschwanz am H\u00e4s. Sein \u00e4u\u00dferes Machtattribut ist ein Stab mit zwei Pferdeschweifen. Als Einzelfigur gibt es seit Mitte der 90er Jahre den &#8222;Tod&#8220;, der einen schwarzen Umhang tr\u00e4gt und mit seiner h\u00f6lzernen Sense daran erinnert, dass alles mal ein Ende hat. Lange Jahre war der &#8222;Friedrichshof&#8220; an der Sautierstra\u00dfe (Herdern) das teufliche Zunftlokal, derzeit sind sie ohne feste Bleibe. Zunftv\u00f6gtin Sonja Fleig, die seit Gr\u00fcndung der Zunft mit dabei ist, l\u00f6ste 2007 Karl-Heinz Isele im Leitungsamt ab. Gr\u00fcnder war einstmals Jean Luis Arnitz. Zur Zeit hat die Zunft zw\u00f6lf H\u00e4str\u00e4ger, sie war aber auch schon doppelt so stark. Ihr Narrenruf &#8222;Blau-Schwarz-Teufelsfratz&#8220; ist \u00fcber die Fasnet \u00fcberall zu h\u00f6ren. Beim Umzug in St. Georgen (Sonntag, 5. Februar 2012, ab 14 Uhr) kann man sie dieses Jahr wieder sehen.<br \/>\nHans Sigmund, 27.1.2012<\/p>\n<div>Alle Folgen des 2003 begonnenen BZ-Fasnetlexikons <a href=\"https:\/\/www.badische-zeitung.de\/fasnetlexikon\">www.badische-zeitung.de\/fasnetlexikon<\/a>\u00a0<\/div>\n<p>Dreisamteufel,\u00a0<br \/>\n<a title=\"\" href=\"mailto:dreisamteufelfrbg@gmx.de\" target=\"_blank\">dreisamteufelfrbg@gmx.de<\/a>.<\/p>\n<p>&nbsp;<\/p>\n<div>\u00a0<\/div>\n","protected":false},"excerpt":{"rendered":"<p>In fr\u00fcheren Jahrhunderten lebte am Ausgang des H\u00f6llentales eine Horde von Teufeln, die des Nachts junge M\u00e4nner aus den Betten holte, die an der Dreisam f\u00fcr sie Gold waschen mussten. Wenn die Burschen morgens in ihren Betten aufwachten, f\u00fchlten sie &hellip; <a href=\"https:\/\/www.freiburg-schwarzwald.de\/blog\/dreisamteufel-zunft-seit-1989-nach-einer-sage-aus-dem-hollental\/\">Weiterlesen <span class=\"meta-nav\">&rarr;<\/span><\/a><\/p>\n","protected":false},"author":2,"featured_media":0,"comment_status":"open","ping_status":"closed","sticky":false,"template":"","format":"standard","meta":{"footnotes":""},"categories":[231],"tags":[230],"class_list":["post-4293","post","type-post","status-publish","format-standard","hentry","category-narren","tag-fastnacht"],"_links":{"self":[{"href":"https:\/\/www.freiburg-schwarzwald.de\/blog\/wp-json\/wp\/v2\/posts\/4293","targetHints":{"allow":["GET"]}}],"collection":[{"href":"https:\/\/www.freiburg-schwarzwald.de\/blog\/wp-json\/wp\/v2\/posts"}],"about":[{"href":"https:\/\/www.freiburg-schwarzwald.de\/blog\/wp-json\/wp\/v2\/types\/post"}],"author":[{"embeddable":true,"href":"https:\/\/www.freiburg-schwarzwald.de\/blog\/wp-json\/wp\/v2\/users\/2"}],"replies":[{"embeddable":true,"href":"https:\/\/www.freiburg-schwarzwald.de\/blog\/wp-json\/wp\/v2\/comments?post=4293"}],"version-history":[{"count":0,"href":"https:\/\/www.freiburg-schwarzwald.de\/blog\/wp-json\/wp\/v2\/posts\/4293\/revisions"}],"wp:attachment":[{"href":"https:\/\/www.freiburg-schwarzwald.de\/blog\/wp-json\/wp\/v2\/media?parent=4293"}],"wp:term":[{"taxonomy":"category","embeddable":true,"href":"https:\/\/www.freiburg-schwarzwald.de\/blog\/wp-json\/wp\/v2\/categories?post=4293"},{"taxonomy":"post_tag","embeddable":true,"href":"https:\/\/www.freiburg-schwarzwald.de\/blog\/wp-json\/wp\/v2\/tags?post=4293"}],"curies":[{"name":"wp","href":"https:\/\/api.w.org\/{rel}","templated":true}]}}