{"id":42363,"date":"2013-12-14T09:31:55","date_gmt":"2013-12-14T08:31:55","guid":{"rendered":"https:\/\/www.freiburg-schwarzwald.de\/blog\/?p=42363"},"modified":"2013-12-14T20:49:32","modified_gmt":"2013-12-14T19:49:32","slug":"israelis-schwarzwald-touristen","status":"publish","type":"post","link":"https:\/\/www.freiburg-schwarzwald.de\/blog\/israelis-schwarzwald-touristen\/","title":{"rendered":"Israelis Schwarzwald-Touristen"},"content":{"rendered":"<p>2012\u00a0besuchten ca 16 Millionen G\u00e4ste aus Deutschland den Schwarzwald, diese sog. Inlandsg\u00e4ste blieben in ihrem Domizil jeweils rund drei Tage. Damit\u00a0ist\u00a0demografie-bedingt das Ende der Fahnenstange erreicht, so Christopher Krull von der Schwarzwald Tourismus GmbH. Fazit: Ausl\u00e4ndische G\u00e4ste umwerben.\u00a0Erfreulicherweise besuchen immer mehr <a title=\"Tourismus\" href=\"https:\/\/www.freiburg-schwarzwald.de\/blog\/tourismus\/\">Touristen<\/a> aus <a title=\"Israel\" href=\"https:\/\/www.freiburg-schwarzwald.de\/blog\/global\/israel\/\">Israel<\/a>\u00a0den <a title=\"Hochschwarzwald\" href=\"https:\/\/www.freiburg-schwarzwald.de\/blog\/regio\/hochschwarzwald\/\">Schwarzwald<\/a> und Freiburg.<!--more--><\/p>\n<p>Der israelische Reiseveranstalter Guy Ben-Yaakov\u00a0lebt in\u00a0Freiburg und ist Experte f\u00fcr israelische Urlauber. Mit seiner Firma Blackforest-4u vermittelt er zwischen seinen Landsleuten und deutschen Gastgebern. Unterst\u00fctzt von\u00a0 Christiane Niesler mit Lohospo, einem Service-Unternehmen f\u00fcr Gastgeber.<br \/>\n<a href=\"https:\/\/www.lohospo.de\/Vermarktungsnetzwerk\">https:\/\/www.lohospo.de\/Vermarktungsnetzwerk<\/a>\u00a0<br \/>\n\u00a0\u00a0\u00a0\u00a0\u00a0<br \/>\n<strong>Israel-Urlauber im Schwarzwald<\/strong><br \/>\nRespektabel die Summe, die G\u00e4ste aus Israel an einem Urlaubstag im Schnitt ausgeben, n\u00e4mlich 171 Euro \u2013 viel weniger zwar als ein im Schwarzwald urlaubender Chinese (458 Euro), aber deutlich mehr als ein Franzose (109 Euro), ein Schweizer (123 Euro) oder ein Engl\u00e4nder (141 Euro). &#8230;<br \/>\nAlles vom 11.12.2013 bitte lesen auf<br \/>\n<a href=\"https:\/\/www.badische-zeitung.de\/ortenaukreis\/schwarzwald-boomt-bei-urlaubern-aus-israel--78289897.html\">https:\/\/www.badische-zeitung.de\/ortenaukreis\/schwarzwald-boomt-bei-urlaubern-aus-israel&#8211;78289897.html<\/a>\u00a0<\/p>\n<p>Guy Ben-Yaakov, Tel 0761-7919913<br \/>\n<a href=\"https:\/\/blackforest-4u.com\/\">https:\/\/blackforest-4u.com\/<\/a>\u00a0<br \/>\n\u00a0<br \/>\n<strong>Schwarzwald &#8211; f\u00fcr Israelis fast\u00a0wie das Paradies<\/strong><br \/>\nIn Israel herrscht sechs Monate im Jahr Trockenheit bei mindestens 30 Grad. Alles ist braun und staubig. Im Schwarzwald sind die Temperaturen auch im Sommer angenehm, alles ist gr\u00fcn und die Luft ist gut. Und hin und wieder gibt es sogar Regen. Im Gegensatz zu Deutschland und insbesondere dem Schwarzwald ist Israel ein sehr dicht besiedeltes Land \u2013 fl\u00e4chenm\u00e4\u00dfig gerade dreimal so gro\u00df wie der Schwarzwald. Die Menschen aus Israel lieben auch die sch\u00f6ne, kaum bewohnte Landschaft. Vielen kommt es vor, wie das Paradies&#8230;..<br \/>\nAlles vom 14.12.2013 bitte lesen auf<br \/>\n<a href=\"https:\/\/www.badische-zeitung.de\/kreis-breisgau-hochschwarzwald\/schalom-passt-immer--78422747.html\">https:\/\/www.badische-zeitung.de\/kreis-breisgau-hochschwarzwald\/schalom-passt-immer&#8211;78422747.html<\/a><\/p>\n<p><strong>Deutschland und Israel<br \/>\n<\/strong>Deutschland ist 357.000 km2 gro\u00df<br \/>\n250 Menschen leben auf einem km2 (im Schwarzwald nur 80)<br \/>\nDie durchschnittliche Familie in Deutschland hat 1.38 Kinder<br \/>\n\u00a0\u00a0<br \/>\nIsrael ist 20.500 km2 gro\u00df, nur drei Mal so gro\u00df, wie der Schwarzwald (7500 km2)<br \/>\n400 Menschen leben auf einem km2<br \/>\nDie durchschnittliche israelische Familie hat 2.91 Kinder<br \/>\n\u00a0\u00a0\u00a0<br \/>\n\u00a0<strong>&#8222;Der perfekte Gastgeber&#8220; f\u00fcr G\u00e4ste aus Israel<\/strong><br \/>\nSpeziell f\u00fcr den israelischen Markt veranstaltete die Schwarzwald Tourismus GmbH am 9.12.2013 um 14 Uhr im Landratsamt Ortenaukreis eine eine halbt\u00e4gige Infoveranstaltung f\u00fcr die Gastgeber in der Ferienregion. Referenten waren: Guy Ben-Yaakov, Blackforest-4u; Christiane Niesler, Lohospo und Christopher Krull, Gesch\u00e4ftsf\u00fchrer der Schwarzwald Tourismus GmbH.<\/p>\n","protected":false},"excerpt":{"rendered":"<p>2012\u00a0besuchten ca 16 Millionen G\u00e4ste aus Deutschland den Schwarzwald, diese sog. Inlandsg\u00e4ste blieben in ihrem Domizil jeweils rund drei Tage. Damit\u00a0ist\u00a0demografie-bedingt das Ende der Fahnenstange erreicht, so Christopher Krull von der Schwarzwald Tourismus GmbH. Fazit: Ausl\u00e4ndische G\u00e4ste umwerben.\u00a0Erfreulicherweise besuchen immer &hellip; <a href=\"https:\/\/www.freiburg-schwarzwald.de\/blog\/israelis-schwarzwald-touristen\/\">Weiterlesen <span class=\"meta-nav\">&rarr;<\/span><\/a><\/p>\n","protected":false},"author":4,"featured_media":0,"comment_status":"open","ping_status":"closed","sticky":false,"template":"","format":"standard","meta":{"footnotes":""},"categories":[7],"tags":[587,84,331],"class_list":["post-42363","post","type-post","status-publish","format-standard","hentry","category-tourismus","tag-blackforest","tag-israel","tag-tourist"],"_links":{"self":[{"href":"https:\/\/www.freiburg-schwarzwald.de\/blog\/wp-json\/wp\/v2\/posts\/42363","targetHints":{"allow":["GET"]}}],"collection":[{"href":"https:\/\/www.freiburg-schwarzwald.de\/blog\/wp-json\/wp\/v2\/posts"}],"about":[{"href":"https:\/\/www.freiburg-schwarzwald.de\/blog\/wp-json\/wp\/v2\/types\/post"}],"author":[{"embeddable":true,"href":"https:\/\/www.freiburg-schwarzwald.de\/blog\/wp-json\/wp\/v2\/users\/4"}],"replies":[{"embeddable":true,"href":"https:\/\/www.freiburg-schwarzwald.de\/blog\/wp-json\/wp\/v2\/comments?post=42363"}],"version-history":[{"count":0,"href":"https:\/\/www.freiburg-schwarzwald.de\/blog\/wp-json\/wp\/v2\/posts\/42363\/revisions"}],"wp:attachment":[{"href":"https:\/\/www.freiburg-schwarzwald.de\/blog\/wp-json\/wp\/v2\/media?parent=42363"}],"wp:term":[{"taxonomy":"category","embeddable":true,"href":"https:\/\/www.freiburg-schwarzwald.de\/blog\/wp-json\/wp\/v2\/categories?post=42363"},{"taxonomy":"post_tag","embeddable":true,"href":"https:\/\/www.freiburg-schwarzwald.de\/blog\/wp-json\/wp\/v2\/tags?post=42363"}],"curies":[{"name":"wp","href":"https:\/\/api.w.org\/{rel}","templated":true}]}}