{"id":42356,"date":"2013-12-14T08:57:30","date_gmt":"2013-12-14T07:57:30","guid":{"rendered":"https:\/\/www.freiburg-schwarzwald.de\/blog\/?p=42356"},"modified":"2013-12-14T09:06:50","modified_gmt":"2013-12-14T08:06:50","slug":"drf-luftrettung-hubschrauber","status":"publish","type":"post","link":"https:\/\/www.freiburg-schwarzwald.de\/blog\/drf-luftrettung-hubschrauber\/","title":{"rendered":"DRF-Luftrettung Hubschrauber"},"content":{"rendered":"<p>70 mal ist der Freiburger Hubschrauber der DRF-Luftrettung im November zu\u00a0<a title=\"Hilfe\" href=\"https:\/\/www.freiburg-schwarzwald.de\/blog\/vereine\/hilfe\/\">lebensrettenden Eins\u00e4tzen<\/a>\u00a0gestartet. Der rot-wei\u00dfe Hubschrauber ist t\u00e4glich von 8 Uhr morgens bis Sonnenuntergang einsatzbereit, um Patienten von und zu Kliniken zu transportieren.Au\u00dferdem wird er zu Notfalleins\u00e4tzen zwischen L\u00f6rrach, Villingen, Waldshut und der Ortenau alarmiert. <!--more--><\/p>\n<p>Rettungseins\u00e4tze: Ein Intensivpatient erleidet ein Lungenversagen. Ein Kind muss dringend am Herzen operiert werden. Schnellstm\u00f6glich m\u00fcssen diese Patienten in Spezialkliniken transportiert werden.<br \/>\nBestandteil des medizinischen Equipments an Bord des Hubschraubers ist der Defibrillator. Das kleine, auf den ersten Blick unscheinbare Ger\u00e4t hilft regelm\u00e4\u00dfig Leben zu retten. J\u00f6rg Braun, Mediziner der DRF-Luftrettung, erkl\u00e4rt: &#8222;Gerade stellen wir auf neue Ger\u00e4te um, die leichter sind und es uns erlauben, durch einige neue Funktionen Patienten noch besser zu behandeln.&#8220; Noch bis zum 20.12.2013 gibt es dazu eine Spendenaktion. \u00dcber die Website <a href=\"https:\/\/www.drf-luftrettung.de\">www.drf-luftrettung.de<\/a> k\u00f6nnen Sie f\u00fcr die neuen Defibrillatoren spenden<\/p>\n<div><a title=\"\" href=\"https:\/\/www.drf-luftrettung.de\/\" target=\"_blank\">https:\/\/www.drf-luftrettung.de\/de\/retten\/spendenaktion-neue-defibrillatoren<\/a><strong>\u00a0<br \/>\n<\/strong><\/div>\n<div>DRF\u00a0Stiftung Luftrettung gemeinn\u00fctzige AG<br \/>\nRita-Maiburg-Stra\u00dfe 2, 70794 Filderstadt, Tel 0711\u00a07007\u00a00<br \/>\n<a href=\"https:\/\/www.drf-luftrettung.de\">www.drf-luftrettung.de<\/a><\/div>\n<div>\n<div>\n<div>\u00a0 \u00a0<br \/>\nF\u00f6rderverein DRF e.V.<br \/>\nDer DRF e.V. verfolgt ausschlie\u00dflich gemeinn\u00fctzige Zwecke: die finanzielle und ideelle F\u00f6rderung der weltweiten Notfallversorgung und medizinischen Hilfe, insbesondere durch Luftfahrzeuge. Seine vorrangige Aufgabe ist die Beschaffung finanzieller Mittel, die der gemeinn\u00fctzigen DRF Stiftung Luftrettung und der DRF Stiftung Luftrettung gemeinn\u00fctzige AG zukommen. Der Vereinszweck wird verwirklicht durch die Generierung von Spenden und die Gewinnung von F\u00f6rdermitgliedern durch \u00d6ffentlichkeitsarbeit und Veranstaltungen, die dem gef\u00f6rderten Zweck dienen.<br \/>\n<strong><span style=\"color: #008000;\">Spendenkonto: Volksbank Stuttgart | BLZ:\u00a0600\u00a0901\u00a000 | Konto:\u00a0701\u00a0070\u00a0170<em>\u00a0<\/em><\/span><\/strong><\/div>\n<\/div>\n<\/div>\n","protected":false},"excerpt":{"rendered":"<p>70 mal ist der Freiburger Hubschrauber der DRF-Luftrettung im November zu\u00a0lebensrettenden Eins\u00e4tzen\u00a0gestartet. Der rot-wei\u00dfe Hubschrauber ist t\u00e4glich von 8 Uhr morgens bis Sonnenuntergang einsatzbereit, um Patienten von und zu Kliniken zu transportieren.Au\u00dferdem wird er zu Notfalleins\u00e4tzen zwischen L\u00f6rrach, Villingen, Waldshut &hellip; <a href=\"https:\/\/www.freiburg-schwarzwald.de\/blog\/drf-luftrettung-hubschrauber\/\">Weiterlesen <span class=\"meta-nav\">&rarr;<\/span><\/a><\/p>\n","protected":false},"author":4,"featured_media":0,"comment_status":"open","ping_status":"closed","sticky":false,"template":"","format":"standard","meta":{"footnotes":""},"categories":[36,104,161],"tags":[577,457,270],"class_list":["post-42356","post","type-post","status-publish","format-standard","hentry","category-engagement","category-hilfe","category-spende","tag-hilfe-2","tag-notfall","tag-gift"],"_links":{"self":[{"href":"https:\/\/www.freiburg-schwarzwald.de\/blog\/wp-json\/wp\/v2\/posts\/42356","targetHints":{"allow":["GET"]}}],"collection":[{"href":"https:\/\/www.freiburg-schwarzwald.de\/blog\/wp-json\/wp\/v2\/posts"}],"about":[{"href":"https:\/\/www.freiburg-schwarzwald.de\/blog\/wp-json\/wp\/v2\/types\/post"}],"author":[{"embeddable":true,"href":"https:\/\/www.freiburg-schwarzwald.de\/blog\/wp-json\/wp\/v2\/users\/4"}],"replies":[{"embeddable":true,"href":"https:\/\/www.freiburg-schwarzwald.de\/blog\/wp-json\/wp\/v2\/comments?post=42356"}],"version-history":[{"count":0,"href":"https:\/\/www.freiburg-schwarzwald.de\/blog\/wp-json\/wp\/v2\/posts\/42356\/revisions"}],"wp:attachment":[{"href":"https:\/\/www.freiburg-schwarzwald.de\/blog\/wp-json\/wp\/v2\/media?parent=42356"}],"wp:term":[{"taxonomy":"category","embeddable":true,"href":"https:\/\/www.freiburg-schwarzwald.de\/blog\/wp-json\/wp\/v2\/categories?post=42356"},{"taxonomy":"post_tag","embeddable":true,"href":"https:\/\/www.freiburg-schwarzwald.de\/blog\/wp-json\/wp\/v2\/tags?post=42356"}],"curies":[{"name":"wp","href":"https:\/\/api.w.org\/{rel}","templated":true}]}}