{"id":42221,"date":"2013-12-11T10:16:45","date_gmt":"2013-12-11T09:16:45","guid":{"rendered":"https:\/\/www.freiburg-schwarzwald.de\/blog\/?p=42221"},"modified":"2013-12-12T19:21:12","modified_gmt":"2013-12-12T18:21:12","slug":"freiburg-ehrt-ehrenamtlerinnen","status":"publish","type":"post","link":"https:\/\/www.freiburg-schwarzwald.de\/blog\/freiburg-ehrt-ehrenamtlerinnen\/","title":{"rendered":"Freiburg ehrt EhrenamtlerInnen"},"content":{"rendered":"<p><!-- RSPEAK_STOP -->Am internationalen <a title=\"Engagement\" href=\"https:\/\/www.freiburg-schwarzwald.de\/blog\/engagement\/\">Tag des freiwilligen Engagements<\/a>\u00a0hat die Stadt Freiburg am 9.12.2012 <a title=\"Ehrenamt\" href=\"https:\/\/www.freiburg-schwarzwald.de\/blog\/engagement\/ehrenamt\/\">ehrenamtlich<\/a> t\u00e4tige Personen und Projekte gew\u00fcrdigt. &#8222;Das b\u00fcrgerschaftliche Engagement ist der soziale Kitt, der unsere Gesellschaft zusammenh\u00e4lt und liebenswert macht&#8220;, so OB\u00a0Salomon. In der Aula der Universit\u00e4t wurden geehrt: Aurelio Andy von der Initiative Skatement, der sich f\u00fcr die Skaterszene einsetzt.<!--more--><br \/>\nChrista Mohr, die im St.-Anna-Stift Pflegebed\u00fcrftigen hilft.<br \/>\nDer Vorsitzende des B\u00fcrgervereins Haslach, Hubert Nixdorf.<br \/>\nDie &#8222;Initiative zur Erinnerung an die <a title=\"Hecker\" href=\"https:\/\/www.freiburg-schwarzwald.de\/blog\/regio\/heimat\/hecker\/\">Badische Revolution 1848\/49<\/a>&#8220; mit Heinz Siebiold.<br \/>\nDas Waltershofener B\u00fcrgernetz &#8222;Z\u2019s\u00e4mme&#8220; mit Carola Sonne.<br \/>\nDer Verein Transition Town\u00a0mit Andrea Philipp, der sich um \u00f6ffentliche Gr\u00fcnfl\u00e4chen k\u00fcmmert.<br \/>\nDen Wilhelm-Oberle-Preis f\u00fcr soziales Engagement erhielt die inklusive Theatergruppe &#8222;Die Schattenspringer&#8220; mit Wolfgang Kapp.<br \/>\nDer AOK-Preis f\u00fcr gesundheitsbewusstes Engagement ging an das Netzwerk Pflege-Begleitung.<\/p>\n<p><a href=\"https:\/\/www.freiburg-schwarzwald.de\/blog\/freiburg-ehrt-ehrenamtlerinnen\/ehrenamtspreis-freiburg131210\/\" rel=\"attachment wp-att-42231\"><img loading=\"lazy\" decoding=\"async\" class=\"alignnone size-thumbnail wp-image-42231\" title=\"ehrenamtspreis-freiburg131210\" src=\"https:\/\/www.freiburg-schwarzwald.de\/blog\/wp-content\/uploads\/2013\/12\/ehrenamtspreis-freiburg131210-180x113.jpg\" alt=\"\" width=\"180\" height=\"113\" srcset=\"https:\/\/www.freiburg-schwarzwald.de\/blog\/wp-content\/uploads\/2013\/12\/ehrenamtspreis-freiburg131210-180x113.jpg 180w, https:\/\/www.freiburg-schwarzwald.de\/blog\/wp-content\/uploads\/2013\/12\/ehrenamtspreis-freiburg131210.jpg 616w\" sizes=\"auto, (max-width: 180px) 100vw, 180px\" \/><\/a><br \/>\noben v.l.: heinz Siebild, Aaron Amann und Christopher Hellstern (f\u00fcr Aurelio Andy), Andrea Philipp<br \/>\nunten v.l.: Wolfgang Kapp, Christa Mohr, Carola Sonne und Hubert Nixdorf<br \/>\n\u00a0\u00a0<br \/>\n<strong>OB Salomon\u00a0dankt engagierten B\u00fcrgerinnen und B\u00fcrgern<br \/>\n<\/strong>Am 5. Dezember war der Internationale Tag des Freiwilligen Engagements. Zu diesem Anlass hat die StadtFreiburg die Leistungen ehrenamtlich und freiwillig t\u00e4tiger B\u00fcrgerinnen undB\u00fcrger gew\u00fcrdigt. Bei der Fest veranstaltung am 9. Dezember in der Aula der Albert-Ludwigs-Universit\u00e4t ehrte Oberb\u00fcrgermeister Dieter Salomon stellvertretend drei Personen und drei Projekte. Dar\u00fcber hinaus wurden wie in den Vorjahren der Wilhelm Oberle-Sozialpreis und der AOK-Pr\u00e4ventionspreis f\u00fcr b\u00fcrgerschaftliches Engagement vergeben.<br \/>\n\u00a0Dabei betonte Salomon:&#8220;Das b\u00fcrgerschaftliche Engagement ist der soziale Kitt, der unsere Gesellschaft zusammenh\u00e4lt und liebenswert macht. Auf diese Weise entstehenaktive Gemeinschaften, die das soziale Miteinander stabilisieren und aufvielf\u00e4ltige Weise die Entwicklungspotenziale unserer Stadt st\u00e4rken.&#8220;<br \/>\n\u00a0In Freiburg ist jede\/r Vierte \u00fcber 14 Jahren in Vereinen, Initiativen, kulturellen, schulischen, sozialen oder sportlichen Einrichtungen aktiv. Der Stadt Freiburg sei es daher einzentrales Anliegen, so der Oberb\u00fcrgermeister, all diesen Engagierten f\u00fcr ihren Einsatz und ihre Mitverantwortung zu danken: &#8222;Hierzu z\u00e4hlt auch die Bereitschaft vieler Unternehmen und Einrichtungen, sich ihrergesellschaftlichen Verantwortung zu stellen und b\u00fcrgerschaftliches Engagementzu f\u00f6rdern.&#8220; Salomon dankte dem Universit\u00e4tsklinikum f\u00fcr das Sponsoringbei der Ausrichtung der Festveranstaltung f\u00fcr \u00fcber 300 geladene G\u00e4ste.<br \/>\nDie Auswahl aus den 20 eingereichten Personen- und Projekt-Vorschl\u00e4gen traf eine Jury, der Vertreterinnen und Vertretern der B\u00fcrgervereine, des Klimab\u00fcndnisses, des Stadtseniorenrates, des Sportkreises, der Freiwilligen-Agentur und des Selbsthilfeb\u00fcros, des Stadtjugendringes, der Vereinigung Freiburger Sozialarbeit und der Wirtschaftsjunioren der IHK angeh\u00f6rten. Stellvertretend f\u00fcr die Gesamtheit der Engagierten \u00fcbergab Salomon drei Personen und drei Projekten die st\u00e4dtische Ehrung. Alle Ausgezeichneten werden von Andreas Schwab, Abgeordneter des Europaparlaments, zu einer Informationsfahrt nach Stra\u00dfburg Mitte M\u00e4rz eingeladen. &#8230;<\/p>\n<p>&nbsp;<\/p>\n<p>&nbsp;<\/p>\n<p>&nbsp;<\/p>\n","protected":false},"excerpt":{"rendered":"<p>Am internationalen Tag des freiwilligen Engagements\u00a0hat die Stadt Freiburg am 9.12.2012 ehrenamtlich t\u00e4tige Personen und Projekte gew\u00fcrdigt. &#8222;Das b\u00fcrgerschaftliche Engagement ist der soziale Kitt, der unsere Gesellschaft zusammenh\u00e4lt und liebenswert macht&#8220;, so OB\u00a0Salomon. In der Aula der Universit\u00e4t wurden geehrt: &hellip; <a href=\"https:\/\/www.freiburg-schwarzwald.de\/blog\/freiburg-ehrt-ehrenamtlerinnen\/\">Weiterlesen <span class=\"meta-nav\">&rarr;<\/span><\/a><\/p>\n","protected":false},"author":4,"featured_media":0,"comment_status":"open","ping_status":"closed","sticky":false,"template":"","format":"standard","meta":{"footnotes":""},"categories":[54,6],"tags":[717,391,577,586],"class_list":["post-42221","post","type-post","status-publish","format-standard","hentry","category-ehrenamt","category-vereine","tag-ehrenamt","tag-freizeit","tag-hilfe-2","tag-verein"],"_links":{"self":[{"href":"https:\/\/www.freiburg-schwarzwald.de\/blog\/wp-json\/wp\/v2\/posts\/42221","targetHints":{"allow":["GET"]}}],"collection":[{"href":"https:\/\/www.freiburg-schwarzwald.de\/blog\/wp-json\/wp\/v2\/posts"}],"about":[{"href":"https:\/\/www.freiburg-schwarzwald.de\/blog\/wp-json\/wp\/v2\/types\/post"}],"author":[{"embeddable":true,"href":"https:\/\/www.freiburg-schwarzwald.de\/blog\/wp-json\/wp\/v2\/users\/4"}],"replies":[{"embeddable":true,"href":"https:\/\/www.freiburg-schwarzwald.de\/blog\/wp-json\/wp\/v2\/comments?post=42221"}],"version-history":[{"count":0,"href":"https:\/\/www.freiburg-schwarzwald.de\/blog\/wp-json\/wp\/v2\/posts\/42221\/revisions"}],"wp:attachment":[{"href":"https:\/\/www.freiburg-schwarzwald.de\/blog\/wp-json\/wp\/v2\/media?parent=42221"}],"wp:term":[{"taxonomy":"category","embeddable":true,"href":"https:\/\/www.freiburg-schwarzwald.de\/blog\/wp-json\/wp\/v2\/categories?post=42221"},{"taxonomy":"post_tag","embeddable":true,"href":"https:\/\/www.freiburg-schwarzwald.de\/blog\/wp-json\/wp\/v2\/tags?post=42221"}],"curies":[{"name":"wp","href":"https:\/\/api.w.org\/{rel}","templated":true}]}}