{"id":4220,"date":"2012-06-01T09:57:25","date_gmt":"2012-06-01T09:57:25","guid":{"rendered":"https:\/\/www.freiburg-schwarzwald.de\/blog\/?p=4220"},"modified":"2012-06-01T09:57:25","modified_gmt":"2012-06-01T09:57:25","slug":"stadtbahntracker-visualisiert-den-opnv-im-stadtgebiet-freiburg","status":"publish","type":"post","link":"https:\/\/www.freiburg-schwarzwald.de\/blog\/stadtbahntracker-visualisiert-den-opnv-im-stadtgebiet-freiburg\/","title":{"rendered":"StadtbahnTracker visualisiert den \u00d6PNV im Stadtgebiet Freiburg"},"content":{"rendered":"<p>Der TramTracker wurde Anfang 2012 als Erweiterung eines Studentenprojektes f\u00fcr die Vorlesung &#8222;XML and Databases&#8220;an der Universit\u00e4t Freiburg entwickelt. S\u00e4mtliche Stadtbahn-Fahrten der Freiburger Verkehrs-AG sowie die Stadtbuslinien werden angezeigt. Zur Vermeidung der immensen Serverlast bei periodischen Positionsanfragen findet beim StadtbahnTracker sowohl die Weg- und Zeitberechnung im Netzgraph als auch die Positionsbestimmung clientseitig statt. Vom Server werden lediglich ca. alle 10-15 Minuten die aktuellen Fahrplandaten f\u00fcr jede Station \u00fcbermittelt.<br \/>\n<a href=\"https:\/\/tracker.patrickbrosi.de\/freiburg\/\">https:\/\/tracker.patrickbrosi.de\/freiburg\/<\/a>\u00a0. Hinweise an <a href=\"mailto:patrickbrosi@gmx.de\">patrickbrosi@gmx.de<\/a> <!--more--><\/p>\n<p>Auf einem gro\u00dfen wei\u00dfen Viereck bilden alle kurz einen Stapel: der Bertoldsbrunnen. Seit kurzem kann man auf einer Webseite auf einem Stadtplan von Freiburg alle Stra\u00dfenbahnen der Freiburger Verkehrs-AG (VAG) verfolgen, ebenso Busse, Breisgau-S-Bahnen und die Regionalbahn in Richtung Neustadt. Durch einen Mausklick auf die Haltestellen erscheinen Anzeigetafeln, die denen an den tats\u00e4chlichen Stationen entsprechen. Ausgeheckt hat diese n\u00fctzliche Spielerei der Freiburger Informatikstudent Patrick Brosi (25).\u00a0 &#8230;. mehr vom 1.6.2012 auf<br \/>\n<a href=\"https:\/\/www.badische-zeitung.de\/freiburg\/stadtbahnen-auf-abruf--60167556.html\">https:\/\/www.badische-zeitung.de\/freiburg\/stadtbahnen-auf-abruf&#8211;60167556.html<\/a><\/p>\n","protected":false},"excerpt":{"rendered":"<p>Der TramTracker wurde Anfang 2012 als Erweiterung eines Studentenprojektes f\u00fcr die Vorlesung &#8222;XML and Databases&#8220;an der Universit\u00e4t Freiburg entwickelt. S\u00e4mtliche Stadtbahn-Fahrten der Freiburger Verkehrs-AG sowie die Stadtbuslinien werden angezeigt. Zur Vermeidung der immensen Serverlast bei periodischen Positionsanfragen findet beim StadtbahnTracker &hellip; <a href=\"https:\/\/www.freiburg-schwarzwald.de\/blog\/stadtbahntracker-visualisiert-den-opnv-im-stadtgebiet-freiburg\/\">Weiterlesen <span class=\"meta-nav\">&rarr;<\/span><\/a><\/p>\n","protected":false},"author":2,"featured_media":0,"comment_status":"open","ping_status":"closed","sticky":false,"template":"","format":"standard","meta":{"footnotes":""},"categories":[162,118],"tags":[],"class_list":["post-4220","post","type-post","status-publish","format-standard","hentry","category-internet","category-verkehr"],"_links":{"self":[{"href":"https:\/\/www.freiburg-schwarzwald.de\/blog\/wp-json\/wp\/v2\/posts\/4220","targetHints":{"allow":["GET"]}}],"collection":[{"href":"https:\/\/www.freiburg-schwarzwald.de\/blog\/wp-json\/wp\/v2\/posts"}],"about":[{"href":"https:\/\/www.freiburg-schwarzwald.de\/blog\/wp-json\/wp\/v2\/types\/post"}],"author":[{"embeddable":true,"href":"https:\/\/www.freiburg-schwarzwald.de\/blog\/wp-json\/wp\/v2\/users\/2"}],"replies":[{"embeddable":true,"href":"https:\/\/www.freiburg-schwarzwald.de\/blog\/wp-json\/wp\/v2\/comments?post=4220"}],"version-history":[{"count":0,"href":"https:\/\/www.freiburg-schwarzwald.de\/blog\/wp-json\/wp\/v2\/posts\/4220\/revisions"}],"wp:attachment":[{"href":"https:\/\/www.freiburg-schwarzwald.de\/blog\/wp-json\/wp\/v2\/media?parent=4220"}],"wp:term":[{"taxonomy":"category","embeddable":true,"href":"https:\/\/www.freiburg-schwarzwald.de\/blog\/wp-json\/wp\/v2\/categories?post=4220"},{"taxonomy":"post_tag","embeddable":true,"href":"https:\/\/www.freiburg-schwarzwald.de\/blog\/wp-json\/wp\/v2\/tags?post=4220"}],"curies":[{"name":"wp","href":"https:\/\/api.w.org\/{rel}","templated":true}]}}