{"id":42110,"date":"2013-12-06T09:10:50","date_gmt":"2013-12-06T08:10:50","guid":{"rendered":"https:\/\/www.freiburg-schwarzwald.de\/blog\/?p=42110"},"modified":"2014-02-10T13:47:24","modified_gmt":"2014-02-10T12:47:24","slug":"bundeswehr-konzert-stbarbara","status":"publish","type":"post","link":"https:\/\/www.freiburg-schwarzwald.de\/blog\/bundeswehr-konzert-stbarbara\/","title":{"rendered":"Bundeswehr-Konzert StBarbara"},"content":{"rendered":"<p><span style=\"font-family: Arial;\">Das Luftwaffenmusikcorps 2 der <a title=\"Bundeswehr\" href=\"https:\/\/www.freiburg-schwarzwald.de\/blog\/engagement\/zukunft\/krieg\/bundeswehr\/\">Bundeswehr<\/a> aus Karlsruhe spielt am Dienstag 10.12.2013 um 19 Uhr in der <a title=\"StBarbara\" href=\"https:\/\/www.freiburg-schwarzwald.de\/blog\/religion\/kirchen\/stbarbara\/\">Pfarrkirche St.Barbara <\/a>in <a title=\"Littenweiler\" href=\"https:\/\/www.freiburg-schwarzwald.de\/blog\/regio\/freiburg\/littenweiler\/\">Littenweiler<\/a> festliche Werke alter und auch neuer Meister. Eintritt frei &#8211; um Spenden wird gebeten. Das <a title=\"Bundeswehr in der Kirche?\" href=\"https:\/\/www.freiburg-schwarzwald.de\/blog\/bundeswehr-in-der-kirche\/\">Konzert 2012<\/a> erbrachte 800 Euro zugunsten von <a title=\"Kindergarten\" href=\"https:\/\/www.freiburg-schwarzwald.de\/blog\/bildung\/kindergarten\/\">Kinderg\u00e4rten<\/a>, konnte aber aufgrund von Blockaden an der Kirchent\u00fcre nicht geradezu friedlich durchgef\u00fchrt werden ..<!--more--><\/span><\/p>\n<p>&nbsp;<\/p>\n<p><span style=\"font-family: Arial;\">\u00a0<a href=\"https:\/\/www.freiburg-schwarzwald.de\/blog\/bundeswehr-konzert-stbarbara\/demo2-131210\/\" rel=\"attachment wp-att-42214\"><img loading=\"lazy\" decoding=\"async\" class=\"alignnone size-thumbnail wp-image-42214\" title=\"demo2-131210\" alt=\"\" src=\"https:\/\/www.freiburg-schwarzwald.de\/blog\/wp-content\/uploads\/2013\/12\/demo2-131210-180x135.jpg\" width=\"180\" height=\"135\" srcset=\"https:\/\/www.freiburg-schwarzwald.de\/blog\/wp-content\/uploads\/2013\/12\/demo2-131210-180x135.jpg 180w, https:\/\/www.freiburg-schwarzwald.de\/blog\/wp-content\/uploads\/2013\/12\/demo2-131210.jpg 640w\" sizes=\"auto, (max-width: 180px) 100vw, 180px\" \/><\/a>\u00a0\u00a0\u00a0\u00a0\u00a0\u00a0\u00a0\u00a0\u00a0 <a href=\"https:\/\/www.freiburg-schwarzwald.de\/blog\/bundeswehr-konzert-stbarbara\/demo1-131210\/\" rel=\"attachment wp-att-42213\"><img loading=\"lazy\" decoding=\"async\" class=\"alignnone size-thumbnail wp-image-42213\" title=\"demo1-131210\" alt=\"\" src=\"https:\/\/www.freiburg-schwarzwald.de\/blog\/wp-content\/uploads\/2013\/12\/demo1-131210-180x135.jpg\" width=\"180\" height=\"135\" srcset=\"https:\/\/www.freiburg-schwarzwald.de\/blog\/wp-content\/uploads\/2013\/12\/demo1-131210-180x135.jpg 180w, https:\/\/www.freiburg-schwarzwald.de\/blog\/wp-content\/uploads\/2013\/12\/demo1-131210.jpg 640w\" sizes=\"auto, (max-width: 180px) 100vw, 180px\" \/><\/a>\u00a0\u00a0\u00a0\u00a0\u00a0\u00a0\u00a0\u00a0\u00a0 <a href=\"https:\/\/www.freiburg-schwarzwald.de\/blog\/bundeswehr-konzert-stbarbara\/demo3-131210\/\" rel=\"attachment wp-att-42215\"><img loading=\"lazy\" decoding=\"async\" class=\"alignnone size-thumbnail wp-image-42215\" title=\"demo3-131210\" alt=\"\" src=\"https:\/\/www.freiburg-schwarzwald.de\/blog\/wp-content\/uploads\/2013\/12\/demo3-131210-135x180.jpg\" width=\"135\" height=\"180\" srcset=\"https:\/\/www.freiburg-schwarzwald.de\/blog\/wp-content\/uploads\/2013\/12\/demo3-131210-135x180.jpg 135w, https:\/\/www.freiburg-schwarzwald.de\/blog\/wp-content\/uploads\/2013\/12\/demo3-131210.jpg 480w\" sizes=\"auto, (max-width: 135px) 100vw, 135px\" \/><\/a><br \/>\n(1) 19 Uhr am 10.12.2013\u00a0\u00a0\u00a0\u00a0\u00a0\u00a0\u00a0\u00a0\u00a0\u00a0\u00a0\u00a0\u00a0\u00a0\u00a0\u00a0\u00a0\u00a0\u00a0\u00a0\u00a0\u00a0\u00a0 (2) &#8230; wirklich?\u00a0\u00a0\u00a0\u00a0\u00a0\u00a0\u00a0\u00a0\u00a0\u00a0\u00a0\u00a0\u00a0\u00a0\u00a0\u00a0\u00a0\u00a0\u00a0\u00a0\u00a0\u00a0\u00a0\u00a0\u00a0\u00a0\u00a0\u00a0\u00a0\u00a0\u00a0\u00a0\u00a0\u00a0\u00a0\u00a0\u00a0\u00a0\u00a0\u00a0\u00a0\u00a0\u00a0\u00a0(3) Kirchplatz Littenweiler<\/span><\/p>\n<p>Ab 18.30 Uhr bildeten ca 30 jungen Polizisten eine Kette vor der Kirche St.Barbara, um den Besuchern des Konzertes den Zugang zur Kirche zu erm\u00f6glichen.\u00a0Ihnen gegen\u00fcber eine ungef\u00e4hr gleichgro\u00dfe\u00a0Anzahl von etwa gleichaltigen Studenten von PH und Uni, um\u00a0zu protestieren. Sicher haben sich viele einen friedlichen Protest gew\u00fcnscht: In Ruhe und ernsthaft informieren \u00fcber den Wandel der Bundeswehr (Berufsarmee,\u00a0globale Eingreiftruppe, Mandatierung), Argumente sachlich vertreten und Betroffenheit herstellen. Doch leider kam es anders: Kirchenbesucher wurden\u00a0als &#8222;Kriegstreiber&#8220; tituliert. Ein Subwoofer-Lautsprecherwagen spielte vorgefertigte Monologe und Musik absichtlich so laut ab, dass sie\u00a0in die Kirche dringen konnten. Flugbl\u00e4tter mit Agitation statt Information. Passanten wurden beleidigt, nachge\u00e4fft und der Weg verwehrt. Schade, dass ein doch so wichtiges Thema zum zeiggeist-gem\u00e4\u00df billigen Event\u00a0mit Kichern, Trommeln und &#8222;geiler Abend, wa?&#8220; umfunktioniert wurde. Was blieb um 22 Uhr? Nichts ausser viel M\u00fcll auf der an der Kirche vorbeif\u00fchrenden Strasse. Und wer hat den M\u00fcll wegger\u00e4umt? &#8230;.<\/p>\n<p><em>Flugblatt<br \/>\n&#8222;Am 10.12.13 findet in Freiburg-Littenweiler in der Kirche St. Barbara zum wiederholten Mal ein Adventskonzert des Luftwaffenmusikkorps 2 der Bundeswehr statt. Trotz starker Proteste im letzten Jahr wird erneut versucht, unter dem Label einer kriegsf\u00fchrenden Armee eine kulturelle Veranstaltung durchzuf\u00fchren und die Bundeswehr als einen \u201enormalen\u201c Teil der Gesellschaft darzustellen.&#8220; Flugblatt von KuCa, <a href=\"https:\/\/www.ph-freiburg.com\">www.ph-freiburg.com<\/a> bzw. <a href=\"https:\/\/www.liz-freiburg.org\">www.liz-freiburg.org<\/a> .<\/em><\/p>\n<p><em>Ein buntes Spektakel<br \/>\nSo veranstaltete ein breites B\u00fcndnis vor der Kirche St. Barbara ein buntes Spektakel. Mit Die-Ins, Samba-Band, Jingle, Kriegsger\u00e4uschen, antimilitaristischen Laternen, Transparenten und Schildern wurde darauf aufmerksam gemacht, dass die Bundeswehr zunehmend durch Veranstaltungen wie diese Imagepflege in der \u00d6ffentlichkeit betreibt. In Redebeitr\u00e4gen des <a href=\"https:\/\/akm-freiburg.tk\/\" rel=\"nofollow\">Arbeitskreises gegen Krieg und Militarisierung (AKM) Freiburg<\/a>, des <a href=\"https:\/\/fffr.de\/\" rel=\"nofollow\">Friedensforums Freiburg<\/a>, der <a href=\"https:\/\/antifaschistische-linke.de\/\" rel=\"nofollow\">Antifaschistischen Linken Freiburg<\/a> und des <a href=\"https:\/\/www.seb.bplaced.net\/lab\/sds\/\" rel=\"nofollow\">SDS Freiburg<\/a> wurde unter anderem kritisiert, dass der Bundeswehr eine derartige Plattform zur Selbstinszenierung geboten wird. Nach den Aktionen in der K\u00e4lte vor der Kirche, klang der Abend im <a title=\"KuCa\" href=\"https:\/\/www.freiburg-schwarzwald.de\/blog\/bildung\/hochschulen\/ph\/kuca\/\">KuCa<\/a> bei Vok\u00fc und Gespr\u00e4chen auf angenehme Art und Weise aus&#8230;..<\/em><br \/>\n<em>Alles vom 21.12.2013 bitte lesen auf\u00a0 <a href=\"https:\/\/linksunten.indymedia.org\/node\/101946\">https:\/\/linksunten.indymedia.org\/node\/101946<\/a>, a-km [\u00e4t] riseup.net<\/em><\/p>\n<p>.<\/p>\n<p><strong>Schmierereien an der Kirche St.Barbara am 29.12.2013:<\/strong><\/p>\n<p><a href=\"https:\/\/www.freiburg-schwarzwald.de\/blog\/bundeswehr-konzert-stbarbara\/stbarbara1krieg131230\/\" rel=\"attachment wp-att-43201\"><img loading=\"lazy\" decoding=\"async\" class=\"alignnone size-thumbnail wp-image-43201\" title=\"stbarbara1krieg131230\" alt=\"\" src=\"https:\/\/www.freiburg-schwarzwald.de\/blog\/wp-content\/uploads\/2013\/12\/stbarbara1krieg131230-180x135.jpg\" width=\"180\" height=\"135\" srcset=\"https:\/\/www.freiburg-schwarzwald.de\/blog\/wp-content\/uploads\/2013\/12\/stbarbara1krieg131230-180x135.jpg 180w, https:\/\/www.freiburg-schwarzwald.de\/blog\/wp-content\/uploads\/2013\/12\/stbarbara1krieg131230.jpg 640w\" sizes=\"auto, (max-width: 180px) 100vw, 180px\" \/><\/a>\u00a0\u00a0\u00a0\u00a0\u00a0\u00a0\u00a0\u00a0\u00a0 <a href=\"https:\/\/www.freiburg-schwarzwald.de\/blog\/bundeswehr-konzert-stbarbara\/stbarbara2krieg131230\/\" rel=\"attachment wp-att-43202\"><img loading=\"lazy\" decoding=\"async\" class=\"alignnone size-thumbnail wp-image-43202\" title=\"stbarbara2krieg131230\" alt=\"\" src=\"https:\/\/www.freiburg-schwarzwald.de\/blog\/wp-content\/uploads\/2013\/12\/stbarbara2krieg131230-180x135.jpg\" width=\"180\" height=\"135\" srcset=\"https:\/\/www.freiburg-schwarzwald.de\/blog\/wp-content\/uploads\/2013\/12\/stbarbara2krieg131230-180x135.jpg 180w, https:\/\/www.freiburg-schwarzwald.de\/blog\/wp-content\/uploads\/2013\/12\/stbarbara2krieg131230.jpg 640w\" sizes=\"auto, (max-width: 180px) 100vw, 180px\" \/><\/a>\u00a0\u00a0\u00a0\u00a0\u00a0\u00a0\u00a0\u00a0\u00a0 <a href=\"https:\/\/www.freiburg-schwarzwald.de\/blog\/bundeswehr-konzert-stbarbara\/stbarbara3krieg131230\/\" rel=\"attachment wp-att-43203\"><img loading=\"lazy\" decoding=\"async\" class=\"alignnone size-thumbnail wp-image-43203\" title=\"stbarbara3krieg131230\" alt=\"\" src=\"https:\/\/www.freiburg-schwarzwald.de\/blog\/wp-content\/uploads\/2013\/12\/stbarbara3krieg131230-180x135.jpg\" width=\"180\" height=\"135\" srcset=\"https:\/\/www.freiburg-schwarzwald.de\/blog\/wp-content\/uploads\/2013\/12\/stbarbara3krieg131230-180x135.jpg 180w, https:\/\/www.freiburg-schwarzwald.de\/blog\/wp-content\/uploads\/2013\/12\/stbarbara3krieg131230.jpg 640w\" sizes=\"auto, (max-width: 180px) 100vw, 180px\" \/><\/a><br \/>\n(1) St.Barbara-Kirchturm 30.12.2013\u00a0\u00a0\u00a0\u00a0\u00a0(2) Kirchenengangst\u00fcre St.Barbara<\/p>\n<p><a href=\"https:\/\/www.freiburg-schwarzwald.de\/blog\/bundeswehr-konzert-stbarbara\/stbarbara4krieg131230\/\" rel=\"attachment wp-att-43204\"><img loading=\"lazy\" decoding=\"async\" class=\"alignnone size-thumbnail wp-image-43204\" title=\"stbarbara4krieg131230\" alt=\"\" src=\"https:\/\/www.freiburg-schwarzwald.de\/blog\/wp-content\/uploads\/2013\/12\/stbarbara4krieg131230-180x135.jpg\" width=\"180\" height=\"135\" srcset=\"https:\/\/www.freiburg-schwarzwald.de\/blog\/wp-content\/uploads\/2013\/12\/stbarbara4krieg131230-180x135.jpg 180w, https:\/\/www.freiburg-schwarzwald.de\/blog\/wp-content\/uploads\/2013\/12\/stbarbara4krieg131230.jpg 640w\" sizes=\"auto, (max-width: 180px) 100vw, 180px\" \/><\/a><br \/>\n(4) St.Barbara &#8211; Kapelle<\/p>\n<p>\u201cKirche + Bundeswehr = Kriegstreiber\u201d\u00a0oder \u201cKreuzz\u00fcge\u00a02.0\u2033, mit solchen Polit-Parolen in roter Farbe haben Unbekannte die <a title=\"Kirchen\" href=\"https:\/\/www.freiburg-schwarzwald.de\/blog\/religion\/kirchen\/\">Kirche<\/a> wie auch die Kapelle der kath. Pfarrgemeinde von <a title=\"StBarbara\" href=\"https:\/\/www.freiburg-schwarzwald.de\/blog\/religion\/kirchen\/stbarbara\/\">St.Barbara<\/a> in <a title=\"Littenweiler\" href=\"https:\/\/www.freiburg-schwarzwald.de\/blog\/regio\/freiburg\/littenweiler\/\">Littenweiler<\/a> beschmiert. Kein gutes Signal zum <a title=\"Zukunft\" href=\"https:\/\/www.freiburg-schwarzwald.de\/blog\/engagement\/zukunft\/\">Jahreswechsel<\/a>. Vermutet wird ein Zusammenhang mit einem <a title=\"Bundeswehr-Konzert StBarbara\" href=\"https:\/\/www.freiburg-schwarzwald.de\/blog\/bundeswehr-konzert-stbarbara\/\">Konzert <\/a>der Bundeswehr vor kurzer Zeit. Es stimmt schon nachdenklich, dass <a title=\"KuCa\" href=\"https:\/\/www.freiburg-schwarzwald.de\/blog\/bildung\/hochschulen\/ph\/kuca\/\">KuCa<\/a>, usta der PH und Wagenburgler solche Aktionen gegen die St.Barbarakirche unterst\u00fctzen, guthei\u00dfen, mit &#8222;klamm heimlicher Freude&#8220; belegen, tolerieren bzw. nicht mi\u00dfbilligen &#8211; wie immer man das ausdr\u00fccken mag. Es stimmt auch nachdenklich, dass die Schmierereien (1)-(4) an der Kirche dieselbe\u00a0Gesinung tragen wie das ungeheuerliche &#8222;Littenweiler brennt&#8220;-\u00a0Plakat (5),<\/p>\n<p><a href=\"https:\/\/www.freiburg-schwarzwald.de\/blog\/kuca-besetzt-bhf-littenweiler\/bahnhof2kuca130514\/\" rel=\"attachment wp-att-30043\"><img loading=\"lazy\" decoding=\"async\" class=\"alignnone size-thumbnail wp-image-30043\" title=\"bahnhof2kuca130514\" alt=\"\" src=\"https:\/\/www.freiburg-schwarzwald.de\/blog\/wp-content\/uploads\/2013\/05\/bahnhof2kuca130514-180x135.jpg\" width=\"180\" height=\"135\" srcset=\"https:\/\/www.freiburg-schwarzwald.de\/blog\/wp-content\/uploads\/2013\/05\/bahnhof2kuca130514-180x135.jpg 180w, https:\/\/www.freiburg-schwarzwald.de\/blog\/wp-content\/uploads\/2013\/05\/bahnhof2kuca130514.jpg 640w\" sizes=\"auto, (max-width: 180px) 100vw, 180px\" \/><\/a>\u00a0 (5)\u00a0Brandaufruf am\u00a014.5.2013\u00a0\u00a0&#8211; <a title=\"KuCa besetzt Bhf Littenweiler\" href=\"https:\/\/www.freiburg-schwarzwald.de\/blog\/kuca-besetzt-bhf-littenweiler\/\">mehr\u00a0\u00a0<\/a><\/p>\n<p>das immer noch am Littenweiler Bahnhof, im PH-Gel\u00e4nde und anderswo in Littenweiler zu finden ist. Wohin soll das f\u00fchren?<br \/>\n30.12.2013<\/p>\n<p><strong>Unbekannte beschmieren die Barbara-Kirche mit Polit-Parolen<\/strong><br \/>\nB\u00f6se \u00dcberraschung kurz vor dem Jahreswechsel: Unbekannte haben am 29.12.2013 eine Freiburger Kirche mit Parolen beschmiert, die sich offensichtlich auf ein Konzert des Luftwaffenmusikkorps zwei der Bundeswehr in dem Gotteshaus beziehen. &#8230;.<br \/>\nAlles vom 31.12.2013 bitte lesen auf<br \/>\n<a href=\"https:\/\/www.badische-zeitung.de\/freiburg\/unbekannte-beschmieren-die-barbara-kirche-mit-polit-parolen--79062791.html\">https:\/\/www.badische-zeitung.de\/freiburg\/unbekannte-beschmieren-die-barbara-kirche-mit-polit-parolen&#8211;79062791.html<\/a><\/p>\n<p>.<\/p>\n<p>Friedensdemo \u00fcbt Gewalt aus<br \/>\n<a href=\"https:\/\/www.freiburg-schwarzwald.de\/blog\/friedensdemo-uebt-gewalt-aus\/\">https:\/\/www.freiburg-schwarzwald.de\/blog\/friedensdemo-uebt-gewalt-aus\/\u00a0<\/a>\u00a0(10.2.2014)<\/p>\n<p>&nbsp;<\/p>\n","protected":false},"excerpt":{"rendered":"<p>Das Luftwaffenmusikcorps 2 der Bundeswehr aus Karlsruhe spielt am Dienstag 10.12.2013 um 19 Uhr in der Pfarrkirche St.Barbara in Littenweiler festliche Werke alter und auch neuer Meister. Eintritt frei &#8211; um Spenden wird gebeten. Das Konzert 2012 erbrachte 800 Euro &hellip; <a href=\"https:\/\/www.freiburg-schwarzwald.de\/blog\/bundeswehr-konzert-stbarbara\/\">Weiterlesen <span class=\"meta-nav\">&rarr;<\/span><\/a><\/p>\n","protected":false},"author":4,"featured_media":0,"comment_status":"open","ping_status":"closed","sticky":false,"template":"","format":"standard","meta":{"footnotes":""},"categories":[1],"tags":[503,398,518,270],"class_list":["post-42110","post","type-post","status-publish","format-standard","hentry","category-allgemein","tag-church","tag-konzert","tag-music","tag-gift"],"_links":{"self":[{"href":"https:\/\/www.freiburg-schwarzwald.de\/blog\/wp-json\/wp\/v2\/posts\/42110","targetHints":{"allow":["GET"]}}],"collection":[{"href":"https:\/\/www.freiburg-schwarzwald.de\/blog\/wp-json\/wp\/v2\/posts"}],"about":[{"href":"https:\/\/www.freiburg-schwarzwald.de\/blog\/wp-json\/wp\/v2\/types\/post"}],"author":[{"embeddable":true,"href":"https:\/\/www.freiburg-schwarzwald.de\/blog\/wp-json\/wp\/v2\/users\/4"}],"replies":[{"embeddable":true,"href":"https:\/\/www.freiburg-schwarzwald.de\/blog\/wp-json\/wp\/v2\/comments?post=42110"}],"version-history":[{"count":0,"href":"https:\/\/www.freiburg-schwarzwald.de\/blog\/wp-json\/wp\/v2\/posts\/42110\/revisions"}],"wp:attachment":[{"href":"https:\/\/www.freiburg-schwarzwald.de\/blog\/wp-json\/wp\/v2\/media?parent=42110"}],"wp:term":[{"taxonomy":"category","embeddable":true,"href":"https:\/\/www.freiburg-schwarzwald.de\/blog\/wp-json\/wp\/v2\/categories?post=42110"},{"taxonomy":"post_tag","embeddable":true,"href":"https:\/\/www.freiburg-schwarzwald.de\/blog\/wp-json\/wp\/v2\/tags?post=42110"}],"curies":[{"name":"wp","href":"https:\/\/api.w.org\/{rel}","templated":true}]}}