{"id":41853,"date":"2013-12-05T17:05:25","date_gmt":"2013-12-05T16:05:25","guid":{"rendered":"https:\/\/www.freiburg-schwarzwald.de\/blog\/?p=41853"},"modified":"2013-12-05T17:05:25","modified_gmt":"2013-12-05T16:05:25","slug":"pisa-test-2012-platz-8-in-mathe","status":"publish","type":"post","link":"https:\/\/www.freiburg-schwarzwald.de\/blog\/pisa-test-2012-platz-8-in-mathe\/","title":{"rendered":"Pisa-Test 2012 Platz 8 in Mathe"},"content":{"rendered":"<p>Am weltweit gr\u00f6\u00dften <a title=\"Pisa\" href=\"https:\/\/www.freiburg-schwarzwald.de\/blog\/bildung\/pisa\/\">Schulleistungstest Pisa 2012<\/a> nahmen 510000 15-j\u00e4hrige Jugendliche aus 65 Staaten teil, darunter die 34 OECD-Staaten. In Deutschland wurden 5000 Sch\u00fcler in <a title=\"Mathematik macht uns alle reich\" href=\"https:\/\/www.freiburg-schwarzwald.de\/blog\/mathematik-macht-uns-alle-reich\/\">Mathematik<\/a>, <a title=\"Science\" href=\"https:\/\/www.freiburg-schwarzwald.de\/blog\/bildung\/science\/\">Naturwissenschaften<\/a> und <a title=\"Maerchen\" href=\"https:\/\/www.freiburg-schwarzwald.de\/blog\/kultur\/dichter\/literatur\/maerchen\/\">Lesen<\/a> getestet. Ergebnisse in Mathematik: S\u00fcdkorea, Japan, Schweiz, Niederlande, Finnland, Kanada, Polen, Deutschland, \u00d6sterreich, Australien, Irland, D\u00e4nemark, <!--more-->Neuseeland, Tschechien, Frankreich, Gro\u00dfbritannien, Island, <em>Deutschland im Jahr 2000 (Pisa-Schock)<\/em>, Norwegen, Portugal, Luxemburg, Italien, Spanien, USA, Schweden, Ungarn Griechenland, Mexiko.<br \/>\nDie Pisa-Leistungen der deutschen Sch\u00fcler wurden seit 2000 von Studie zu Studie besser. &#8222;Es wird wieder, was lange Zeit verp\u00f6nt war, auf die Leistung der Sch\u00fcler geachtet. Offenbar mit Erfolg. &#8230; Und \u00fcberhaupt basiert der deutsche Leistungszuwachs auf besseren Leistungen der sozial schw\u00e4cheren Jugendlichen. Deshalb auch ist die Schule sozial gerechter geworden, wobei da sicher noch viel zu tun ist.&#8220;, so Prof Manfred Prenzel, TU M\u00fcnchen, Nationaler Pisa-Projektmanager, in <a href=\"https:\/\/www.zeit.de\/\">www.zeit.de<\/a>, Zeit Nr. 50 vom 5.12.2013, S. 86<\/p>\n<p>Alle Infos:<br \/>\n\u00a0 &#8211; OECD Pisa-Bericht 2012<br \/>\n<a href=\"https:\/\/www.pisa.tum.de\/pisa-2012\">www.pisa.tum.de\/pisa-2012<\/a>\u00a0 &#8211; Technische Universit\u00e4t M\u00fcnchen<\/p>\n","protected":false},"excerpt":{"rendered":"<p>Am weltweit gr\u00f6\u00dften Schulleistungstest Pisa 2012 nahmen 510000 15-j\u00e4hrige Jugendliche aus 65 Staaten teil, darunter die 34 OECD-Staaten. In Deutschland wurden 5000 Sch\u00fcler in Mathematik, Naturwissenschaften und Lesen getestet. Ergebnisse in Mathematik: S\u00fcdkorea, Japan, Schweiz, Niederlande, Finnland, Kanada, Polen, Deutschland, &hellip; <a href=\"https:\/\/www.freiburg-schwarzwald.de\/blog\/pisa-test-2012-platz-8-in-mathe\/\">Weiterlesen <span class=\"meta-nav\">&rarr;<\/span><\/a><\/p>\n","protected":false},"author":4,"featured_media":0,"comment_status":"open","ping_status":"closed","sticky":false,"template":"","format":"standard","meta":{"footnotes":""},"categories":[18,60,172],"tags":[418,585,580,504],"class_list":["post-41853","post","type-post","status-publish","format-standard","hentry","category-bildung","category-jugend","category-zukunft","tag-beruf","tag-schule","tag-test","tag-weiterbildung"],"_links":{"self":[{"href":"https:\/\/www.freiburg-schwarzwald.de\/blog\/wp-json\/wp\/v2\/posts\/41853","targetHints":{"allow":["GET"]}}],"collection":[{"href":"https:\/\/www.freiburg-schwarzwald.de\/blog\/wp-json\/wp\/v2\/posts"}],"about":[{"href":"https:\/\/www.freiburg-schwarzwald.de\/blog\/wp-json\/wp\/v2\/types\/post"}],"author":[{"embeddable":true,"href":"https:\/\/www.freiburg-schwarzwald.de\/blog\/wp-json\/wp\/v2\/users\/4"}],"replies":[{"embeddable":true,"href":"https:\/\/www.freiburg-schwarzwald.de\/blog\/wp-json\/wp\/v2\/comments?post=41853"}],"version-history":[{"count":0,"href":"https:\/\/www.freiburg-schwarzwald.de\/blog\/wp-json\/wp\/v2\/posts\/41853\/revisions"}],"wp:attachment":[{"href":"https:\/\/www.freiburg-schwarzwald.de\/blog\/wp-json\/wp\/v2\/media?parent=41853"}],"wp:term":[{"taxonomy":"category","embeddable":true,"href":"https:\/\/www.freiburg-schwarzwald.de\/blog\/wp-json\/wp\/v2\/categories?post=41853"},{"taxonomy":"post_tag","embeddable":true,"href":"https:\/\/www.freiburg-schwarzwald.de\/blog\/wp-json\/wp\/v2\/tags?post=41853"}],"curies":[{"name":"wp","href":"https:\/\/api.w.org\/{rel}","templated":true}]}}