{"id":4185,"date":"2012-05-31T16:02:07","date_gmt":"2012-05-31T16:02:07","guid":{"rendered":"https:\/\/www.freiburg-schwarzwald.de\/blog\/?p=4185"},"modified":"2012-07-06T16:16:54","modified_gmt":"2012-07-06T16:16:54","slug":"zukunftsenergie-erfinder-tag-im-vauban-chance-fuer-tueftler","status":"publish","type":"post","link":"https:\/\/www.freiburg-schwarzwald.de\/blog\/zukunftsenergie-erfinder-tag-im-vauban-chance-fuer-tueftler\/","title":{"rendered":"Zukunftsenergie-Erfinder-Tag im Vauban &#8211; Chance f\u00fcr T\u00fcftler"},"content":{"rendered":"<p>Umgew\u00f6hnen: Die <a title=\"Energiepolitik\" href=\"https:\/\/www.freiburg-schwarzwald.de\/blog\/energie\/energiepolitik\/\">Energiewende<\/a> ist in aller Munde. Die Taten lassen allerdings auf sich warten. Ein paar engagierte Freiburger wollten dies nicht auf sich sitzen lassen und haben nun ein Konzept entwikkelt, um den Energie-Tag ins Leben zu rufen. Die Veranstaltung soll in Freiburgs Vorzeigestadtteil <a title=\"Vauban\" href=\"https:\/\/www.freiburg-schwarzwald.de\/blog\/regio\/freiburg\/vauban\/\">Vauban<\/a> \u00fcber die B\u00fchne gehen. Hier sollen sich die Ingenieure und Entwickler mit den Machern, die eine solche Technologie verwirklichen k\u00f6nnen, treffen. Klingt soweit ganz toll und man k\u00f6nnte meinen, die Idee stammt aus der Ecke Umweltorientierter Menschen in der Stadt. Nun, vielleicht muss man sich tats\u00e4chlich daran gew\u00f6hnen, dass auch aus der sonst als konservativ eingestuften Ecke, wie der CDU, solche Vorschl\u00e4ge kommen. Sie deswegen aber abzukanzeln und im Beh\u00f6rdendschungel verlaufen zu lassen, w\u00e4re das falsche Signal.<br \/>\nR\u00fcdiger Kopf, 31.5.2012, <a href=\"https:\/\/www.stadtkurier.de\/\">www.stadtkurier.de<\/a><!--more--><\/p>\n<p>Worum geht des beim Zukunftsenergie-Erfinder-Tag?<br \/>\nEngagierten T\u00fcftlern und kleineren Unternehmen aus dem Bereich erneuerbare Energie-Technologien die M\u00f6glichkeit zu geben, ihre Ideen f\u00fcr die erfolgreiche Gestaltung des Energiewandels zu pr\u00e4sentieren. Zudem soll es gr\u00f6\u00dferen Unternehmen m\u00f6glich sein, ihre Produkte der \u00d6ffentlichkeit vorzustellen und \u00fcber den Kontakt zu den Erfindern neue Anregungen f\u00fcr die eigene Produktpalette zu gewinnen und durch den Wissenstransfer zu profitieren.<br \/>\nZiel des Zukunftsenergie-Erfinder-Tages ist es, neue M\u00f6glichkeiten der Gewinnung und Speicherung regenerativer Energie aus verschiedenen Blickwinkeln aufzuzeigen. Die B\u00fcrger sollen f\u00fcr die Gestaltung der Zukunft mit regenerativen Energien gewonnen und f\u00fcr dieses Thema sensibilisiert werden. Dabei sollen Chancen und M\u00f6glichkeiten, aber auch Risiken erneuerbarer Energie-Technologien vorgestellt werden. Grunds\u00e4tzlich sollte keine Idee im Vorfeld ausgrenzt werden, damit auch neue, bisher unerforschte Wege regenerativer Energieerzeugung aufgezeigt werden k\u00f6nnen. &#8230;. Lies mehr auf<br \/>\n<a href=\"https:\/\/www.facebook.com\/CDUFreiburgVauban\/posts\/228915293866828\">https:\/\/www.facebook.com\/CDUFreiburgVauban\/posts\/228915293866828<\/a><\/p>\n","protected":false},"excerpt":{"rendered":"<p>Umgew\u00f6hnen: Die Energiewende ist in aller Munde. Die Taten lassen allerdings auf sich warten. Ein paar engagierte Freiburger wollten dies nicht auf sich sitzen lassen und haben nun ein Konzept entwikkelt, um den Energie-Tag ins Leben zu rufen. Die Veranstaltung &hellip; <a href=\"https:\/\/www.freiburg-schwarzwald.de\/blog\/zukunftsenergie-erfinder-tag-im-vauban-chance-fuer-tueftler\/\">Weiterlesen <span class=\"meta-nav\">&rarr;<\/span><\/a><\/p>\n","protected":false},"author":2,"featured_media":0,"comment_status":"open","ping_status":"closed","sticky":false,"template":"","format":"standard","meta":{"footnotes":""},"categories":[5,172],"tags":[224],"class_list":["post-4185","post","type-post","status-publish","format-standard","hentry","category-energie","category-zukunft","tag-erfinder"],"_links":{"self":[{"href":"https:\/\/www.freiburg-schwarzwald.de\/blog\/wp-json\/wp\/v2\/posts\/4185","targetHints":{"allow":["GET"]}}],"collection":[{"href":"https:\/\/www.freiburg-schwarzwald.de\/blog\/wp-json\/wp\/v2\/posts"}],"about":[{"href":"https:\/\/www.freiburg-schwarzwald.de\/blog\/wp-json\/wp\/v2\/types\/post"}],"author":[{"embeddable":true,"href":"https:\/\/www.freiburg-schwarzwald.de\/blog\/wp-json\/wp\/v2\/users\/2"}],"replies":[{"embeddable":true,"href":"https:\/\/www.freiburg-schwarzwald.de\/blog\/wp-json\/wp\/v2\/comments?post=4185"}],"version-history":[{"count":0,"href":"https:\/\/www.freiburg-schwarzwald.de\/blog\/wp-json\/wp\/v2\/posts\/4185\/revisions"}],"wp:attachment":[{"href":"https:\/\/www.freiburg-schwarzwald.de\/blog\/wp-json\/wp\/v2\/media?parent=4185"}],"wp:term":[{"taxonomy":"category","embeddable":true,"href":"https:\/\/www.freiburg-schwarzwald.de\/blog\/wp-json\/wp\/v2\/categories?post=4185"},{"taxonomy":"post_tag","embeddable":true,"href":"https:\/\/www.freiburg-schwarzwald.de\/blog\/wp-json\/wp\/v2\/tags?post=4185"}],"curies":[{"name":"wp","href":"https:\/\/api.w.org\/{rel}","templated":true}]}}