{"id":41598,"date":"2013-12-02T14:29:15","date_gmt":"2013-12-02T13:29:15","guid":{"rendered":"https:\/\/www.freiburg-schwarzwald.de\/blog\/?p=41598"},"modified":"2013-12-02T14:29:15","modified_gmt":"2013-12-02T13:29:15","slug":"muslimischer-ditib-kindergarten","status":"publish","type":"post","link":"https:\/\/www.freiburg-schwarzwald.de\/blog\/muslimischer-ditib-kindergarten\/","title":{"rendered":"Muslimischer DITIB-Kindergarten"},"content":{"rendered":"<p>In Mannheim \u00f6ffnet ein <a title=\"Kindergarten\" href=\"https:\/\/www.freiburg-schwarzwald.de\/blog\/bildung\/kindergarten\/\">Kindergarten<\/a>, dessen Tr\u00e4ger\u00a0der \u201eVerein zur Gr\u00fcndung und Erhaltung muslimischer Kinderg\u00e4rten\u201c im Dachverband \u201eT\u00fcrkisch <a title=\"Islam\" href=\"https:\/\/www.freiburg-schwarzwald.de\/blog\/religion\/islam\/\">Islamische<\/a> Union der Anstalt f\u00fcr Religion e.V. (DITIB)&#8220; ist. Laut ev.\u00a0Dekan G\u00fcnter Eitenm\u00fcller verhindert die DITIB als Ableger der t\u00fcrkischen Religionsbeh\u00f6rde die <a title=\"Integration\" href=\"https:\/\/www.freiburg-schwarzwald.de\/blog\/global\/integration\/\">integrativen Bem\u00fchungen in Deutschland<\/a> und vertrete stattdessen ausschlie\u00dflich nationalt\u00fcrkische Interessen. <a title=\"Integration\" href=\"https:\/\/www.freiburg-schwarzwald.de\/blog\/global\/integration\/\">mehr<\/a><\/p>\n","protected":false},"excerpt":{"rendered":"<p>In Mannheim \u00f6ffnet ein Kindergarten, dessen Tr\u00e4ger\u00a0der \u201eVerein zur Gr\u00fcndung und Erhaltung muslimischer Kinderg\u00e4rten\u201c im Dachverband \u201eT\u00fcrkisch Islamische Union der Anstalt f\u00fcr Religion e.V. (DITIB)&#8220; ist. Laut ev.\u00a0Dekan G\u00fcnter Eitenm\u00fcller verhindert die DITIB als Ableger der t\u00fcrkischen Religionsbeh\u00f6rde die integrativen &hellip; <a href=\"https:\/\/www.freiburg-schwarzwald.de\/blog\/muslimischer-ditib-kindergarten\/\">Weiterlesen <span class=\"meta-nav\">&rarr;<\/span><\/a><\/p>\n","protected":false},"author":4,"featured_media":0,"comment_status":"open","ping_status":"closed","sticky":false,"template":"","format":"standard","meta":{"footnotes":""},"categories":[1],"tags":[725,421,721,503],"class_list":["post-41598","post","type-post","status-publish","format-standard","hentry","category-allgemein","tag-integration","tag-islam","tag-kindergarten","tag-church"],"_links":{"self":[{"href":"https:\/\/www.freiburg-schwarzwald.de\/blog\/wp-json\/wp\/v2\/posts\/41598","targetHints":{"allow":["GET"]}}],"collection":[{"href":"https:\/\/www.freiburg-schwarzwald.de\/blog\/wp-json\/wp\/v2\/posts"}],"about":[{"href":"https:\/\/www.freiburg-schwarzwald.de\/blog\/wp-json\/wp\/v2\/types\/post"}],"author":[{"embeddable":true,"href":"https:\/\/www.freiburg-schwarzwald.de\/blog\/wp-json\/wp\/v2\/users\/4"}],"replies":[{"embeddable":true,"href":"https:\/\/www.freiburg-schwarzwald.de\/blog\/wp-json\/wp\/v2\/comments?post=41598"}],"version-history":[{"count":0,"href":"https:\/\/www.freiburg-schwarzwald.de\/blog\/wp-json\/wp\/v2\/posts\/41598\/revisions"}],"wp:attachment":[{"href":"https:\/\/www.freiburg-schwarzwald.de\/blog\/wp-json\/wp\/v2\/media?parent=41598"}],"wp:term":[{"taxonomy":"category","embeddable":true,"href":"https:\/\/www.freiburg-schwarzwald.de\/blog\/wp-json\/wp\/v2\/categories?post=41598"},{"taxonomy":"post_tag","embeddable":true,"href":"https:\/\/www.freiburg-schwarzwald.de\/blog\/wp-json\/wp\/v2\/tags?post=41598"}],"curies":[{"name":"wp","href":"https:\/\/api.w.org\/{rel}","templated":true}]}}