{"id":4158,"date":"2012-05-30T19:23:55","date_gmt":"2012-05-30T19:23:55","guid":{"rendered":"https:\/\/www.freiburg-schwarzwald.de\/blog\/?p=4158"},"modified":"2012-05-31T08:29:54","modified_gmt":"2012-05-31T08:29:54","slug":"krahen-larmen-schutz-der-menschen-vor-naturschutz","status":"publish","type":"post","link":"https:\/\/www.freiburg-schwarzwald.de\/blog\/krahen-larmen-schutz-der-menschen-vor-naturschutz\/","title":{"rendered":"Kr\u00e4hen l\u00e4rmen &#8211; Schutz der Menschen vor Naturschutz"},"content":{"rendered":"<p><!-- RSPEAK_STOP -->Die <a title=\"Laerm\" href=\"https:\/\/www.freiburg-schwarzwald.de\/blog\/natur\/umwelt\/laerm\/\">L\u00e4rmbel\u00e4stigung<\/a> durch Kr\u00e4hen, laut letzter NABU-Z\u00e4hlung die zweith\u00e4ufigste Vogelart in der Stadt, ist nicht nur ein Problem am Drachenweg. An der Schwarzwaldstra\u00dfe beim Zentrum Oberwiehre (ZO) haben sich die Saatkr\u00e4hen in den letzten Monaten gut 28 neue Nester gebaut und br\u00fcten dort. Meist halten sie sich in der N\u00e4he von Spielpl\u00e4tzen, Kinderg\u00e4rten und Schulh\u00f6fen auf, der Nahrung wegen, was ein hygienisches Problem durch die Exkremente f\u00fcr die Kinder darstellt. In Littenweiler werde ich seit Jahren durch den L\u00e4rm der<a title=\"Tiere\" href=\"https:\/\/www.freiburg-schwarzwald.de\/blog\/natur\/tiere\/\"> Rabenkr\u00e4hen <\/a>gest\u00f6rt, durch ihre Revierk\u00e4mpfe und ihre Unterhaltung von Hausdach zum n\u00e4chsten Kamin, zum n\u00e4chsten hohen Baum \u2013 den ganzen Tag! Es gibt Zeiten, da l\u00e4rmen die Kr\u00e4hen im Minutentakt, morgens ab halb f\u00fcnf und bis um 23 Uhr. L\u00e4rm macht Menschen krank und mindert die Lebensqualit\u00e4t erheblich! <!--more-->Nachts sind in einem reinen Wohngebiet nicht mehr als 35 dB(A) erlaubt, eine Kr\u00e4hen-Kolonie kommt locker auf mehr als 60 dB. Muss nicht der Schutz f\u00fcr Menschen vor dem Naturschutz gehen ? W\u00e4ren es nicht intelligente Kr\u00e4hen, w\u00fcrde jeder nach der Polizei rufen. Nur die Saatkr\u00e4hen stehen unter verst\u00e4rktem Schutz, nicht so die Rabenkr\u00e4hen. Das Verhalten der Kr\u00e4hen hat sich ver\u00e4ndert, sie ziehen in die St\u00e4dte und ern\u00e4hren sich von unseren Abf\u00e4llen. Der Bestand hat sich mehr als erholt und macht bundesweit Probleme.<br \/>\nBarbara Epplen-Weigel, Freiburg, 30.5.2012<\/p>\n","protected":false},"excerpt":{"rendered":"<p>Die L\u00e4rmbel\u00e4stigung durch Kr\u00e4hen, laut letzter NABU-Z\u00e4hlung die zweith\u00e4ufigste Vogelart in der Stadt, ist nicht nur ein Problem am Drachenweg. An der Schwarzwaldstra\u00dfe beim Zentrum Oberwiehre (ZO) haben sich die Saatkr\u00e4hen in den letzten Monaten gut 28 neue Nester gebaut &hellip; <a href=\"https:\/\/www.freiburg-schwarzwald.de\/blog\/krahen-larmen-schutz-der-menschen-vor-naturschutz\/\">Weiterlesen <span class=\"meta-nav\">&rarr;<\/span><\/a><\/p>\n","protected":false},"author":2,"featured_media":0,"comment_status":"open","ping_status":"closed","sticky":false,"template":"","format":"standard","meta":{"footnotes":""},"categories":[220],"tags":[221,156],"class_list":["post-4158","post","type-post","status-publish","format-standard","hentry","category-vogel","tag-kraehen","tag-larm"],"_links":{"self":[{"href":"https:\/\/www.freiburg-schwarzwald.de\/blog\/wp-json\/wp\/v2\/posts\/4158","targetHints":{"allow":["GET"]}}],"collection":[{"href":"https:\/\/www.freiburg-schwarzwald.de\/blog\/wp-json\/wp\/v2\/posts"}],"about":[{"href":"https:\/\/www.freiburg-schwarzwald.de\/blog\/wp-json\/wp\/v2\/types\/post"}],"author":[{"embeddable":true,"href":"https:\/\/www.freiburg-schwarzwald.de\/blog\/wp-json\/wp\/v2\/users\/2"}],"replies":[{"embeddable":true,"href":"https:\/\/www.freiburg-schwarzwald.de\/blog\/wp-json\/wp\/v2\/comments?post=4158"}],"version-history":[{"count":0,"href":"https:\/\/www.freiburg-schwarzwald.de\/blog\/wp-json\/wp\/v2\/posts\/4158\/revisions"}],"wp:attachment":[{"href":"https:\/\/www.freiburg-schwarzwald.de\/blog\/wp-json\/wp\/v2\/media?parent=4158"}],"wp:term":[{"taxonomy":"category","embeddable":true,"href":"https:\/\/www.freiburg-schwarzwald.de\/blog\/wp-json\/wp\/v2\/categories?post=4158"},{"taxonomy":"post_tag","embeddable":true,"href":"https:\/\/www.freiburg-schwarzwald.de\/blog\/wp-json\/wp\/v2\/tags?post=4158"}],"curies":[{"name":"wp","href":"https:\/\/api.w.org\/{rel}","templated":true}]}}