{"id":41485,"date":"2013-11-30T10:16:19","date_gmt":"2013-11-30T09:16:19","guid":{"rendered":"https:\/\/www.freiburg-schwarzwald.de\/blog\/?p=41485"},"modified":"2013-11-30T10:16:19","modified_gmt":"2013-11-30T09:16:19","slug":"martinsumzug-umbenennen","status":"publish","type":"post","link":"https:\/\/www.freiburg-schwarzwald.de\/blog\/martinsumzug-umbenennen\/","title":{"rendered":"Martinsumzug umbenennen"},"content":{"rendered":"<div>Der Weihnachtsengel hie\u00df in der DDR ideologisch korrekt\u00a0&#8222;Gefl\u00fcgelte Jahresendzeitfigur&#8220;, denn <a title=\"Religion\" href=\"https:\/\/www.freiburg-schwarzwald.de\/blog\/religion\/\">Religion<\/a> war verp\u00f6nt. Nun forderte die\u00a0Linkspartei\u00a0in NRW\u00a0am 2.11.2013 eine Umbenennung des Sankt-Martins-Umzuges etwa in &#8222;Sonne, Mond und Sterne-Umzug&#8220;, da dieser Brauch\u00a0den <a title=\"Islam\" href=\"https:\/\/www.freiburg-schwarzwald.de\/blog\/religion\/islam\/\">Muslimen<\/a> christliche <a title=\"Brauchtum\" href=\"https:\/\/www.freiburg-schwarzwald.de\/blog\/regio\/heimat\/brauchtum\/\">Traditionen<\/a> aufdr\u00e4nge. Und in Berlin-Kreuzberg wurde der <a title=\"Weihnachtsmarkt\" href=\"https:\/\/www.freiburg-schwarzwald.de\/blog\/business\/markt\/weihnachtsmarkt\/\">Weihnachtsmarkt<\/a> bereits 2012 in Wintermarkt umbenannt. <!--more-->Zudem darf die Bezirksmedaille f\u00fcr <a title=\"Ehrenamt\" href=\"https:\/\/www.freiburg-schwarzwald.de\/blog\/engagement\/ehrenamt\/\">Ehrenamtliche<\/a> nicht mehr f\u00fcr religi\u00f6ses Engagement vergeben werden, da &#8222;Religion&#8220; aus dem\u00a0 Engagement-Kanon &#8222;Jugend und Familie, Kultur, Soziales, Sport, Umwelt, Entwicklung, Innovation, Wirtschaft und ein friedliches Miteinander\u201c gestrichen worden ist. Festen, die im \u00f6ffentlichen Raum stattfinden, seien keine religi\u00f6se Namen mehr zu geben. Als modern und fortschrittlich werden\u00a0Veranstalter hochgelobt, die\u00a0auf religi\u00f6se Bezeichnungen verzichten, um damit zu signalisieren, dass das Fest f\u00fcr B\u00fcrger jeden Glaubens und auch solche ohne Glauben offenstehe.<br \/>\nRobert Zollitsch h\u00e4lt nichts davon, aus R\u00fccksichtnahme auf Muslime und Nichtgl\u00e4ubige auf die christliche Pr\u00e4gung traditioneller Feste zu verzichten. Es habe wenig Sinn, &#8222;im Zuge falschverstandener Toleranz aus dem St.-Martins-Umzug ein Laternenfest zu machen oder den heiligen Bischof Nikolaus durch den amerikanischen Weihnachtsmann zu ersetzen&#8220;, sagte der Freiburger Erzbischof laut Mitteilung am Sonntag\u00a0 24.11.2013 im dortigen M\u00fcnster. Werte wie Solidarit\u00e4t und N\u00e4chstenliebe, Gerechtigkeit und Einsatz f\u00fcr Schw\u00e4chere seien das Fundament unserer freiheitlichen Gesellschaft, erkl\u00e4rte Zollitsch. Es habe unsere Mentalit\u00e4t tief gepr\u00e4gt, &#8222;dass wir von klein auf mit Menschen vertraut gemacht werden wie Sankt Martin, der den Mantel mit dem Bettler teilt, oder dem heiligen Bischof Nikolaus, der den Armen bringt, was sie brauchen&#8220;.<br \/>\n\u00a0\u00a0<br \/>\n\u00a0\u00a0<\/div>\n<div><strong>Fragen?<\/strong><br \/>\nWarum opponiert die Linke gerade gegen St.Martin als den vielleicht sozialistischsten aller Heiligen?<\/div>\n<div>\n<div>Wenn religi\u00f6se Feste als interkulturell diskriminierend angesehen werden, dann sollte man ganz einfach alle religi\u00f6sen Kitas und Kinderg\u00e4rten abschaffen?<br \/>\nWird hier staatliche Neutralit\u00e4t gegen\u00fcber Religion und Kirche als &#8222;Freiheit von der Religion&#8220; uminterpretiert bzw. missverstanden?<\/div>\n<\/div>\n<div>Luther ist am 10. November, also am Martinsabend, geboren und hat den Heiligen Martin sofort zum Namenspatron bekommen. Deshalb wurde in Erfurt aus dem Martinsbr\u00f6tchen ein Lutherbr\u00f6tchen. OK so?<br \/>\n\u00a0\u00a0\u00a0\u00a0<br \/>\n<strong>Laterne und Moderne<br \/>\n<\/strong>&#8230;\u00a0wo soll das hinf\u00fchren? Ostern w\u00fcrde zum Hasenfest, an Weihnachten k\u00e4me blo\u00df der Weihnachtsmann, und von Nikolaus blieben nur noch die Stiefel \u00fcbrig. Den fr\u00f6hlichen Rheinl\u00e4ndern vollends die Schuhe ausziehen d\u00fcrfte jedoch weiterhin ein s\u00e4kularisiertes St.Martins-Fest. Denn mit Martini, dem 11. November, beginnt noch ein weiteres Fest katholischer Tradition: der Karneval&#8230;&#8230;<br \/>\nAlles zu &#8222;Laterne und Moderne&#8220; vom 6.11.2013 bitte lesen auf<br \/>\n<a href=\"https:\/\/www.badische-zeitung.de\/kommentare-1\/linken-politiker-will-das-aus-fuers-st-martin-fest-in-kitas--76881801.html\">https:\/\/www.badische-zeitung.de\/kommentare-1\/linken-politiker-will-das-aus-fuers-st-martin-fest-in-kitas&#8211;76881801.html<\/a><span style=\"font-family: Arial; font-size: x-small;\">\u00a0<\/span><\/div>\n<div>\u00a0\u00a0\u00a0\u00a0<\/div>\n<div><strong>Der Reiche gibt dem Armen &#8211; auch bei Allah<\/strong><br \/>\nZu den W\u00fcnschen von Herrn Sagel kann ich Ihnen eine kleine Geschichte erz\u00e4hlen: Zu Grundschulzeiten meines Sohnes \u00fcbte die Klasse ein Adventsspiel ein. Der Nikolaus wurde von Selcuk, einem t\u00fcrkischen Jungen, gespielt. Als ich die Eltern darauf ansprach, bekam ich zur Antwort: &#8222;Warum denn nicht, unser Sohn soll auch andere Religionen und die damit verbundenen Traditionen kennenlernen, nur so kann Akzeptanz und ein Miteinander entstehen.&#8220; Ich traue muslimischen Eltern durchaus zu, dass sie ihren Kindern erkl\u00e4ren k\u00f6nnen, was es mit dem St. Martin auf sich hat. Und vertritt nicht Allah genau wie Jesus die These, dass der Reiche oder der, der mehr hat, dem Armen etwas abgibt? Hat ein Landessprecher der NRW-Linken nichts Besseres zu tun, als solche Ideen zu haben?<br \/>\n27.11.2013, B\u00e4rbel Wei\u00df, Schopfheim<\/div>\n<div>\u00a0<\/div>\n","protected":false},"excerpt":{"rendered":"<p>Der Weihnachtsengel hie\u00df in der DDR ideologisch korrekt\u00a0&#8222;Gefl\u00fcgelte Jahresendzeitfigur&#8220;, denn Religion war verp\u00f6nt. Nun forderte die\u00a0Linkspartei\u00a0in NRW\u00a0am 2.11.2013 eine Umbenennung des Sankt-Martins-Umzuges etwa in &#8222;Sonne, Mond und Sterne-Umzug&#8220;, da dieser Brauch\u00a0den Muslimen christliche Traditionen aufdr\u00e4nge. Und in Berlin-Kreuzberg wurde der &hellip; <a href=\"https:\/\/www.freiburg-schwarzwald.de\/blog\/martinsumzug-umbenennen\/\">Weiterlesen <span class=\"meta-nav\">&rarr;<\/span><\/a><\/p>\n","protected":false},"author":4,"featured_media":0,"comment_status":"open","ping_status":"closed","sticky":false,"template":"","format":"standard","meta":{"footnotes":""},"categories":[19],"tags":[511,248,421],"class_list":["post-41485","post","type-post","status-publish","format-standard","hentry","category-religion","tag-brauchtum","tag-feste","tag-islam"],"_links":{"self":[{"href":"https:\/\/www.freiburg-schwarzwald.de\/blog\/wp-json\/wp\/v2\/posts\/41485","targetHints":{"allow":["GET"]}}],"collection":[{"href":"https:\/\/www.freiburg-schwarzwald.de\/blog\/wp-json\/wp\/v2\/posts"}],"about":[{"href":"https:\/\/www.freiburg-schwarzwald.de\/blog\/wp-json\/wp\/v2\/types\/post"}],"author":[{"embeddable":true,"href":"https:\/\/www.freiburg-schwarzwald.de\/blog\/wp-json\/wp\/v2\/users\/4"}],"replies":[{"embeddable":true,"href":"https:\/\/www.freiburg-schwarzwald.de\/blog\/wp-json\/wp\/v2\/comments?post=41485"}],"version-history":[{"count":0,"href":"https:\/\/www.freiburg-schwarzwald.de\/blog\/wp-json\/wp\/v2\/posts\/41485\/revisions"}],"wp:attachment":[{"href":"https:\/\/www.freiburg-schwarzwald.de\/blog\/wp-json\/wp\/v2\/media?parent=41485"}],"wp:term":[{"taxonomy":"category","embeddable":true,"href":"https:\/\/www.freiburg-schwarzwald.de\/blog\/wp-json\/wp\/v2\/categories?post=41485"},{"taxonomy":"post_tag","embeddable":true,"href":"https:\/\/www.freiburg-schwarzwald.de\/blog\/wp-json\/wp\/v2\/tags?post=41485"}],"curies":[{"name":"wp","href":"https:\/\/api.w.org\/{rel}","templated":true}]}}