{"id":4138,"date":"2012-05-30T17:30:02","date_gmt":"2012-05-30T17:30:02","guid":{"rendered":"https:\/\/www.freiburg-schwarzwald.de\/blog\/?p=4138"},"modified":"2012-05-30T17:30:02","modified_gmt":"2012-05-30T17:30:02","slug":"neue-radfahrer-kampagne-rucksicht-waren-kontrollen-nicht-besser","status":"publish","type":"post","link":"https:\/\/www.freiburg-schwarzwald.de\/blog\/neue-radfahrer-kampagne-rucksicht-waren-kontrollen-nicht-besser\/","title":{"rendered":"Neue Radfahrer-Kampagne R\u00fccksicht &#8211; w\u00e4ren Kontrollen nicht besser?"},"content":{"rendered":"<p>&#8222;Wir haben zwei Wege: Repression, also Strafen, oder Pr\u00e4vention. Uns ist es lieber, Einsicht bei den Radfahrern zu wecken&#8220;, so Polizeisprecher Karl-Heinz Schmid. Wie sehr dies misslingen kann, zeigt seit Jahren ein anderes Beispiel. Die sogenannte &#8222;S\u00e4ule der Toleranz&#8220; am <a title=\"Augustinerplatz-Anwohner verurteilt, Ruhestoerer nicht\" href=\"https:\/\/www.freiburg-schwarzwald.de\/blog\/2012\/04\/20\/augustinerplatz-anwohner-verurteilt-ruhestoerer-nicht\/\">Augustinerplatz<\/a> sollte die dort Feiernden animieren, leiser zu sein. Das Ergebnis ist bekannt: Auch am Wochenende tummelten sich auf Freiburgs sch\u00f6nstem <a title=\"Oeffentlicher-Raum\" href=\"https:\/\/www.freiburg-schwarzwald.de\/blog\/kultur\/oeffentlicher-raum\/\">Platz<\/a> bis weit nach 23 Uhr lautstark die Massen. \u00dcbrigens: Viele von ihnen kamen mit dem Rad dorthin.<br \/>\nAlles von Matthias Eisele vom 30.5.2012 bitte lesen auf <a href=\"https:\/\/www.freiburger-wochenbericht.de\">www.freiburger-wochenbericht.de<\/a><br \/>\n<em>Die Radler-Kampagne &#8222;R\u00fccksicht&#8220; ist auf 2 Jahre angelegt und kostet 750000 Euro. In Freiburg waren 2011 an 607 Unf\u00e4llen Radfahrer beteiligt mit 2 Toten, 83 Schwer- und 461 Leichtverletzten. Hauptursachen schnelles Fahren, Geisterradler und Trunkenheit.<\/em><\/p>\n","protected":false},"excerpt":{"rendered":"<p>&#8222;Wir haben zwei Wege: Repression, also Strafen, oder Pr\u00e4vention. Uns ist es lieber, Einsicht bei den Radfahrern zu wecken&#8220;, so Polizeisprecher Karl-Heinz Schmid. Wie sehr dies misslingen kann, zeigt seit Jahren ein anderes Beispiel. Die sogenannte &#8222;S\u00e4ule der Toleranz&#8220; am &hellip; <a href=\"https:\/\/www.freiburg-schwarzwald.de\/blog\/neue-radfahrer-kampagne-rucksicht-waren-kontrollen-nicht-besser\/\">Weiterlesen <span class=\"meta-nav\">&rarr;<\/span><\/a><\/p>\n","protected":false},"author":2,"featured_media":0,"comment_status":"open","ping_status":"closed","sticky":false,"template":"","format":"standard","meta":{"footnotes":""},"categories":[121],"tags":[156],"class_list":["post-4138","post","type-post","status-publish","format-standard","hentry","category-fahrradwege","tag-larm"],"_links":{"self":[{"href":"https:\/\/www.freiburg-schwarzwald.de\/blog\/wp-json\/wp\/v2\/posts\/4138","targetHints":{"allow":["GET"]}}],"collection":[{"href":"https:\/\/www.freiburg-schwarzwald.de\/blog\/wp-json\/wp\/v2\/posts"}],"about":[{"href":"https:\/\/www.freiburg-schwarzwald.de\/blog\/wp-json\/wp\/v2\/types\/post"}],"author":[{"embeddable":true,"href":"https:\/\/www.freiburg-schwarzwald.de\/blog\/wp-json\/wp\/v2\/users\/2"}],"replies":[{"embeddable":true,"href":"https:\/\/www.freiburg-schwarzwald.de\/blog\/wp-json\/wp\/v2\/comments?post=4138"}],"version-history":[{"count":0,"href":"https:\/\/www.freiburg-schwarzwald.de\/blog\/wp-json\/wp\/v2\/posts\/4138\/revisions"}],"wp:attachment":[{"href":"https:\/\/www.freiburg-schwarzwald.de\/blog\/wp-json\/wp\/v2\/media?parent=4138"}],"wp:term":[{"taxonomy":"category","embeddable":true,"href":"https:\/\/www.freiburg-schwarzwald.de\/blog\/wp-json\/wp\/v2\/categories?post=4138"},{"taxonomy":"post_tag","embeddable":true,"href":"https:\/\/www.freiburg-schwarzwald.de\/blog\/wp-json\/wp\/v2\/tags?post=4138"}],"curies":[{"name":"wp","href":"https:\/\/api.w.org\/{rel}","templated":true}]}}