{"id":4135,"date":"2012-05-05T07:02:57","date_gmt":"2012-05-05T07:02:57","guid":{"rendered":"https:\/\/www.freiburg-schwarzwald.de\/blog\/?p=4135"},"modified":"2012-05-30T07:06:17","modified_gmt":"2012-05-30T07:06:17","slug":"nun-klagen-die-im-grun-und-sedanquartier-verdrangten-verdranger","status":"publish","type":"post","link":"https:\/\/www.freiburg-schwarzwald.de\/blog\/nun-klagen-die-im-grun-und-sedanquartier-verdrangten-verdranger\/","title":{"rendered":"Nun klagen die im Gr\u00fcn und Sedanquartier verdr\u00e4ngten Verdr\u00e4nger"},"content":{"rendered":"<p>&#8222;Verdr\u00e4ngt&#8220; wurden die einfachen Bewohner des <a title=\"sedanquartier\" href=\"https:\/\/www.freiburg-schwarzwald.de\/blog\/regio\/freiburg\/sedanquartier\/\">Viertels<\/a> in den 80ern durch eben den Personenkreis, der jetzt jammert, er sei verdr\u00e4ngt worden! Studenten, insbesondere die Hausbesetzerszene, hat das Viertel zu dem heruntergewirtschaftet, was es vor der Sanierung war. Ein Trauerspiel, was aus den sch\u00f6nen alten H\u00e4usern dort geworden war&#8230; Durch Graffitis, n\u00e4chtliche &#8222;Parties&#8220;, Hausbesetzungen u.v.m. wurden die urspr\u00fcnglichen Bewohner systematisch m\u00fcrbe gemacht und verdr\u00e4ngt. Und jetzt jammert diese Klientel, man w\u00fcrde ihr \u00fcbel zusetzen und &#8222;ihr&#8220; Viertel wegnehmen &#8211; einfach nur l\u00e4cherlich.<br \/>\n5.5.2012, Ralf Rosen<\/p>\n","protected":false},"excerpt":{"rendered":"<p>&#8222;Verdr\u00e4ngt&#8220; wurden die einfachen Bewohner des Viertels in den 80ern durch eben den Personenkreis, der jetzt jammert, er sei verdr\u00e4ngt worden! Studenten, insbesondere die Hausbesetzerszene, hat das Viertel zu dem heruntergewirtschaftet, was es vor der Sanierung war. Ein Trauerspiel, was &hellip; <a href=\"https:\/\/www.freiburg-schwarzwald.de\/blog\/nun-klagen-die-im-grun-und-sedanquartier-verdrangten-verdranger\/\">Weiterlesen <span class=\"meta-nav\">&rarr;<\/span><\/a><\/p>\n","protected":false},"author":2,"featured_media":0,"comment_status":"open","ping_status":"closed","sticky":false,"template":"","format":"standard","meta":{"footnotes":""},"categories":[49,157],"tags":[218],"class_list":["post-4135","post","type-post","status-publish","format-standard","hentry","category-freiburg","category-oeffentlicher-raum","tag-party"],"_links":{"self":[{"href":"https:\/\/www.freiburg-schwarzwald.de\/blog\/wp-json\/wp\/v2\/posts\/4135","targetHints":{"allow":["GET"]}}],"collection":[{"href":"https:\/\/www.freiburg-schwarzwald.de\/blog\/wp-json\/wp\/v2\/posts"}],"about":[{"href":"https:\/\/www.freiburg-schwarzwald.de\/blog\/wp-json\/wp\/v2\/types\/post"}],"author":[{"embeddable":true,"href":"https:\/\/www.freiburg-schwarzwald.de\/blog\/wp-json\/wp\/v2\/users\/2"}],"replies":[{"embeddable":true,"href":"https:\/\/www.freiburg-schwarzwald.de\/blog\/wp-json\/wp\/v2\/comments?post=4135"}],"version-history":[{"count":0,"href":"https:\/\/www.freiburg-schwarzwald.de\/blog\/wp-json\/wp\/v2\/posts\/4135\/revisions"}],"wp:attachment":[{"href":"https:\/\/www.freiburg-schwarzwald.de\/blog\/wp-json\/wp\/v2\/media?parent=4135"}],"wp:term":[{"taxonomy":"category","embeddable":true,"href":"https:\/\/www.freiburg-schwarzwald.de\/blog\/wp-json\/wp\/v2\/categories?post=4135"},{"taxonomy":"post_tag","embeddable":true,"href":"https:\/\/www.freiburg-schwarzwald.de\/blog\/wp-json\/wp\/v2\/tags?post=4135"}],"curies":[{"name":"wp","href":"https:\/\/api.w.org\/{rel}","templated":true}]}}