{"id":41270,"date":"2013-11-27T12:34:24","date_gmt":"2013-11-27T11:34:24","guid":{"rendered":"https:\/\/www.freiburg-schwarzwald.de\/blog\/?p=41270"},"modified":"2013-11-27T12:34:24","modified_gmt":"2013-11-27T11:34:24","slug":"weg-gebaeudesanierung-null","status":"publish","type":"post","link":"https:\/\/www.freiburg-schwarzwald.de\/blog\/weg-gebaeudesanierung-null\/","title":{"rendered":"WEG-Gebaeudesanierung null %"},"content":{"rendered":"<p>Wohnungseigent\u00fcmergemeinschaften (<a title=\"Immobilien\" href=\"https:\/\/www.freiburg-schwarzwald.de\/blog\/business\/dienste\/immobilien\/\">WEG<\/a>) als \u201eschlafende Riesen\u201c bei der <a title=\"Energie\" href=\"https:\/\/www.freiburg-schwarzwald.de\/blog\/energie\/\">energetischen<\/a> Geb\u00e4udesanierung bergen ein riesiges <a title=\"Energiesparen\" href=\"https:\/\/www.freiburg-schwarzwald.de\/blog\/energie\/energiesparen\/\">Einsparpotenzial<\/a>, das schwieriger zu\u00a0 erschlie\u00dfen ist als bei Sanierungen von Geb\u00e4uden im Einzelbesitz. Baden-W\u00fcrttemberg will diesen Riesen\u00a0\u201ewecken\u201c &#8211; mit\u00a0einem F\u00f6rderprogramm der landeseigenen L-Bank mit einem nicht mehr zu unterbietenden Zinssatz von \u201e0,0 Prozent\u201c. <!--more-->Notwendig war dazu die Einf\u00fchrung sogenannter Verbandskredite f\u00fcr WEG die unterf\u00fcttert werden mit einer Landesb\u00fcrgschaft.\u00a0Damit werden die Angebote der bundeseigenen F\u00f6rderbank KfW f\u00fcr die WEGs zug\u00e4nglich gemacht und mit einer Zufinanzierung durch das Land abgesenkt auf einen attraktiven Null-Prozent-Effektivzinssatz<\/p>\n<p>Dies hat die Energieagentur Regio Freiburg gemeinsam mit anderen Energieagenturen und Unternehmen der Bauwirtschaft zum Anlass f\u00fcr eine Kampagne genommen. Sie startete eine Veranstaltungsreihe, die speziell<br \/>\nzugeschnitten ist auf die Informationsbed\u00fcrfnisse von Verwaltungsbeir\u00e4ten, Hausverwaltern und Mitgliedern von Wohnungseigent\u00fcmergemeinschaften. Inhaltlich ging es dabei nicht nur um technische und finanzielle<br \/>\nThemen, sondern auch um die bei WEGs hoch anspruchsvollen organisatorischen und rechtlichen Aspekte. Dieser Ansatz funktionierte gut, die Termine im Herbst 2013 fanden viele Zuh\u00f6rer: In Freiburg kamen am 12.10. rund 250, in Stuttgart am 20.10. circa 280 und am 9.11. in Heidelberg gut 100 Teilnehmern. Der gute<br \/>\nZuspruch lag zum einen daran, dass die Informationen von einem fachkundigen-neutralen Absender kamen und zum zweiten, dass zahlreiche prominente Redner f\u00fcr die energetische Sanierung sprachen: Der Journalist Dr.<br \/>\nFranz Alt, die Fraktionsvorsitzende der Gr\u00fcnen Landtagsfraktion in Baden-W\u00fcrttemberg, Edith Sitzmann, der ehemalige Pr\u00e4sident des Wuppertal Instituts Prof. Dr. Peter Hennicke, Landesumweltminister Franz<br \/>\nUntersteller und Ministerialrat Dr. Eckart Meyberg<br \/>\nRainer Sch\u00fcle, Chef der Energie-Agentur Regio Freiburg, verdeutlichte die Bedeutung der WEGs f\u00fcr den Klimaschutz: \u201eEs gibt rund 1,4 Millionen Eigentumswohnungen in Baden-W\u00fcrttemberg, das ist etwa ein F\u00fcnftel des<br \/>\ngesamten Wohnungsbestandes. In St\u00e4dten und Ballungszentren liegt ihr Anteil oft bei weit \u00fcber 25 Prozent. Mit dem F\u00f6rderprogramm hat das Land nun Top-Rahmenbedingungen f\u00fcr die Wohnungseigent\u00fcmergemeinschaften<br \/>\ngeschaffen. Mit unseren Aktionen und WEG-Foren m\u00f6chten wir dazu beitragen, dass diese Programme in dieser hochinteressanten Zielgruppe bekannt werden und von den Wohnungseigent\u00fcmergemeinschaften intensiv genutzt<br \/>\nwerden.&#8220; Sch\u00fcle plant mit seinem Team bereits die Verbreiterung und Fortsetzung der Kampagne im Jahr 2014.<\/p>\n<p>Die Initiative zur Baden-W\u00fcrttembergischen Regelung ging ma\u00dfgeblich von Freiburg aus. Besonders Frank Spittler, Gesch\u00e4ftsf\u00fchrer der Gisinger Hausverwaltung GmbH, trug mit vielen Vorschl\u00e4gen dazu bei, die<br \/>\nteilweise formalen und b\u00fcrokratischen Hindernisse auf dem Weg zu einer praktikablen Regelung f\u00fcr WEG aus dem Weg zu r\u00e4umen. Entscheidend f\u00fcr die Umsetzung war auch das Engagement von Ministerialrat Dr. Eckart<br \/>\nMeyberg, Leiter des Referats Wohnungswesen im Wirtschaftsministerium Baden-W\u00fcrttemberg, der sich in seinem Ressort kontinuierlich f\u00fcr die Belange der Wohnungseigent\u00fcmergemeinschaften einsetzte.<br \/>\nDie Foren waren als ganzt\u00e4gige Vortrags-Reihe angelegt, organisiert von der Energieagentur Regio Freiburg mit den Energie- und Klimaschutzagenturen vor Ort. Die Firmen Gutex, C. Haushahn, Hilzinger Fenster +<br \/>\nT\u00fcren, Sto und Techem Energy Services unterst\u00fctzten die gesamte Serie, zahlreiche weitere Firmen und Partnern beteiligten sich an einzelnen Terminen. Der erste Termin 2014 steht bereits fest: 11. Oktober,<br \/>\nFreiburg.<br \/>\n27.11.2013, <a href=\"https:\/\/www.energieagentur-freiburg.de\">www.energieagentur-freiburg.de<\/a><\/p>\n","protected":false},"excerpt":{"rendered":"<p>Wohnungseigent\u00fcmergemeinschaften (WEG) als \u201eschlafende Riesen\u201c bei der energetischen Geb\u00e4udesanierung bergen ein riesiges Einsparpotenzial, das schwieriger zu\u00a0 erschlie\u00dfen ist als bei Sanierungen von Geb\u00e4uden im Einzelbesitz. Baden-W\u00fcrttemberg will diesen Riesen\u00a0\u201ewecken\u201c &#8211; mit\u00a0einem F\u00f6rderprogramm der landeseigenen L-Bank mit einem nicht mehr zu &hellip; <a href=\"https:\/\/www.freiburg-schwarzwald.de\/blog\/weg-gebaeudesanierung-null\/\">Weiterlesen <span class=\"meta-nav\">&rarr;<\/span><\/a><\/p>\n","protected":false},"author":4,"featured_media":0,"comment_status":"open","ping_status":"closed","sticky":false,"template":"","format":"standard","meta":{"footnotes":""},"categories":[5,90],"tags":[239],"class_list":["post-41270","post","type-post","status-publish","format-standard","hentry","category-energie","category-immobilien","tag-energiesparen"],"_links":{"self":[{"href":"https:\/\/www.freiburg-schwarzwald.de\/blog\/wp-json\/wp\/v2\/posts\/41270","targetHints":{"allow":["GET"]}}],"collection":[{"href":"https:\/\/www.freiburg-schwarzwald.de\/blog\/wp-json\/wp\/v2\/posts"}],"about":[{"href":"https:\/\/www.freiburg-schwarzwald.de\/blog\/wp-json\/wp\/v2\/types\/post"}],"author":[{"embeddable":true,"href":"https:\/\/www.freiburg-schwarzwald.de\/blog\/wp-json\/wp\/v2\/users\/4"}],"replies":[{"embeddable":true,"href":"https:\/\/www.freiburg-schwarzwald.de\/blog\/wp-json\/wp\/v2\/comments?post=41270"}],"version-history":[{"count":0,"href":"https:\/\/www.freiburg-schwarzwald.de\/blog\/wp-json\/wp\/v2\/posts\/41270\/revisions"}],"wp:attachment":[{"href":"https:\/\/www.freiburg-schwarzwald.de\/blog\/wp-json\/wp\/v2\/media?parent=41270"}],"wp:term":[{"taxonomy":"category","embeddable":true,"href":"https:\/\/www.freiburg-schwarzwald.de\/blog\/wp-json\/wp\/v2\/categories?post=41270"},{"taxonomy":"post_tag","embeddable":true,"href":"https:\/\/www.freiburg-schwarzwald.de\/blog\/wp-json\/wp\/v2\/tags?post=41270"}],"curies":[{"name":"wp","href":"https:\/\/api.w.org\/{rel}","templated":true}]}}