{"id":40984,"date":"2013-11-20T21:03:59","date_gmt":"2013-11-20T20:03:59","guid":{"rendered":"https:\/\/www.freiburg-schwarzwald.de\/blog\/?p=40984"},"modified":"2013-11-20T21:07:11","modified_gmt":"2013-11-20T20:07:11","slug":"alltagsbegleiter-qualifizierung","status":"publish","type":"post","link":"https:\/\/www.freiburg-schwarzwald.de\/blog\/alltagsbegleiter-qualifizierung\/","title":{"rendered":"Alltagsbegleiter &#8211; Qualifizierung"},"content":{"rendered":"<p>Am 16.11.2013 beendeten achtzehn B\u00fcrgerInnen aus dem Dreisamtal erfolgreich ihren Qualifizierungskurs zum Alltagsbegleiter, der von <a title=\"Miteinander-Stegen\" href=\"https:\/\/www.freiburg-schwarzwald.de\/blog\/vereine\/hilfe\/miteinander-stegen\/\">Miteinander Stegen e.V.<\/a> in Kooperation mit dem Freiburger WOGE e.V. durchgef\u00fchrt wurde. Geleitet wurde er von den beiden Dozentinnen Martina Feulner (Diplom-Oecotrophologin) und Regina Kraus (Erwachsenenbildnerin). <!--more-->Die Teilnehmer besch\u00e4ftigten sich w\u00e4hrend dieser Weiterbildung mit Themen wie \u201e\u00c4lterwerden und die damit verbundenen Ver\u00e4nderungen\u201c, \u201eUnterst\u00fctzung im Haushalt\u201c, \u201eErn\u00e4hrung und Mahlzeitengestaltung im Alter\u201c und \u201eBewegung und Beweglichkeit erhalten und f\u00f6rdern\u201c. Ein zentrales Thema war der Umgang mit an Demenz erkrankten Menschen: Wie erkennt man deren Grundbed\u00fcrfnisse und wie gestaltet man Begegnung und Kommunikation mit ihnen. Ein weiterer Bestandteil der Weiterbildung ist ein sechzehnst\u00fcndiger Erste-Hilfe-Kurs, damit die AlltagsbegleiterInnen auch mit Notf\u00e4llen umgehen k\u00f6nnen.<br \/>\nBrigitte Schork, Leiterin des Netzwerkb\u00fcros von Miteinander Stegen e.V., die den Kurs selbst mit absolvierte, freut sich, dass sie nun einen gro\u00dfen Pool AlltagsbegleiterInnen hat, die sie an Personen mit Hilfe- und Unterst\u00fctzungsbedarf vermitteln kann. Der Bedarf daf\u00fcr ist da, und einige der Absolventen sind auch schon vermittelt, so Schork.<\/p>\n<p>\u00a0<a href=\"https:\/\/www.freiburg-schwarzwald.de\/blog\/alltagsbegleiter-qualifizierung\/alltagsbegleiter1311\/\" rel=\"attachment wp-att-40987\"><img loading=\"lazy\" decoding=\"async\" class=\"alignnone size-thumbnail wp-image-40987\" title=\"alltagsbegleiter1311\" src=\"https:\/\/www.freiburg-schwarzwald.de\/blog\/wp-content\/uploads\/2013\/11\/alltagsbegleiter1311-180x120.jpg\" alt=\"\" width=\"180\" height=\"120\" srcset=\"https:\/\/www.freiburg-schwarzwald.de\/blog\/wp-content\/uploads\/2013\/11\/alltagsbegleiter1311-180x120.jpg 180w, https:\/\/www.freiburg-schwarzwald.de\/blog\/wp-content\/uploads\/2013\/11\/alltagsbegleiter1311.jpg 640w\" sizes=\"auto, (max-width: 180px) 100vw, 180px\" \/><\/a><\/p>\n<p>AlltagsbegleiterInnen unterst\u00fctzen und begleiten haupts\u00e4chlich \u00e4ltere Personen bei der Bew\u00e4ltigung ihres Alltag, so dass sie so lange wie m\u00f6glich in ihrer gewohnten Umgebung bleiben k\u00f6nnen. Sie helfen beim Kochen, bei der Haushaltsf\u00fchrung, beim Einkaufen und f\u00f6rdern gleichzeitig die Eigenaktivit\u00e4t. Sie erg\u00e4nzen die Arbeit von eventuell\u00a0 bereits t\u00e4tigen Pflegediensten, \u00fcbernehmen aber selbst keine pflegerischen T\u00e4tigkeiten. Alltagsbegleiter k\u00f6nnen auch zur Entlastung von pflegenden Angeh\u00f6rigen beitragen. So besteht f\u00fcr Angeh\u00f6rige die M\u00f6glichkeit, sich auch mal einen Nachmittag \u201efrei zu nehmen\u201c w\u00e4hrend ein Alltagsbegleiter die Betreuung \u00fcbernimmt. Aufgrund der guten Resonanz und dem steigenden Bedarf wird Miteinander Stegen e.V. im Februar 2014 einen weiteren Qualifizierungskurs zur AlltagsbegleiterIn anbieten.<br \/>\nWer Interesse an dieser Weiterbildung hat oder wer die Hilfe einer AlltagsbegleiterIn in Anspruch nehmen will, kann sich im Netzwerkb\u00fcro von Miteinander Stegen e.V. bei Brigitte Schork melden: Tel. 07661 \u2013 908206.<br \/>\n20.11.2013, Dagmar Engesser, <a href=\"https:\/\/www.dreisamtaeler.de\">www.dreisamtaeler.de<\/a><\/p>\n","protected":false},"excerpt":{"rendered":"<p>Am 16.11.2013 beendeten achtzehn B\u00fcrgerInnen aus dem Dreisamtal erfolgreich ihren Qualifizierungskurs zum Alltagsbegleiter, der von Miteinander Stegen e.V. in Kooperation mit dem Freiburger WOGE e.V. durchgef\u00fchrt wurde. Geleitet wurde er von den beiden Dozentinnen Martina Feulner (Diplom-Oecotrophologin) und Regina Kraus &hellip; <a href=\"https:\/\/www.freiburg-schwarzwald.de\/blog\/alltagsbegleiter-qualifizierung\/\">Weiterlesen <span class=\"meta-nav\">&rarr;<\/span><\/a><\/p>\n","protected":false},"author":4,"featured_media":0,"comment_status":"open","ping_status":"closed","sticky":false,"template":"","format":"standard","meta":{"footnotes":""},"categories":[102],"tags":[190],"class_list":["post-40984","post","type-post","status-publish","format-standard","hentry","category-senioren","tag-alter"],"_links":{"self":[{"href":"https:\/\/www.freiburg-schwarzwald.de\/blog\/wp-json\/wp\/v2\/posts\/40984","targetHints":{"allow":["GET"]}}],"collection":[{"href":"https:\/\/www.freiburg-schwarzwald.de\/blog\/wp-json\/wp\/v2\/posts"}],"about":[{"href":"https:\/\/www.freiburg-schwarzwald.de\/blog\/wp-json\/wp\/v2\/types\/post"}],"author":[{"embeddable":true,"href":"https:\/\/www.freiburg-schwarzwald.de\/blog\/wp-json\/wp\/v2\/users\/4"}],"replies":[{"embeddable":true,"href":"https:\/\/www.freiburg-schwarzwald.de\/blog\/wp-json\/wp\/v2\/comments?post=40984"}],"version-history":[{"count":0,"href":"https:\/\/www.freiburg-schwarzwald.de\/blog\/wp-json\/wp\/v2\/posts\/40984\/revisions"}],"wp:attachment":[{"href":"https:\/\/www.freiburg-schwarzwald.de\/blog\/wp-json\/wp\/v2\/media?parent=40984"}],"wp:term":[{"taxonomy":"category","embeddable":true,"href":"https:\/\/www.freiburg-schwarzwald.de\/blog\/wp-json\/wp\/v2\/categories?post=40984"},{"taxonomy":"post_tag","embeddable":true,"href":"https:\/\/www.freiburg-schwarzwald.de\/blog\/wp-json\/wp\/v2\/tags?post=40984"}],"curies":[{"name":"wp","href":"https:\/\/api.w.org\/{rel}","templated":true}]}}