{"id":40969,"date":"2013-11-20T18:41:10","date_gmt":"2013-11-20T17:41:10","guid":{"rendered":"https:\/\/www.freiburg-schwarzwald.de\/blog\/?p=40969"},"modified":"2013-11-20T18:44:38","modified_gmt":"2013-11-20T17:44:38","slug":"literaturtage-todtnauberg-2013","status":"publish","type":"post","link":"https:\/\/www.freiburg-schwarzwald.de\/blog\/literaturtage-todtnauberg-2013\/","title":{"rendered":"Literaturtage Todtnauberg 2013"},"content":{"rendered":"<p align=\"left\">\u201e<a title=\"Literatur\" href=\"https:\/\/www.freiburg-schwarzwald.de\/blog\/kultur\/dichter\/literatur\/\">Lesen<\/a> ist spannend!\u201c fasst Herr Hans Gelpcke einer der Mitinitiatoren die 9. Literaturtage in <a title=\"Todtnauberg\" href=\"https:\/\/www.freiburg-schwarzwald.de\/blog\/regio\/orte\/todtnau\/todtnauberg\/\">Todtnauberg<\/a> vom 29.11. \u2013 01.12.2013 zusammen.\u00a0An besonderen Orten verbinden wir die Natur mit <a title=\"Dichter\" href=\"https:\/\/www.freiburg-schwarzwald.de\/blog\/kultur\/dichter\/\">Autoren<\/a> und deren Texten. Nat\u00fcrlich wird dabei gelesen, genauergenommen vorgelesen, meistens sehr unterhaltsam. Zum Beispiel die Lesung auf dem \u201eRadschert\u201c unter freiem Himmel mit Winterlagerfeuer. <!--more-->Dieses Jahr sorgt am Lagerfeuer der Deutsch-Schweizer Herr Matthias Zschokke f\u00fcr Unterhaltung aus seinen Werken. Das ganze Wochenende von Freitag bis Sonntag wird gelesen was das Zeug h\u00e4lt, f\u00fcr Krimiliebhaber am Freitag im Hotel Engel in Todtnauberg um 15:00, f\u00fcr die Erwachsenen ab Freitag 20:30 Uhr mit Judith Kuckart, ihres Zeichens T\u00e4nzerin, Choreographin und Schriftstellering im Kurhaus Todtnauberg, ab 6,- \u20ac pro Lesung. Bis Sonntag um 15:00 Uhr lesen unter anderem die eidgen\u00f6ssische Preistr\u00e4gerin Irena Brezna, Herr Peter Schneider, einer der bekanntesten Schreiber des intellektuellen Deutschlands oder der ehemalige Mitherausgeber der Literaturzeitschrift \u201eKonzepte\u201c.<br \/>\nKinder sind herzlich willkommen! Bei der Kinderlesung am Freitag um 17:00 Uhr im Kurhaus mit Brigitte Sch\u00e4r ist der Eintritt frei. Frau Sch\u00e4r liest f\u00fcr kleine und gro\u00dfe Zuh\u00f6rer aus einem Ihrer vielen Kinderb\u00fccher, wie zum Beispiel \u201eDinosaurier im Mond\u201c.<\/p>\n<p align=\"left\">\u00a0<a href=\"https:\/\/www.freiburg-schwarzwald.de\/blog\/literaturtage-todtnauberg-2013\/todtnauberg-literaturtage2013\/\" rel=\"attachment wp-att-40970\"><img loading=\"lazy\" decoding=\"async\" class=\"alignnone size-thumbnail wp-image-40970\" title=\"todtnauberg-literaturtage2013\" src=\"https:\/\/www.freiburg-schwarzwald.de\/blog\/wp-content\/uploads\/2013\/11\/todtnauberg-literaturtage2013-180x119.jpg\" alt=\"\" width=\"180\" height=\"119\" srcset=\"https:\/\/www.freiburg-schwarzwald.de\/blog\/wp-content\/uploads\/2013\/11\/todtnauberg-literaturtage2013-180x119.jpg 180w, https:\/\/www.freiburg-schwarzwald.de\/blog\/wp-content\/uploads\/2013\/11\/todtnauberg-literaturtage2013.jpg 640w\" sizes=\"auto, (max-width: 180px) 100vw, 180px\" \/><\/a><\/p>\n<p align=\"left\">Panorama, Lagerfeuer, Ausblicke und gute Unterhaltung von und mit dem Autor. Kurzweilig vorgelesen aus den eigenen Werken finden sich pro Lesung zwischen 50 \u2013 300 Zuh\u00f6rer ein. Im Bild am Radschert in Todtnauberg freuen sich 200 Zuh\u00f6rer \u00fcber Natur und Literatur.<br \/>\n20.11.2013, <a href=\"https:\/\/www.dreisamtaeler.de\">www.dreisamtaeler.de<\/a><\/p>\n<p align=\"left\">\u00a0<\/p>\n<p align=\"left\">Karten gibt es an den Vorverkaufsstellen:<br \/>\nHotel Engel, Kurhausstr. 3, 79674 Todtnauberg, Tel. 07671-91190, <a href=\"mailto:hotel-engel-todtnauberg@t-online.de\">hotel-engel-todtnauberg@t-online.de<br \/>\nTouristinformation<\/a> Todtnauberg, Kurhausstr. 18, 79674 Todtnauberg, Tel. 07671-969690, <a href=\"mailto:todtnauberg@bergwelt-suedschwarzwald.de\">todtnauberg@bergwelt-suedschwarzwald.de<br \/>\nTouristinformation<\/a> Todtnau, Meinrad-Thoma-Str. 21, 79674 Todtnau, Tel. 07671-969695, <a href=\"mailto:todtnau@bergwelt-suedschwarzwald.de\">todtnau@bergwelt-suedschwarzwald.de<\/a><\/p>\n<p align=\"left\">Preise: 6,- \u20ac (VVK)\/ 8,- \u20ac Kasse je Lesung<br \/>\nGratis Kinderlesung Fr. 29.11., 17:00 Uhr Kurhaus<br \/>\n8,- \u20ac (VVK)\/10,- \u20ac Abendkasse Sa., 30.11., 20:30 Uhr Peter Schneider &amp; A-Capella-Chor \u201eOhrw\u00fcrmer\u201c, Kurhaus<br \/>\nLesepass f\u00fcr 35,- \u20ac (VVK), 48,- \u20ac Kasse<br \/>\n<a href=\"https:\/\/www.literaturtage-todtnauberg.de\/\">www.literaturtage-todtnauberg.de<\/a>,\u00a0Tel 07671-969690<\/p>\n<p align=\"left\">\u00a0<\/p>\n<p align=\"left\">\u00a0<\/p>\n","protected":false},"excerpt":{"rendered":"<p>\u201eLesen ist spannend!\u201c fasst Herr Hans Gelpcke einer der Mitinitiatoren die 9. Literaturtage in Todtnauberg vom 29.11. \u2013 01.12.2013 zusammen.\u00a0An besonderen Orten verbinden wir die Natur mit Autoren und deren Texten. Nat\u00fcrlich wird dabei gelesen, genauergenommen vorgelesen, meistens sehr unterhaltsam. &hellip; <a href=\"https:\/\/www.freiburg-schwarzwald.de\/blog\/literaturtage-todtnauberg-2013\/\">Weiterlesen <span class=\"meta-nav\">&rarr;<\/span><\/a><\/p>\n","protected":false},"author":4,"featured_media":0,"comment_status":"open","ping_status":"closed","sticky":false,"template":"","format":"standard","meta":{"footnotes":""},"categories":[18,100,96,180,98],"tags":[552,572,722],"class_list":["post-40969","post","type-post","status-publish","format-standard","hentry","category-bildung","category-buch","category-dichter","category-hochschwarzwald","category-literatur","tag-buch-2","tag-dichter-2","tag-literatur"],"_links":{"self":[{"href":"https:\/\/www.freiburg-schwarzwald.de\/blog\/wp-json\/wp\/v2\/posts\/40969","targetHints":{"allow":["GET"]}}],"collection":[{"href":"https:\/\/www.freiburg-schwarzwald.de\/blog\/wp-json\/wp\/v2\/posts"}],"about":[{"href":"https:\/\/www.freiburg-schwarzwald.de\/blog\/wp-json\/wp\/v2\/types\/post"}],"author":[{"embeddable":true,"href":"https:\/\/www.freiburg-schwarzwald.de\/blog\/wp-json\/wp\/v2\/users\/4"}],"replies":[{"embeddable":true,"href":"https:\/\/www.freiburg-schwarzwald.de\/blog\/wp-json\/wp\/v2\/comments?post=40969"}],"version-history":[{"count":0,"href":"https:\/\/www.freiburg-schwarzwald.de\/blog\/wp-json\/wp\/v2\/posts\/40969\/revisions"}],"wp:attachment":[{"href":"https:\/\/www.freiburg-schwarzwald.de\/blog\/wp-json\/wp\/v2\/media?parent=40969"}],"wp:term":[{"taxonomy":"category","embeddable":true,"href":"https:\/\/www.freiburg-schwarzwald.de\/blog\/wp-json\/wp\/v2\/categories?post=40969"},{"taxonomy":"post_tag","embeddable":true,"href":"https:\/\/www.freiburg-schwarzwald.de\/blog\/wp-json\/wp\/v2\/tags?post=40969"}],"curies":[{"name":"wp","href":"https:\/\/api.w.org\/{rel}","templated":true}]}}