{"id":40856,"date":"2013-11-14T21:54:29","date_gmt":"2013-11-14T20:54:29","guid":{"rendered":"https:\/\/www.freiburg-schwarzwald.de\/blog\/?p=40856"},"modified":"2013-11-14T21:54:29","modified_gmt":"2013-11-14T20:54:29","slug":"heilpflanzenmaerchen-bertsch","status":"publish","type":"post","link":"https:\/\/www.freiburg-schwarzwald.de\/blog\/heilpflanzenmaerchen-bertsch\/","title":{"rendered":"Heilpflanzenmaerchen &#8211; Bertsch"},"content":{"rendered":"<p>Mit Wilma Walnuss fing es an &#8211; vor ziemlich genau 15 Jahren, im Herbst 1998, entstand das erste meiner <a title=\"Heilkraeuter\" href=\"https:\/\/www.freiburg-schwarzwald.de\/blog\/business\/gesund\/heilkraeuter\/\">Heilpflanzenm\u00e4rchen<\/a>. Jetzt ist es wieder Herbst, Zeit der wilden <a title=\"Obstbau\" href=\"https:\/\/www.freiburg-schwarzwald.de\/blog\/natur\/landwirt\/obstbau\/\">Beeren und N\u00fcsse<\/a>, Wurzelzeit, Erntedankzeit. Und eine ganz besondere Frucht ist\u00a0 &#8222;reif zur Ernte&#8220; geworden: Alle die 28 Heilpflanzenm\u00e4rchen, die seit Wilma Walnuss entstanden sind, gibt es jetzt als <a title=\"Buch\" href=\"https:\/\/www.freiburg-schwarzwald.de\/blog\/kultur\/dichter\/literatur\/buch\/\">Buch<\/a>. Es sind die <a title=\"Maerchen\" href=\"https:\/\/www.freiburg-schwarzwald.de\/blog\/kultur\/dichter\/literatur\/maerchen\/\">M\u00e4rchen<\/a>, <!--more-->die bisher schon einzeln oder als Lose-Blatt-Sammlung zu kaufen waren; dazu gekommen ist das Beinwell-M\u00e4rchen &#8222;Eine Wurzelliebe&#8220;. Alle M\u00e4rchen sind sprachlich nochmals \u00fcberarbeitet und jeweils erg\u00e4nzt mit einer Pflanzenbeschreibung, einem Rezept oder \u00c4hnlichem. Begleitet werden alle Geschichten von wirklich m\u00e4rchenhaften Illustrationen von Nicole Nedoh; die farbigen Bilder machen Lust auf die M\u00e4rchen und auf die Pflanzen; und gleichzeitig regen sie dazu an, die eigenen Phantasie auf Reisen zu schicken. Unten mein Vorwort und das Gru\u00dfwort von Ursel B\u00fchring, f\u00fcr alle diejenigen, die genauer wissen wollen, wie die M\u00e4rchen entstanden sind und wof\u00fcr sie dienlich sein k\u00f6nnen.<br \/>\nZus\u00e4tzlich zum Buch gibt es noch einen Kalender f\u00fcr 2014 mit 13 der M\u00e4rchenbilder und den jeweiligen Geschichten, die auf diese Art &#8222;Klein und Gro\u00df&#8220; durchs Jahr begleiten k\u00f6nnen.\u00a0Auf der Homepage\u00a0<a href=\"https:\/\/www.ursula-bertsch.de\/\">www.ursula-bertsch.de<\/a>\u00a0sind noch mehr Bilder von Buch und Kalender zu sehen, au\u00dferdem Leseproben zum Neugierig machen.\u00a0Nach wie vor gibt es die M\u00e4rchen auch einzeln zu kaufen (allerdings ohne\u00a0 Illustration); und auch die CD mit sechs der M\u00e4rchen, sowie die &#8222;Kleine M\u00e4rchensammlung&#8220; und &#8222;Die Sprache der Pflanzen&#8220; sind noch &#8222;mit im Programm&#8220;.\u00a0Hier die Preise und die Formate:<br \/>\nM\u00e4rchenbuch: &#8222;Wilma Walnuss und andere Heilpflanzenm\u00e4rchen&#8220; (21 x 27,5cm, 216 Seiten, Softcover, 29,00 Euro)<br \/>\nKalender 2014 (Din A 4 Format, 12,00 Euro)<br \/>\nH\u00f6rbuch als CD\u00a0 (14,00 Euro)<br \/>\nEinzelne M\u00e4rchen (jeweils 4-seitig im Din A 5-Format, 1,00 Euro)<br \/>\nKleine M\u00e4rchensammlung: &#8222;Sternenstaub und Wurzelkraft&#8220; (40 Seiten,\u00a0Din A 5-Brosch\u00fcre\u00a0, 7,00 Euro; die 6 M\u00e4rchen sind auch im Buch enthalten.)<br \/>\nDie Sprache der Pflanzen (35 Seiten, als Din A 5-Brosch\u00fcre gebunden, 5,00 Euro)<br \/>\nAuch ein Pflanzenm\u00e4rchen, aber etwas anders als die andern, und deshalb auch nicht mit im M\u00e4rchenbuch. Eine sehr m\u00e4rchenhafte Geschichte von Pflanzen und Menschen, von Zwergen und Elfen, von einem b\u00f6sen Zauberer und einem kleinen goldenen Herzen . von Begegnungen und Wandlungen im Verlauf des Erdenlebens&#8230;<\/p>\n<p>Porto und Verpackung:\u00a0innerhalb Deutschlands 3,00 Euro, au\u00dferhalb Deutschlands wird das anfallende Porto berechnet (i.d.R. mindestens 7 Euro); Kosten f\u00fcr die Verpackung fallen hier dann nicht an.<br \/>\nIch freue mich sehr, dass die Heilpflanzenm\u00e4rchen jetzt auch in dieser Form in die Welt hinaus d\u00fcrfen und Kindern und Erwachsenen dabei helfen k\u00f6nnen, &#8222;Pflanzenfreundschaften&#8220; zu schlie\u00dfen und zu vertiefen!<br \/>\nUrsula Bertsch, 13.11.2013, <a href=\"mailto:ursula.bertsch@gmx.de\">ursula.bertsch@gmx.de<\/a>, <a href=\"https:\/\/www.ursula-bertsch.de\">www.ursula-bertsch.de<\/a><\/p>\n<p>&nbsp;<\/p>\n<p align=\"left\"><strong>\u00a0Wie diese M\u00e4rchen entstanden sind (Vorwort)<\/strong><br \/>\n\u00a0Vor inzwischen fast 15 Jahren sa\u00df ich am K\u00fcchentisch und sollte meine Hausaufgaben machen. Ich hatte eine Ausbildung an einer Heilpflanzenschule begonnen und wir hatten jeden Monat die Aufgabe, eine so genannte \u201ePflanzenmonographie zu schreiben. Das bedeutet, jeder musste\u00fcber eine Heilpflanze alles Wissenswerte zusammenfassen: Wie sie aussieht, wo sie w\u00e4chst, welche Teile von ihr in der Heilkunde verwendet werden, wann genau diese Teile gesammelt werden m\u00fcssen, wie viele Teel\u00f6ffel von der daraus hergestellten Medizin eingenommen werden m\u00fcssen und so weiter. Immerhin durfte man sich die Pflanze selbst aussuchen und ich hatte\u00a0 mich f\u00fcr die Walnuss entschieden. Und wie ich da sa\u00df, an meinem Stift kaute und \u00fcberlegte, ob ich vielleicht morgen\u00a0mehr Lust auf Hausaufgaben haben w\u00fcrde, da verwandelten sich in der Obstschale auf dem Tisch pl\u00f6tzlich eine Walnuss und ein Apfel in Wilma und Adalbert. Ehrlich. Und sie fingen an, mir ihre Geschichte zu erz\u00e4hlen. Da habe ich statt der Monographie mein allererstes Pflanzenm\u00e4rchen \u201eWilma Walnuss&#8220; geschrieben. (Die\u00a0Heilpflanzenlehreri n war \u00fcbrigens \u00e4u\u00dferst zufrieden.) Man k\u00f6nnte es nat\u00fcrlich auch so sagen: Ich sa\u00df im Oktober 1998 am K\u00fcchentisch und habe mir ein M\u00e4rchen ausgedacht. Aber so ist es nicht. Eher so, dass ich das M\u00e4rchen gefunden habe. Oder vielleicht sogar so, dass das M\u00e4rchen mich gefunden hat. Seitdem sind mir immer wieder solche Geschichten begegnet. Manche kommen ganz schnell und pl\u00f6tzlich und lassen sich in einer Nacht schreiben, andere sind langsam und sch\u00fcchtern und brauchen Jahre, bis sie auf dem Papier stehen wollen. Und es ist auch so, als ob jedes M\u00e4rchen eine andere Sprache sprechen w\u00fcrde, so verschieden sind sie &#8211; wie die Pflanzen ja auch. Es ist ein riesengro\u00dfes Kompliment f\u00fcr mich , wenn jemand so etwas sagt wie: \u201eSeit ich das L\u00f6wenzahnm\u00e4rchen gelesen habe, schaue ich den L\u00f6wenzahn mit ganz anderen Augen an.&#8220; oder \u201e\u2026.das h\u00e4tte ich nie gedacht, wie hilfreich eine Zwiebel sein kann!&#8220; Ich w\u00fcnsche mir, dass diejenigen, die die M\u00e4rchen lesen oder h\u00f6ren, Lust bekommen, sich mit den Pflanzen zu befassen, dass sie neugierig werden auf alles, was da gr\u00fcnt und bl\u00fcht, dass sie sich vielleicht sogar von den Pflanzen selbst Geschichten erz\u00e4hlen lassen.\u00a0Das Allersch\u00f6nste aber ist es, wenn die M\u00e4rchen dazu beitragen, dass wir Menschen sp\u00fcren k\u00f6nnen, wie sehr wir verbunden sind mit den Pflanzen. Und dass, wenn wir diese Verbundenheit kennen und sp\u00fcren, unsere eigene Welt gr\u00f6sser und weiter und bunter wird\u2026..<\/p>\n<p>&nbsp;<\/p>\n<p>&nbsp;<\/p>\n<p align=\"left\"><strong>Gru\u00dfwort von Ursel B\u00fchring<br \/>\n<\/strong>Es war einmal\u00a0eine Frau, Ursula, die B\u00e4rin, die <span>hatte vor vielen Jahren meine \u201eFreiburger <\/span>Heilpflanzenschule&#8220; besucht und ganz eindeutig gro\u00dfen Spa\u00df daran gehabt. Nicht nur, weil sie dort viele Pflanzen kennen lernte die heilen und solche, die wild sind und oberk\u00f6stlich schmecken. Sondern auch, weil die Pflanzen <span>mit der Zeit ihre \u201egr\u00fcnen Freundinnen&#8220; wurden <\/span>und sich dadurch f\u00fcr sie eine neue T\u00fcre \u00f6ffnete \u2013 <span>die T\u00fcre zur M\u00e4rchenwelt. <\/span>Aus dem Pflanzenwissen entstanden Pflanzengeschichten und \u2013<span>M\u00e4rchen, und diese T\u00fcre <\/span>zwischen Pflanzen, die heilen, und M\u00e4rchen, die (auch) dar\u00fcber berichten, blieb ge\u00f6ffnet. Und das Sch\u00f6nste dabei: Sie begl\u00fcckt damit viele Menschen, Kinder und Erwachsene ebenso. W\u00e4hrend sie selbst (oder ich, oder andere Menschen) ihre Heilpflanzenm\u00e4rchengeschichten vorliest oder erz\u00e4hlt, nisten sich diese ganz unmerklich und leise \u00fcber die zuh\u00f6renden Ohren direkt ins Herz der Zuh\u00f6rerinnen und Zuh\u00f6rer ein. Man sieht das an ihrem L\u00e4cheln, schaut nur genau hin! Es ist so in der Tat: Viele der M\u00e4rchen lese ich seit Jahren regelm\u00e4\u00dfig in meinen Seminaren den Heilpflanzen-Wissbegierigen vor, damit sie quasi nebenbei etwas \u00fcber Heilpflanzen lernen, etwas, das h\u00e4ngen bleibt. Und dann passiert es: Sie beginnen zu l\u00e4cheln, sie haben sich ber\u00fchren lassen. Oder sie lachen laut auf, denn manche M\u00e4rchen sind einfach lustig! Die moderne Neurophysiologie des Lernens wei\u00df, dass solche Elemente, die dem Menschen Freude bereiten, sich viel besser ins Hirn einnisten, sich viel besser abspeichern und langfristig erinnern lassen. Und so sind die M\u00e4rchen \u2013 <span>und die Heilpflanzen &#8211; stets <\/span>pr\u00e4sent. Der erst sch\u00fcchterne, dann mutige kleine Junge, Leon Lilienfeld, zum Beispiel, der wie keiner sonst die St\u00e4rke des L\u00f6wenzahns pr\u00e4sentiert, oder Blutwurz und Heidelbeere, wie sie um ihre Heilkraft streiten \u2013 <span>und beide am richtigen Platz sind! <\/span>Ich bin dankbar, gl\u00fccklich und ein bisschen stolz, dass <span>sich die \u201egro\u00dfe B\u00e4rin&#8220; von den <\/span>M\u00e4rchen hat heimsuchen lassen, dass die M\u00e4rchen w\u00e4hrend ihrer Ausbildung in meiner Schule entstanden sind und dass sie auf diesem Weg, \u00fcber dieses wunderbare zauberhafte Buch mit seinen entz\u00fcckenden Bildern immer mehr Menschen erreicht \u2013 <span>sie ber\u00fchrt und <\/span>l\u00e4cheln l\u00e4sst. Oder laut auflachen, Achtung, das kann auch passieren! Ich kann nur sagen: Danke, liebe Ursula, dass du dieses Buch ge&#8220;b\u00e4r&#8220;st, <span>und Euch, liebe <\/span>Leserinnen und Leser: viiiiel Spa\u00df dabei!<br \/>\nUrsel B\u00fchring, Gr\u00fcnderin der Freiburger Heilpflanzenschule, <a href=\"https:\/\/www.ursel-buehring.de\">www.ursel-buehring.de<\/a><\/p>\n<p>&nbsp;<\/p>\n","protected":false},"excerpt":{"rendered":"<p>Mit Wilma Walnuss fing es an &#8211; vor ziemlich genau 15 Jahren, im Herbst 1998, entstand das erste meiner Heilpflanzenm\u00e4rchen. Jetzt ist es wieder Herbst, Zeit der wilden Beeren und N\u00fcsse, Wurzelzeit, Erntedankzeit. Und eine ganz besondere Frucht ist\u00a0 &#8222;reif &hellip; <a href=\"https:\/\/www.freiburg-schwarzwald.de\/blog\/heilpflanzenmaerchen-bertsch\/\">Weiterlesen <span class=\"meta-nav\">&rarr;<\/span><\/a><\/p>\n","protected":false},"author":4,"featured_media":0,"comment_status":"open","ping_status":"closed","sticky":false,"template":"","format":"standard","meta":{"footnotes":""},"categories":[18,154,136,158],"tags":[552,364,423,146],"class_list":["post-40856","post","type-post","status-publish","format-standard","hentry","category-bildung","category-ernaehrung","category-flora","category-gesund","tag-buch-2","tag-heilkrauter","tag-lebensmittel","tag-schulgarten"],"_links":{"self":[{"href":"https:\/\/www.freiburg-schwarzwald.de\/blog\/wp-json\/wp\/v2\/posts\/40856","targetHints":{"allow":["GET"]}}],"collection":[{"href":"https:\/\/www.freiburg-schwarzwald.de\/blog\/wp-json\/wp\/v2\/posts"}],"about":[{"href":"https:\/\/www.freiburg-schwarzwald.de\/blog\/wp-json\/wp\/v2\/types\/post"}],"author":[{"embeddable":true,"href":"https:\/\/www.freiburg-schwarzwald.de\/blog\/wp-json\/wp\/v2\/users\/4"}],"replies":[{"embeddable":true,"href":"https:\/\/www.freiburg-schwarzwald.de\/blog\/wp-json\/wp\/v2\/comments?post=40856"}],"version-history":[{"count":0,"href":"https:\/\/www.freiburg-schwarzwald.de\/blog\/wp-json\/wp\/v2\/posts\/40856\/revisions"}],"wp:attachment":[{"href":"https:\/\/www.freiburg-schwarzwald.de\/blog\/wp-json\/wp\/v2\/media?parent=40856"}],"wp:term":[{"taxonomy":"category","embeddable":true,"href":"https:\/\/www.freiburg-schwarzwald.de\/blog\/wp-json\/wp\/v2\/categories?post=40856"},{"taxonomy":"post_tag","embeddable":true,"href":"https:\/\/www.freiburg-schwarzwald.de\/blog\/wp-json\/wp\/v2\/tags?post=40856"}],"curies":[{"name":"wp","href":"https:\/\/api.w.org\/{rel}","templated":true}]}}