{"id":40808,"date":"2013-05-26T11:03:14","date_gmt":"2013-05-26T09:03:14","guid":{"rendered":"https:\/\/www.freiburg-schwarzwald.de\/blog\/?p=40808"},"modified":"2013-11-27T18:22:31","modified_gmt":"2013-11-27T17:22:31","slug":"konfoederation-friede-in-israel","status":"publish","type":"post","link":"https:\/\/www.freiburg-schwarzwald.de\/blog\/konfoederation-friede-in-israel\/","title":{"rendered":"Konfoederation &#8211; Friede in Israel"},"content":{"rendered":"<p>Die in den deutschen Medien hochgelobte\u00a0Zweistaatenl\u00f6sung\u00a0mit Pal\u00e4stina und <a title=\"Israel\" href=\"https:\/\/www.freiburg-schwarzwald.de\/blog\/global\/israel\/\">Israel<\/a> als souver\u00e4nen Staaten wird vorort in Nahost\u00a0weitgehend abgelehnt, aus zwei Gr\u00fcnden: Zu eng verzahnt liegen nicht nur im <a title=\"LifeGate\" href=\"https:\/\/www.freiburg-schwarzwald.de\/blog\/selbsthilfe\/behinderung\/lifegate\/\">Westjordanland<\/a> arabische D\u00f6rfer neben <a title=\"Kibbutz\" href=\"https:\/\/www.freiburg-schwarzwald.de\/blog\/global\/israel\/israel2013\/kibbutz\/\">Kibbutzim<\/a>, wodurch eine strenge Grenzziehung unm\u00f6glich ist.\u00a070% der Einwohner von Jordanien sind Pal\u00e4stinenser, und diese\u00a0l\u00e4sst die Zweistaatenl\u00f6sung unber\u00fccksichtigt.\u00a0<!--more-->Friedenstauglicher ist eine Konf\u00f6deration mit Israel-Pal\u00e4stina-Jordanien, ein Staatenbund als f\u00f6derale L\u00f6sung, die auch\u00a0Michael Wolffsohn, j\u00fcdischer Prof an\u00a0Uni M\u00fcnchen,\u00a0favorisiert: &#8222;Jordanien, wo heute mehrheitlich Pal\u00e4stinenser leben, wird im Zuge der arabischen Revolution ohnehin \u201cPal\u00e4stina 1\u2033. Das entwaffnete Westjordanland und der Gazastreifen als je ein Bundesland \u201cPal\u00e4stina 2 +3\u2033. Die in Israel lebenden 1,4 Mio Pal\u00e4stinenser k\u00f6nnen entscheiden, entweder israelische Staatsb\u00fcrger zu bleiben oder eine pal\u00e4stinensische Staatsb\u00fcrgerschaft anzunehmen, ohne dass sie jedoch ihre bisherige Heimat verlassen. Gleiches gilt f\u00fcr die rund 500000 Juden im Westjordanland. Israel und die Bundesrepublik Jordanien-Pal\u00e4stina bilden einen Staatenbund&#8220; (<a title=\"Israel\" href=\"https:\/\/www.freiburg-schwarzwald.de\/blog\/global\/israel\/\">mehr hier<\/a>).\u00a0\u00a0<\/p>\n<p><a href=\"https:\/\/www.freiburg-schwarzwald.de\/blog\/youth-bulges-jugend-und-krieg\/\">https:\/\/www.freiburg-schwarzwald.de\/blog\/youth-bulges-jugend-und-krieg\/<\/a>\u00a0(11.9.2013)<\/p>\n<p>&nbsp;<\/p>\n","protected":false},"excerpt":{"rendered":"<p>Die in den deutschen Medien hochgelobte\u00a0Zweistaatenl\u00f6sung\u00a0mit Pal\u00e4stina und Israel als souver\u00e4nen Staaten wird vorort in Nahost\u00a0weitgehend abgelehnt, aus zwei Gr\u00fcnden: Zu eng verzahnt liegen nicht nur im Westjordanland arabische D\u00f6rfer neben Kibbutzim, wodurch eine strenge Grenzziehung unm\u00f6glich ist.\u00a070% der Einwohner &hellip; <a href=\"https:\/\/www.freiburg-schwarzwald.de\/blog\/konfoederation-friede-in-israel\/\">Weiterlesen <span class=\"meta-nav\">&rarr;<\/span><\/a><\/p>\n","protected":false},"author":4,"featured_media":0,"comment_status":"open","ping_status":"closed","sticky":false,"template":"","format":"standard","meta":{"footnotes":""},"categories":[14],"tags":[520,421,84,420],"class_list":["post-40808","post","type-post","status-publish","format-standard","hentry","category-global","tag-frieden","tag-islam","tag-israel","tag-juden"],"_links":{"self":[{"href":"https:\/\/www.freiburg-schwarzwald.de\/blog\/wp-json\/wp\/v2\/posts\/40808","targetHints":{"allow":["GET"]}}],"collection":[{"href":"https:\/\/www.freiburg-schwarzwald.de\/blog\/wp-json\/wp\/v2\/posts"}],"about":[{"href":"https:\/\/www.freiburg-schwarzwald.de\/blog\/wp-json\/wp\/v2\/types\/post"}],"author":[{"embeddable":true,"href":"https:\/\/www.freiburg-schwarzwald.de\/blog\/wp-json\/wp\/v2\/users\/4"}],"replies":[{"embeddable":true,"href":"https:\/\/www.freiburg-schwarzwald.de\/blog\/wp-json\/wp\/v2\/comments?post=40808"}],"version-history":[{"count":0,"href":"https:\/\/www.freiburg-schwarzwald.de\/blog\/wp-json\/wp\/v2\/posts\/40808\/revisions"}],"wp:attachment":[{"href":"https:\/\/www.freiburg-schwarzwald.de\/blog\/wp-json\/wp\/v2\/media?parent=40808"}],"wp:term":[{"taxonomy":"category","embeddable":true,"href":"https:\/\/www.freiburg-schwarzwald.de\/blog\/wp-json\/wp\/v2\/categories?post=40808"},{"taxonomy":"post_tag","embeddable":true,"href":"https:\/\/www.freiburg-schwarzwald.de\/blog\/wp-json\/wp\/v2\/tags?post=40808"}],"curies":[{"name":"wp","href":"https:\/\/api.w.org\/{rel}","templated":true}]}}