{"id":40584,"date":"2013-11-11T08:14:49","date_gmt":"2013-11-11T07:14:49","guid":{"rendered":"https:\/\/www.freiburg-schwarzwald.de\/blog\/?p=40584"},"modified":"2013-11-11T08:16:43","modified_gmt":"2013-11-11T07:16:43","slug":"kartaus-hang-ist-verschandelt","status":"publish","type":"post","link":"https:\/\/www.freiburg-schwarzwald.de\/blog\/kartaus-hang-ist-verschandelt\/","title":{"rendered":"Kartaus-Hang ist verschandelt"},"content":{"rendered":"<p><!-- RSPEAK_STOP -->&#8222;Rohversion des Bergdorfs steht&#8220; &#8211; \u00fcber den <a title=\"Kartaus-Baustelle\" href=\"https:\/\/www.freiburg-schwarzwald.de\/blog\/bildung\/schulen\/uwc-freiburg\/kartaus-baustelle\/\">Baufortschritt<\/a> am <a title=\"UWC-Freiburg\" href=\"https:\/\/www.freiburg-schwarzwald.de\/blog\/bildung\/schulen\/uwc-freiburg\/\">Robert-Bosch College<\/a> der <a title=\"Kartaus\" href=\"https:\/\/www.freiburg-schwarzwald.de\/blog\/natur\/garten\/kartaus\/\">Kartaus<\/a>: Statt eines Bauhelmes h\u00e4tte sich Herr Architekt Kulka besser eine Brille aufgesetzt um sich, mit Blick auf diesen &#8222;wunderbaren Ort&#8220; am ehemaligen Kart\u00e4userkloster, zu der schmerzlichen Erkenntnis durchzuringen, dass man besser keine <a title=\"Architektur-null\" href=\"https:\/\/www.freiburg-schwarzwald.de\/blog\/business\/dienste\/architekt\/architektur-null\/\">voreiligen Versprechungen <\/a>abgeben sollte \u2013 denn der Hang ist verschandelt. <!--more-->Was hier entstanden ist, ist kein &#8222;Bergdorf&#8220;, das ist die Maginotlinie an der Dreisam. Doch der Betrachter kann sich getr\u00f6stet f\u00fchlen, denn wenigstens haben die k\u00fcnftigen Sch\u00fcler eine sch\u00f6ne Aussicht, wie die BZ gl\u00fcckselig vermeldet, wenn ein St\u00fcck Freiburger Naherholungsgebiet einem kosmopolitischen Humbug weichen muss.<br \/>\n11.11.2013, Heinrich Klein, Freiburg<br \/>\n\u00a0\u00a0\u00a0<br \/>\n&#8222;Rohversion des Bergdorfs steht&#8220; vom 19.10.2013:<br \/>\n<a href=\"https:\/\/www.badische-zeitung.de\/freiburg\/freiburger-united-world-college-nimmt-form-an--76295578.html\">https:\/\/www.badische-zeitung.de\/freiburg\/freiburger-united-world-college-nimmt-form-an&#8211;76295578.html<\/a><\/p>\n","protected":false},"excerpt":{"rendered":"<p>&#8222;Rohversion des Bergdorfs steht&#8220; &#8211; \u00fcber den Baufortschritt am Robert-Bosch College der Kartaus: Statt eines Bauhelmes h\u00e4tte sich Herr Architekt Kulka besser eine Brille aufgesetzt um sich, mit Blick auf diesen &#8222;wunderbaren Ort&#8220; am ehemaligen Kart\u00e4userkloster, zu der schmerzlichen Erkenntnis &hellip; <a href=\"https:\/\/www.freiburg-schwarzwald.de\/blog\/kartaus-hang-ist-verschandelt\/\">Weiterlesen <span class=\"meta-nav\">&rarr;<\/span><\/a><\/p>\n","protected":false},"author":4,"featured_media":0,"comment_status":"open","ping_status":"closed","sticky":false,"template":"","format":"standard","meta":{"footnotes":""},"categories":[233,456,67],"tags":[149,287],"class_list":["post-40584","post","type-post","status-publish","format-standard","hentry","category-architekt","category-bebauung","category-naturschutz","tag-kartaus","tag-neubau"],"_links":{"self":[{"href":"https:\/\/www.freiburg-schwarzwald.de\/blog\/wp-json\/wp\/v2\/posts\/40584","targetHints":{"allow":["GET"]}}],"collection":[{"href":"https:\/\/www.freiburg-schwarzwald.de\/blog\/wp-json\/wp\/v2\/posts"}],"about":[{"href":"https:\/\/www.freiburg-schwarzwald.de\/blog\/wp-json\/wp\/v2\/types\/post"}],"author":[{"embeddable":true,"href":"https:\/\/www.freiburg-schwarzwald.de\/blog\/wp-json\/wp\/v2\/users\/4"}],"replies":[{"embeddable":true,"href":"https:\/\/www.freiburg-schwarzwald.de\/blog\/wp-json\/wp\/v2\/comments?post=40584"}],"version-history":[{"count":0,"href":"https:\/\/www.freiburg-schwarzwald.de\/blog\/wp-json\/wp\/v2\/posts\/40584\/revisions"}],"wp:attachment":[{"href":"https:\/\/www.freiburg-schwarzwald.de\/blog\/wp-json\/wp\/v2\/media?parent=40584"}],"wp:term":[{"taxonomy":"category","embeddable":true,"href":"https:\/\/www.freiburg-schwarzwald.de\/blog\/wp-json\/wp\/v2\/categories?post=40584"},{"taxonomy":"post_tag","embeddable":true,"href":"https:\/\/www.freiburg-schwarzwald.de\/blog\/wp-json\/wp\/v2\/tags?post=40584"}],"curies":[{"name":"wp","href":"https:\/\/api.w.org\/{rel}","templated":true}]}}