{"id":40466,"date":"2013-11-09T18:46:11","date_gmt":"2013-11-09T17:46:11","guid":{"rendered":"https:\/\/www.freiburg-schwarzwald.de\/blog\/?p=40466"},"modified":"2013-11-09T18:46:11","modified_gmt":"2013-11-09T17:46:11","slug":"kirchzarten-burg-buergerverein","status":"publish","type":"post","link":"https:\/\/www.freiburg-schwarzwald.de\/blog\/kirchzarten-burg-buergerverein\/","title":{"rendered":"Kirchzarten-Burg Buergerverein"},"content":{"rendered":"<p>Bei der Mitgliederversammlung des B\u00fcrgervereins <a title=\"Burg-Birkenhof\" href=\"https:\/\/www.freiburg-schwarzwald.de\/blog\/regio\/orte\/kirchzarten\/burg-birkenhof\/\">Kirchzarten Burg<\/a>, die von B\u00fcrgermeister Andreas Hall geleitet wurde,\u00a0standen die Vorstandswahlen im Mittelpunkt. Der bisherige Vorsitzende Mathias Glaser stellte nach 14-j\u00e4hriger erfolgreicher T\u00e4tigkeit sein Amt zur Verf\u00fcgung,\u00a0um sich neuen Aufgaben, z.B. der Leitung der Fu\u00dfballabteilung des SV Kirchzarten, zu widmen. <!--more-->Als Nachfolger wurde Peter Steybe gew\u00e4hlt, der bisher schon Sprecher der Interessengemeinschaft \u201eBurger Platz\u201c war. Diese bildet nun eine selbst\u00e4ndige unabh\u00e4ngige Arbeitsgruppe unter dem Dach des B\u00fcrgervereins und befasst sich auch in Zukunft mit der Gestaltung des Burger Platzes, nachdem die \u00c4nderung des Bebauungsplanes von der Gemeinde nicht weiter verfolgt wird. Eine weitere \u00c4nderung im Vorstand ergab sich beim Amt des Schriftf\u00fchrers, das Albrecht Schwarzmeier viele Jahre ausgef\u00fcllt hatte und aus beruflichen Gr\u00fcnden aufgeben musste. Als Nachfolgerin w\u00e4hlten die Mitglieder Ingeborg Stille-Statz, die bereits als Beisitzerin dem Vorstand angeh\u00f6rte. Die \u00fcbrigen Vorstandsmitglieder wurden in ihrem Amt best\u00e4tigt \u2013 und Mathias Glaser geh\u00f6rt als Beisitzer dem Vorstand weiterhin an. Bei den obligatorischen Berichten war von vielen interessanten Aktivit\u00e4ten des Vereins zu h\u00f6ren. Erfolgreich verliefen wieder der Martini-Markt, jetzt in der Rainhofscheune, das Burger Fest und die Bach-Putzete, gemeinsam mit der Feuerwehr Burg. Die dreisam-Kleinkunstb\u00fchne sei ein bl\u00fchender Ableger des B\u00fcrgervereins, wusste deren Intendantin Petra Zentgraf zu berichten: \u201eUnd mit Hilfe einiger sehr engagierter Mitglieder hat sie sich seit der letzten Mitgliederversammlung pr\u00e4chtig weiterentwickelt. Das durchaus vielseitige Programm heimischer und \u00fcberregionaler K\u00fcnstler fand beim Publikum guten Anklang. Zum besonderen Highlight entwickelten sich die Open-Air-Veranstaltungen im Innenhof der Talvogtei.\u201c Ihr Dank f\u00fcr Unterst\u00fctzung galt besonders der Sparkasse Hochschwarzwald und dem Landfrauenverein. Klaus Birkenmeier blickte erfreut auf fast zehn Jahre F\u00fchrungen auf dem Tarodunum-Rundweg zur\u00fcck. \u201eBurger Treff\u201c, \u201eBubli\u201c und \u201eGruppe 60+\u201c waren Inhalte weiterer Berichte.<\/p>\n<p><a href=\"https:\/\/www.freiburg-schwarzwald.de\/blog\/kirchzarten-burg-buergerverein\/burg-buergerverein131031\/\" rel=\"attachment wp-att-40467\"><img loading=\"lazy\" decoding=\"async\" class=\"alignnone size-thumbnail wp-image-40467\" title=\"burg-buergerverein131031\" src=\"https:\/\/www.freiburg-schwarzwald.de\/blog\/wp-content\/uploads\/2013\/11\/burg-buergerverein131031-180x121.jpg\" alt=\"\" width=\"180\" height=\"121\" srcset=\"https:\/\/www.freiburg-schwarzwald.de\/blog\/wp-content\/uploads\/2013\/11\/burg-buergerverein131031-180x121.jpg 180w, https:\/\/www.freiburg-schwarzwald.de\/blog\/wp-content\/uploads\/2013\/11\/burg-buergerverein131031-640x433.jpg 640w, https:\/\/www.freiburg-schwarzwald.de\/blog\/wp-content\/uploads\/2013\/11\/burg-buergerverein131031.jpg 641w\" sizes=\"auto, (max-width: 180px) 100vw, 180px\" \/><\/a>\u00a0<\/p>\n<p>B\u00fcrgermeister Andreas Hall (r.) leitete die Wahlen zum neuen Vorstand, dem jetzt Ingeborg Stille-Statz, Schriftf\u00fchrerin; Christine Greiwe, Kassiererin; Brigitte Mattes, Beisitzerin, Mathias Glaser, Beisitzer; Friederike Schlagenhauf, 2. Vorsitzende; Petra Zentgraf, Beisitzerin, Klaus-Peter Steybe, 1. Vorsitzender; Ricarda Moser, Beisitzerin; Heiner Frei, Beisitzer und Christel von Roeder, Beisitzerin (v.l.) angeh\u00f6ren.<\/p>\n<p>\u00a09.11.2013, Gerhard L\u00fcck, <a href=\"https:\/\/www.dreisamtaeler.de\">www.dreisamtaeler.de<\/a><\/p>\n","protected":false},"excerpt":{"rendered":"<p>Bei der Mitgliederversammlung des B\u00fcrgervereins Kirchzarten Burg, die von B\u00fcrgermeister Andreas Hall geleitet wurde,\u00a0standen die Vorstandswahlen im Mittelpunkt. Der bisherige Vorsitzende Mathias Glaser stellte nach 14-j\u00e4hriger erfolgreicher T\u00e4tigkeit sein Amt zur Verf\u00fcgung,\u00a0um sich neuen Aufgaben, z.B. der Leitung der Fu\u00dfballabteilung &hellip; <a href=\"https:\/\/www.freiburg-schwarzwald.de\/blog\/kirchzarten-burg-buergerverein\/\">Weiterlesen <span class=\"meta-nav\">&rarr;<\/span><\/a><\/p>\n","protected":false},"author":4,"featured_media":0,"comment_status":"open","ping_status":"closed","sticky":false,"template":"","format":"standard","meta":{"footnotes":""},"categories":[50,54,124],"tags":[281,717,484],"class_list":["post-40466","post","type-post","status-publish","format-standard","hentry","category-dreisamtal","category-ehrenamt","category-sportvereine-vereine","tag-burgerinitiativen","tag-ehrenamt","tag-kommune"],"_links":{"self":[{"href":"https:\/\/www.freiburg-schwarzwald.de\/blog\/wp-json\/wp\/v2\/posts\/40466","targetHints":{"allow":["GET"]}}],"collection":[{"href":"https:\/\/www.freiburg-schwarzwald.de\/blog\/wp-json\/wp\/v2\/posts"}],"about":[{"href":"https:\/\/www.freiburg-schwarzwald.de\/blog\/wp-json\/wp\/v2\/types\/post"}],"author":[{"embeddable":true,"href":"https:\/\/www.freiburg-schwarzwald.de\/blog\/wp-json\/wp\/v2\/users\/4"}],"replies":[{"embeddable":true,"href":"https:\/\/www.freiburg-schwarzwald.de\/blog\/wp-json\/wp\/v2\/comments?post=40466"}],"version-history":[{"count":0,"href":"https:\/\/www.freiburg-schwarzwald.de\/blog\/wp-json\/wp\/v2\/posts\/40466\/revisions"}],"wp:attachment":[{"href":"https:\/\/www.freiburg-schwarzwald.de\/blog\/wp-json\/wp\/v2\/media?parent=40466"}],"wp:term":[{"taxonomy":"category","embeddable":true,"href":"https:\/\/www.freiburg-schwarzwald.de\/blog\/wp-json\/wp\/v2\/categories?post=40466"},{"taxonomy":"post_tag","embeddable":true,"href":"https:\/\/www.freiburg-schwarzwald.de\/blog\/wp-json\/wp\/v2\/tags?post=40466"}],"curies":[{"name":"wp","href":"https:\/\/api.w.org\/{rel}","templated":true}]}}