{"id":40427,"date":"2013-11-09T12:06:44","date_gmt":"2013-11-09T11:06:44","guid":{"rendered":"https:\/\/www.freiburg-schwarzwald.de\/blog\/?p=40427"},"modified":"2013-11-09T12:06:44","modified_gmt":"2013-11-09T11:06:44","slug":"behindertenbeauftragter-beirat","status":"publish","type":"post","link":"https:\/\/www.freiburg-schwarzwald.de\/blog\/behindertenbeauftragter-beirat\/","title":{"rendered":"Behindertenbeauftragter &#8211; Beirat"},"content":{"rendered":"<p>Am 7.11.2013 wurde im Weihbischof-Gn\u00e4diger-Haus der Caritas zum 2. Mal nach 2010 der Behindertenbeauftrage im <a title=\"Breisgau-Hochschwarzwald\" href=\"https:\/\/www.freiburg-schwarzwald.de\/blog\/regio\/breisgau-hochschwarzwald\/\">Landkreis Breisgau-Hochschwarzwald<\/a>\u00a0gew\u00e4hlt: Olaf K\u00fchn (64) wird die \u00fcber 15000 <a title=\"Behinderung\" href=\"https:\/\/www.freiburg-schwarzwald.de\/blog\/selbsthilfe\/behinderung\/\">Menschen mit Handicaps<\/a>\u00a0bis 2016 vertreten. Von den zuvor gew\u00e4hlten Mitgliedern des Beirats (siehe unten) stimmten alle f\u00fcr ihn. Daneben gibt es einen Landkreis-Beauftragen der Verwaltung als Sachbearbeiter. <!--more--><\/p>\n<p><strong>\u00a0\u00a0<br \/>\nBehindertenbeirat 11\/2013-11\/2016:<\/strong><br \/>\nMenschen mit k\u00f6rperlichen Behinderungen: R\u00fcdiger Wohlfeil (Sonderschullehrer, Ehrenkirchen)<br \/>\nGeistige Behinderungen: Joachim Bruns (Breisach, Werkst\u00e4tte der Reha-S\u00fcdwest)<br \/>\nAutismus: &#8211;\u00a0<br \/>\nPsychische Erkrankung: Frieder M\u00fcller (Buggingen)<br \/>\nChronische Erkrankung: Manfred S\u00fctterle (Eschbach, Diplom-Verwaltungswirt, arbeitet aber krankheitsbedingt in einer Werkst\u00e4tte)<br \/>\n<a title=\"Sehbehindert\" href=\"https:\/\/www.freiburg-schwarzwald.de\/blog\/selbsthilfe\/behinderung\/sehbehindert\/\">Sehbehinderung<\/a>: Olaf K\u00fchn (derzeit Kirchzarten, bald Freiburg, Ex-Senatsbeauftragter f\u00fcr Behindertenfragen an der P\u00e4dagogischen Hochschule);<br \/>\nBlinde: &#8211; Ersatz: Daniel Belkhaddar (L\u00f6ffingen)<br \/>\nSchwerh\u00f6rige: J\u00fcrgen Borgas (Krankenpfleger in Rente; Vorsitzender vom Verein der H\u00f6rgesch\u00e4digten Freiburg \/ Stegener Wege )<br \/>\nJunge Menschen mit Behinderung: &#8211;<br \/>\nAngeh\u00f6rige von Menschen mit schwerer Behinderung: Barbara von Grewe-Dierfeld<br \/>\nVertreter der Liga der Wohlfahrtsverb\u00e4nde: Albrecht Schwerer, der Gesch\u00e4ftsf\u00fchrer des Diakonischen Werks<br \/>\nVertreter von Einrichtungen: Alexander Baum, Leiter der Caritas-Werkst\u00e4tte in Heitersheim, Norbert Halbherr, Gesch\u00e4ftsf\u00fchrer von Reha-S\u00fcdwest, Claudia Hewel vom Diakonischen Werk H\u00fcgelheim und Dieter L\u00f6sch vom Sozialverband VdK.<\/p>\n<p>\u00a0\u00a0\u00a0<\/p>\n<p><strong>Die Arbeit des behindertenbeauftragten\u00a0ist m\u00fchsam<\/strong><br \/>\nDoch auch wenn alle mit dem bisherigen Einsatz von Olaf K\u00fchn hochzufrieden sind \u2013 in sichtbaren Erfolgen niedergeschlagen habe sich bisher wenig, bilanziert er selbst sehr kritisch: &#8222;Die Arbeit ist schwer und m\u00fchsam.&#8220; Das gilt besonders f\u00fcr die Zusammenarbeit mit der Landkreis-Verwaltung: Da fehle ihm Anerkennung und Unterst\u00fctzung. Die Resonanz seiner Vorschl\u00e4ge bei den Kreisr\u00e4ten ist, bis auf wenige Ausnahmen, sehr gering. &#8230;.<br \/>\nAlles vom 9.11.0213 bitte lesen auf<br \/>\n<a href=\"https:\/\/www.badische-zeitung.de\/kreis-breisgau-hochschwarzwald\/die-arbeit-ist-muehsam--76993535.html\">https:\/\/www.badische-zeitung.de\/kreis-breisgau-hochschwarzwald\/die-arbeit-ist-muehsam&#8211;76993535.html<\/a><br \/>\n<!-- RSPEAK_STOP --><\/p>\n","protected":false},"excerpt":{"rendered":"<p>Am 7.11.2013 wurde im Weihbischof-Gn\u00e4diger-Haus der Caritas zum 2. Mal nach 2010 der Behindertenbeauftrage im Landkreis Breisgau-Hochschwarzwald\u00a0gew\u00e4hlt: Olaf K\u00fchn (64) wird die \u00fcber 15000 Menschen mit Handicaps\u00a0bis 2016 vertreten. Von den zuvor gew\u00e4hlten Mitgliedern des Beirats (siehe unten) stimmten alle &hellip; <a href=\"https:\/\/www.freiburg-schwarzwald.de\/blog\/behindertenbeauftragter-beirat\/\">Weiterlesen <span class=\"meta-nav\">&rarr;<\/span><\/a><\/p>\n","protected":false},"author":4,"featured_media":0,"comment_status":"open","ping_status":"closed","sticky":false,"template":"","format":"standard","meta":{"footnotes":""},"categories":[56,36,180],"tags":[531,582],"class_list":["post-40427","post","type-post","status-publish","format-standard","hentry","category-behinderung","category-engagement","category-hochschwarzwald","tag-handicap","tag-breisgau"],"_links":{"self":[{"href":"https:\/\/www.freiburg-schwarzwald.de\/blog\/wp-json\/wp\/v2\/posts\/40427","targetHints":{"allow":["GET"]}}],"collection":[{"href":"https:\/\/www.freiburg-schwarzwald.de\/blog\/wp-json\/wp\/v2\/posts"}],"about":[{"href":"https:\/\/www.freiburg-schwarzwald.de\/blog\/wp-json\/wp\/v2\/types\/post"}],"author":[{"embeddable":true,"href":"https:\/\/www.freiburg-schwarzwald.de\/blog\/wp-json\/wp\/v2\/users\/4"}],"replies":[{"embeddable":true,"href":"https:\/\/www.freiburg-schwarzwald.de\/blog\/wp-json\/wp\/v2\/comments?post=40427"}],"version-history":[{"count":0,"href":"https:\/\/www.freiburg-schwarzwald.de\/blog\/wp-json\/wp\/v2\/posts\/40427\/revisions"}],"wp:attachment":[{"href":"https:\/\/www.freiburg-schwarzwald.de\/blog\/wp-json\/wp\/v2\/media?parent=40427"}],"wp:term":[{"taxonomy":"category","embeddable":true,"href":"https:\/\/www.freiburg-schwarzwald.de\/blog\/wp-json\/wp\/v2\/categories?post=40427"},{"taxonomy":"post_tag","embeddable":true,"href":"https:\/\/www.freiburg-schwarzwald.de\/blog\/wp-json\/wp\/v2\/tags?post=40427"}],"curies":[{"name":"wp","href":"https:\/\/api.w.org\/{rel}","templated":true}]}}