{"id":40126,"date":"2013-11-07T10:17:32","date_gmt":"2013-11-07T09:17:32","guid":{"rendered":"https:\/\/www.freiburg-schwarzwald.de\/blog\/?p=40126"},"modified":"2013-11-07T10:17:32","modified_gmt":"2013-11-07T09:17:32","slug":"senioren-boerse-behinderung","status":"publish","type":"post","link":"https:\/\/www.freiburg-schwarzwald.de\/blog\/senioren-boerse-behinderung\/","title":{"rendered":"Senioren-Boerse &#8211; Behinderung"},"content":{"rendered":"<p>Am 16.11.2013 findet von 10 bis 16 Uhr ein weiterer Kurs der zweij\u00e4hrigen<a title=\"Behinderung\" href=\"https:\/\/www.freiburg-schwarzwald.de\/blog\/selbsthilfe\/behinderung\/\"> Kontakt- und Partnerb\u00f6rse f\u00fcr Senioren mit geistiger Behinderung<\/a>\u00a0statt. Mit dem Titel \u201eEtwas Neues beginnt\u201c wird die Kursreihe der <a title=\"Caritas\" href=\"https:\/\/www.freiburg-schwarzwald.de\/blog\/religion\/kirchen\/caritas\/\">Caritas<\/a> fortgesetzt, bei denen die Veranstalter <a title=\"Senioren\" href=\"https:\/\/www.freiburg-schwarzwald.de\/blog\/selbsthilfe\/senioren\/\">Senioren<\/a> mit geistiger Behinderung ab 50 Jahren f\u00fcr Themen wie Kontakt, Zuwendung und Freundschaft sensibilisieren m\u00f6chten. <!--more-->Der Kurs findet in den R\u00e4umlichkeiten der Ambulanten Dienste des Caritasverbandes Freiburg-Stadt in der Z\u00e4hringer Str. 11a (Hinterhaus), 79108 Freiburg, statt. Der Kurstag wird durch die Baden-W\u00fcrttemberg Stiftung gef\u00f6rdert und ist deshalb kostenfrei.<br \/>\nKursthemen im Laufe der beiden Jahre sind \u201eBiografiearbeit\u201c, \u201eVerlusterfahrungen\u201c, \u201eWas tr\u00e4gt mich?\u201c, \u201eGemeinsam alt werden \u2013 Ein Tag f\u00fcr Paare\u201c bis hin zu \u201eSexualit\u00e4t im Alter \u2013 darf das sein?\u201c. Anmeldungen nehmen die Kursleiterinnen Jutta Thoma und Monika Dinger, Tel 0761\/20892916, entgegen. Da die Platzzahl beschr\u00e4nkt ist, werden vor Kursbeginn verbindliche Anmeldebest\u00e4tigungen verschickt.<br \/>\n<a href=\"mailto:angelina.rech@caritas-freiburg.de\">angelina.rech@caritas-freiburg.de<\/a><\/p>\n","protected":false},"excerpt":{"rendered":"<p>Am 16.11.2013 findet von 10 bis 16 Uhr ein weiterer Kurs der zweij\u00e4hrigen Kontakt- und Partnerb\u00f6rse f\u00fcr Senioren mit geistiger Behinderung\u00a0statt. Mit dem Titel \u201eEtwas Neues beginnt\u201c wird die Kursreihe der Caritas fortgesetzt, bei denen die Veranstalter Senioren mit geistiger &hellip; <a href=\"https:\/\/www.freiburg-schwarzwald.de\/blog\/senioren-boerse-behinderung\/\">Weiterlesen <span class=\"meta-nav\">&rarr;<\/span><\/a><\/p>\n","protected":false},"author":4,"featured_media":0,"comment_status":"open","ping_status":"closed","sticky":false,"template":"","format":"standard","meta":{"footnotes":""},"categories":[56,18,54,102,9],"tags":[190,531,730,411,25],"class_list":["post-40126","post","type-post","status-publish","format-standard","hentry","category-behinderung","category-bildung","category-ehrenamt","category-senioren","category-soziales","tag-alter","tag-handicap","tag-caritas","tag-kurs","tag-pflegedienst"],"_links":{"self":[{"href":"https:\/\/www.freiburg-schwarzwald.de\/blog\/wp-json\/wp\/v2\/posts\/40126","targetHints":{"allow":["GET"]}}],"collection":[{"href":"https:\/\/www.freiburg-schwarzwald.de\/blog\/wp-json\/wp\/v2\/posts"}],"about":[{"href":"https:\/\/www.freiburg-schwarzwald.de\/blog\/wp-json\/wp\/v2\/types\/post"}],"author":[{"embeddable":true,"href":"https:\/\/www.freiburg-schwarzwald.de\/blog\/wp-json\/wp\/v2\/users\/4"}],"replies":[{"embeddable":true,"href":"https:\/\/www.freiburg-schwarzwald.de\/blog\/wp-json\/wp\/v2\/comments?post=40126"}],"version-history":[{"count":0,"href":"https:\/\/www.freiburg-schwarzwald.de\/blog\/wp-json\/wp\/v2\/posts\/40126\/revisions"}],"wp:attachment":[{"href":"https:\/\/www.freiburg-schwarzwald.de\/blog\/wp-json\/wp\/v2\/media?parent=40126"}],"wp:term":[{"taxonomy":"category","embeddable":true,"href":"https:\/\/www.freiburg-schwarzwald.de\/blog\/wp-json\/wp\/v2\/categories?post=40126"},{"taxonomy":"post_tag","embeddable":true,"href":"https:\/\/www.freiburg-schwarzwald.de\/blog\/wp-json\/wp\/v2\/tags?post=40126"}],"curies":[{"name":"wp","href":"https:\/\/api.w.org\/{rel}","templated":true}]}}